{"id":565040,"date":"2026-09-05T09:47:48","date_gmt":"2026-09-05T14:47:48","guid":{"rendered":"https:\/\/www.medellin.gov.co\/es\/?p=565040"},"modified":"2026-09-05T09:47:48","modified_gmt":"2026-09-05T14:47:48","slug":"autoridades-de-medellin-capturaron-a-cuatro-personas-y-recuperaron-automotores-en-laureles-y-belen","status":"publish","type":"post","link":"https:\/\/www.medellin.gov.co\/es\/sala-de-prensa\/noticias\/autoridades-de-medellin-capturaron-a-cuatro-personas-y-recuperaron-automotores-en-laureles-y-belen\/","title":{"rendered":"Autoridades de Medell\u00edn capturaron a cuatro personas y recuperaron automotores en Laureles y Bel\u00e9n"},"content":{"rendered":"<ul>\n<li>Fueron halladas dos motocicletas y un veh\u00edculo. Adem\u00e1s, se incautaron varias bolsas con sustancias estupefacientes y armas blancas.<\/li>\n<li>Gracias a los controles de la Polic\u00eda y el Ej\u00e9rcito Nacional fueron inmovilizadas 10 motocicletas y se impusieron sanciones a infractores.<\/li>\n<\/ul>\n<!--[if lt IE 9]><script>document.createElement('audio');<\/script><![endif]-->\n\t<div class=\"wp-playlist wp-audio-playlist wp-playlist-light\">\n\t\t\t<div class=\"wp-playlist-current-item\"><\/div>\n\t\t<audio controls=\"controls\" preload=\"none\" width=\"640\"\n\t\t\t><\/audio>\n\t<div class=\"wp-playlist-next\"><\/div>\n\t<div class=\"wp-playlist-prev\"><\/div>\n\t<noscript>\n\t<ol>\n\t\t<li><a href='https:\/\/www.medellin.gov.co\/es\/wp-content\/uploads\/2026\/09\/Declaraciones-del-secretario-de-Seguridad-y-Convivencia-Manuel-Villa-Mejia.mp3'>Declaraciones del secretario de Seguridad y Convivencia, Manuel Villa Mej\u00eda<\/a><\/li>\t<\/ol>\n\t<\/noscript>\n\t<script type=\"application\/json\" class=\"wp-playlist-script\">{\"type\":\"audio\",\"tracklist\":true,\"tracknumbers\":true,\"images\":true,\"artists\":true,\"tracks\":[{\"src\":\"https:\\\/\\\/www.medellin.gov.co\\\/es\\\/wp-content\\\/uploads\\\/2026\\\/09\\\/Declaraciones-del-secretario-de-Seguridad-y-Convivencia-Manuel-Villa-Mejia.mp3\",\"type\":\"audio\\\/mpeg\",\"title\":\"Declaraciones del secretario de Seguridad y Convivencia, Manuel Villa Mej\\u00eda\",\"caption\":\"\",\"description\":\"\\u00abDeclaraciones del secretario de Seguridad y Convivencia, Manuel Villa Mej\\u00eda\\u00bb.\",\"meta\":{\"length_formatted\":\"1:08\"},\"image\":{\"src\":\"https:\\\/\\\/www.medellin.gov.co\\\/es\\\/wp-includes\\\/images\\\/media\\\/audio.png\",\"width\":48,\"height\":64},\"thumb\":{\"src\":\"https:\\\/\\\/www.medellin.gov.co\\\/es\\\/wp-includes\\\/images\\\/media\\\/audio.png\",\"width\":48,\"height\":64}}]}<\/script>\n<\/div>\n\t\n<p>Cuatro personas fueron capturadas en las comunas Laureles y Bel\u00e9n durante una nueva ofensiva contra la criminalidad. La operaci\u00f3n, desarrollada mediante controles de la Polic\u00eda y el Ej\u00e9rcito, tambi\u00e9n permiti\u00f3 recuperar dos motocicletas y un veh\u00edculo que hab\u00edan sido robados, adem\u00e1s de incautar sustancias estupefacientes, armas blancas e inmovilizar diez motocicletas.<\/p>\n<p>Las autoridades intensificaron los controles a personas, motocicletas y veh\u00edculos en sectores de estas comunas, con atenci\u00f3n en zonas identificadas como problem\u00e1ticas y lugares donde se han reportado situaciones que afectan la tranquilidad y la convivencia ciudadana. La presencia institucional busca prevenir la comisi\u00f3n de delitos, detectar comportamientos ilegales y ejercer mayor control territorial.<\/p>\n\n\t\t<style type=\"text\/css\">\n\t\t\t#gallery-1 {\n\t\t\t\tmargin: auto;\n\t\t\t}\n\t\t\t#gallery-1 .gallery-item {\n\t\t\t\tfloat: left;\n\t\t\t\tmargin-top: 10px;\n\t\t\t\ttext-align: center;\n\t\t\t\twidth: 50%;\n\t\t\t}\n\t\t\t#gallery-1 img {\n\t\t\t\tborder: 2px solid #cfcfcf;\n\t\t\t}\n\t\t\t#gallery-1 .gallery-caption {\n\t\t\t\tmargin-left: 0;\n\t\t\t}\n\t\t\t\/* see gallery_shortcode() in wp-includes\/media.php *\/\n\t\t<\/style>\n\t\t<div id='gallery-1' class='gallery galleryid-565040 gallery-columns-2 gallery-size-full'><dl class='gallery-item'>\n\t\t\t<dt class='gallery-icon landscape'>\n\t\t\t\t<a href='https:\/\/www.medellin.gov.co\/es\/sala-de-prensa\/noticias\/autoridades-de-medellin-capturaron-a-cuatro-personas-y-recuperaron-automotores-en-laureles-y-belen\/imagen-autoridades-de-medellin-capturaron-a-cuatro-personas-2\/'><img width=\"1280\" height=\"720\" src=\"https:\/\/www.medellin.gov.co\/es\/wp-content\/uploads\/2026\/09\/Imagen-Autoridades-de-Medellin-capturaron-a-cuatro-personas-2.jpg\" class=\"attachment-full size-full\" alt=\"Imagen Autoridades de Medell\u00edn capturaron a cuatro personas (2)\" loading=\"lazy\" srcset=\"https:\/\/www.medellin.gov.co\/es\/wp-content\/uploads\/2026\/09\/Imagen-Autoridades-de-Medellin-capturaron-a-cuatro-personas-2.jpg 1280w, https:\/\/www.medellin.gov.co\/es\/wp-content\/uploads\/2026\/09\/Imagen-Autoridades-de-Medellin-capturaron-a-cuatro-personas-2-300x169.jpg 300w, https:\/\/www.medellin.gov.co\/es\/wp-content\/uploads\/2026\/09\/Imagen-Autoridades-de-Medellin-capturaron-a-cuatro-personas-2-1024x576.jpg 1024w, https:\/\/www.medellin.gov.co\/es\/wp-content\/uploads\/2026\/09\/Imagen-Autoridades-de-Medellin-capturaron-a-cuatro-personas-2-150x84.jpg 150w, https:\/\/www.medellin.gov.co\/es\/wp-content\/uploads\/2026\/09\/Imagen-Autoridades-de-Medellin-capturaron-a-cuatro-personas-2-768x432.jpg 768w\" sizes=\"(max-width: 1280px) 100vw, 1280px\" \/><\/a>\n\t\t\t<\/dt><\/dl><dl class='gallery-item'>\n\t\t\t<dt class='gallery-icon landscape'>\n\t\t\t\t<a href='https:\/\/www.medellin.gov.co\/es\/sala-de-prensa\/noticias\/autoridades-de-medellin-capturaron-a-cuatro-personas-y-recuperaron-automotores-en-laureles-y-belen\/imagen-autoridades-de-medellin-capturaron-a-cuatro-personas-3\/'><img width=\"1280\" height=\"720\" src=\"https:\/\/www.medellin.gov.co\/es\/wp-content\/uploads\/2026\/09\/Imagen-Autoridades-de-Medellin-capturaron-a-cuatro-personas-3.jpg\" class=\"attachment-full size-full\" alt=\"Imagen Autoridades de Medell\u00edn capturaron a cuatro personas (2)\" loading=\"lazy\" srcset=\"https:\/\/www.medellin.gov.co\/es\/wp-content\/uploads\/2026\/09\/Imagen-Autoridades-de-Medellin-capturaron-a-cuatro-personas-3.jpg 1280w, https:\/\/www.medellin.gov.co\/es\/wp-content\/uploads\/2026\/09\/Imagen-Autoridades-de-Medellin-capturaron-a-cuatro-personas-3-300x169.jpg 300w, https:\/\/www.medellin.gov.co\/es\/wp-content\/uploads\/2026\/09\/Imagen-Autoridades-de-Medellin-capturaron-a-cuatro-personas-3-1024x576.jpg 1024w, https:\/\/www.medellin.gov.co\/es\/wp-content\/uploads\/2026\/09\/Imagen-Autoridades-de-Medellin-capturaron-a-cuatro-personas-3-150x84.jpg 150w, https:\/\/www.medellin.gov.co\/es\/wp-content\/uploads\/2026\/09\/Imagen-Autoridades-de-Medellin-capturaron-a-cuatro-personas-3-768x432.jpg 768w\" sizes=\"(max-width: 1280px) 100vw, 1280px\" \/><\/a>\n\t\t\t<\/dt><\/dl><br style=\"clear: both\" \/><dl class='gallery-item'>\n\t\t\t<dt class='gallery-icon landscape'>\n\t\t\t\t<a href='https:\/\/www.medellin.gov.co\/es\/sala-de-prensa\/noticias\/autoridades-de-medellin-capturaron-a-cuatro-personas-y-recuperaron-automotores-en-laureles-y-belen\/imagen-autoridades-de-medellin-capturaron-a-cuatro-personas-4\/'><img width=\"1280\" height=\"720\" src=\"https:\/\/www.medellin.gov.co\/es\/wp-content\/uploads\/2026\/09\/Imagen-Autoridades-de-Medellin-capturaron-a-cuatro-personas-4.jpg\" class=\"attachment-full size-full\" alt=\"Imagen Autoridades de Medell\u00edn capturaron a cuatro personas (2)\" loading=\"lazy\" srcset=\"https:\/\/www.medellin.gov.co\/es\/wp-content\/uploads\/2026\/09\/Imagen-Autoridades-de-Medellin-capturaron-a-cuatro-personas-4.jpg 1280w, https:\/\/www.medellin.gov.co\/es\/wp-content\/uploads\/2026\/09\/Imagen-Autoridades-de-Medellin-capturaron-a-cuatro-personas-4-300x169.jpg 300w, https:\/\/www.medellin.gov.co\/es\/wp-content\/uploads\/2026\/09\/Imagen-Autoridades-de-Medellin-capturaron-a-cuatro-personas-4-1024x576.jpg 1024w, https:\/\/www.medellin.gov.co\/es\/wp-content\/uploads\/2026\/09\/Imagen-Autoridades-de-Medellin-capturaron-a-cuatro-personas-4-150x84.jpg 150w, https:\/\/www.medellin.gov.co\/es\/wp-content\/uploads\/2026\/09\/Imagen-Autoridades-de-Medellin-capturaron-a-cuatro-personas-4-768x432.jpg 768w\" sizes=\"(max-width: 1280px) 100vw, 1280px\" \/><\/a>\n\t\t\t<\/dt><\/dl><dl class='gallery-item'>\n\t\t\t<dt class='gallery-icon landscape'>\n\t\t\t\t<a href='https:\/\/www.medellin.gov.co\/es\/sala-de-prensa\/noticias\/autoridades-de-medellin-capturaron-a-cuatro-personas-y-recuperaron-automotores-en-laureles-y-belen\/imagen-autoridades-de-medellin-capturaron-a-cuatro-personas-5\/'><img width=\"1280\" height=\"720\" src=\"https:\/\/www.medellin.gov.co\/es\/wp-content\/uploads\/2026\/09\/Imagen-Autoridades-de-Medellin-capturaron-a-cuatro-personas-5.jpg\" class=\"attachment-full size-full\" alt=\"Imagen Autoridades de Medell\u00edn capturaron a cuatro personas (2)\" loading=\"lazy\" srcset=\"https:\/\/www.medellin.gov.co\/es\/wp-content\/uploads\/2026\/09\/Imagen-Autoridades-de-Medellin-capturaron-a-cuatro-personas-5.jpg 1280w, https:\/\/www.medellin.gov.co\/es\/wp-content\/uploads\/2026\/09\/Imagen-Autoridades-de-Medellin-capturaron-a-cuatro-personas-5-300x169.jpg 300w, https:\/\/www.medellin.gov.co\/es\/wp-content\/uploads\/2026\/09\/Imagen-Autoridades-de-Medellin-capturaron-a-cuatro-personas-5-1024x576.jpg 1024w, https:\/\/www.medellin.gov.co\/es\/wp-content\/uploads\/2026\/09\/Imagen-Autoridades-de-Medellin-capturaron-a-cuatro-personas-5-150x84.jpg 150w, https:\/\/www.medellin.gov.co\/es\/wp-content\/uploads\/2026\/09\/Imagen-Autoridades-de-Medellin-capturaron-a-cuatro-personas-5-768x432.jpg 768w\" sizes=\"(max-width: 1280px) 100vw, 1280px\" \/><\/a>\n\t\t\t<\/dt><\/dl><br style=\"clear: both\" \/>\n\t\t<\/div>\n\n<p><em>\u201cLa seguridad se construye con presencia en los territorios y con resultados concretos. Estamos llevando las capacidades de nuestras autoridades a los sectores donde la ciudadan\u00eda necesita mayor tranquilidad, realizando controles y actuando frente a quienes pretendan alterar la seguridad de Medell\u00edn\u201d<\/em>, se\u00f1al\u00f3 el secretario de Seguridad y Convivencia, Manuel Villa Mej\u00eda.<\/p>\n<p>Durante el procedimiento fueron verificados los antecedentes y la situaci\u00f3n jur\u00eddica de personas y veh\u00edculos, lo que permiti\u00f3 detectar las motocicletas y el autom\u00f3vil que hab\u00edan sido reportados como robados. Asimismo, se encontraron varias bolsas con sustancias estupefacientes y armas blancas.<\/p>\n\n\t\t<style type=\"text\/css\">\n\t\t\t#gallery-2 {\n\t\t\t\tmargin: auto;\n\t\t\t}\n\t\t\t#gallery-2 .gallery-item {\n\t\t\t\tfloat: left;\n\t\t\t\tmargin-top: 10px;\n\t\t\t\ttext-align: center;\n\t\t\t\twidth: 50%;\n\t\t\t}\n\t\t\t#gallery-2 img {\n\t\t\t\tborder: 2px solid #cfcfcf;\n\t\t\t}\n\t\t\t#gallery-2 .gallery-caption {\n\t\t\t\tmargin-left: 0;\n\t\t\t}\n\t\t\t\/* see gallery_shortcode() in wp-includes\/media.php *\/\n\t\t<\/style>\n\t\t<div id='gallery-2' class='gallery galleryid-565040 gallery-columns-2 gallery-size-full'><dl class='gallery-item'>\n\t\t\t<dt class='gallery-icon landscape'>\n\t\t\t\t<a href='https:\/\/www.medellin.gov.co\/es\/sala-de-prensa\/noticias\/autoridades-de-medellin-capturaron-a-cuatro-personas-y-recuperaron-automotores-en-laureles-y-belen\/imagen-autoridades-de-medellin-capturaron-a-cuatro-personas-6\/'><img width=\"1280\" height=\"720\" src=\"https:\/\/www.medellin.gov.co\/es\/wp-content\/uploads\/2026\/09\/Imagen-Autoridades-de-Medellin-capturaron-a-cuatro-personas-6.jpg\" class=\"attachment-full size-full\" alt=\"Imagen Autoridades de Medell\u00edn capturaron a cuatro personas (2)\" loading=\"lazy\" srcset=\"https:\/\/www.medellin.gov.co\/es\/wp-content\/uploads\/2026\/09\/Imagen-Autoridades-de-Medellin-capturaron-a-cuatro-personas-6.jpg 1280w, https:\/\/www.medellin.gov.co\/es\/wp-content\/uploads\/2026\/09\/Imagen-Autoridades-de-Medellin-capturaron-a-cuatro-personas-6-300x169.jpg 300w, https:\/\/www.medellin.gov.co\/es\/wp-content\/uploads\/2026\/09\/Imagen-Autoridades-de-Medellin-capturaron-a-cuatro-personas-6-1024x576.jpg 1024w, https:\/\/www.medellin.gov.co\/es\/wp-content\/uploads\/2026\/09\/Imagen-Autoridades-de-Medellin-capturaron-a-cuatro-personas-6-150x84.jpg 150w, https:\/\/www.medellin.gov.co\/es\/wp-content\/uploads\/2026\/09\/Imagen-Autoridades-de-Medellin-capturaron-a-cuatro-personas-6-768x432.jpg 768w\" sizes=\"(max-width: 1280px) 100vw, 1280px\" \/><\/a>\n\t\t\t<\/dt><\/dl><dl class='gallery-item'>\n\t\t\t<dt class='gallery-icon landscape'>\n\t\t\t\t<a href='https:\/\/www.medellin.gov.co\/es\/sala-de-prensa\/noticias\/autoridades-de-medellin-capturaron-a-cuatro-personas-y-recuperaron-automotores-en-laureles-y-belen\/imagen-autoridades-de-medellin-capturaron-a-cuatro-personas-7\/'><img width=\"1280\" height=\"720\" src=\"https:\/\/www.medellin.gov.co\/es\/wp-content\/uploads\/2026\/09\/Imagen-Autoridades-de-Medellin-capturaron-a-cuatro-personas-7.jpg\" class=\"attachment-full size-full\" alt=\"Imagen Autoridades de Medell\u00edn capturaron a cuatro personas (2)\" loading=\"lazy\" srcset=\"https:\/\/www.medellin.gov.co\/es\/wp-content\/uploads\/2026\/09\/Imagen-Autoridades-de-Medellin-capturaron-a-cuatro-personas-7.jpg 1280w, https:\/\/www.medellin.gov.co\/es\/wp-content\/uploads\/2026\/09\/Imagen-Autoridades-de-Medellin-capturaron-a-cuatro-personas-7-300x169.jpg 300w, https:\/\/www.medellin.gov.co\/es\/wp-content\/uploads\/2026\/09\/Imagen-Autoridades-de-Medellin-capturaron-a-cuatro-personas-7-1024x576.jpg 1024w, https:\/\/www.medellin.gov.co\/es\/wp-content\/uploads\/2026\/09\/Imagen-Autoridades-de-Medellin-capturaron-a-cuatro-personas-7-150x84.jpg 150w, https:\/\/www.medellin.gov.co\/es\/wp-content\/uploads\/2026\/09\/Imagen-Autoridades-de-Medellin-capturaron-a-cuatro-personas-7-768x432.jpg 768w\" sizes=\"(max-width: 1280px) 100vw, 1280px\" \/><\/a>\n\t\t\t<\/dt><\/dl><br style=\"clear: both\" \/>\n\t\t<\/div>\n\n<p><em>\u201cCuando vimos que el carro hab\u00eda desaparecido fue un momento de angustia, pero llamamos al 123 y, gracias al GPS, la Polic\u00eda logr\u00f3 recuperarlo r\u00e1pidamente. Yo ya lo daba por perdido; recuperarlo nos devolvi\u00f3 el alma\u201d<\/em>, expres\u00f3 Lady Tatiana Valencia Pulgar\u00edn, v\u00edctima.<\/p>\n<p>Las personas capturadas quedaron a disposici\u00f3n de las autoridades competentes para avanzar en los respectivos procesos de judicializaci\u00f3n y determinar su responsabilidad frente a los hechos que motivaron su captura. De igual manera, continuar\u00e1n las verificaciones relacionadas con los veh\u00edculos recuperados y los elementos incautados.<\/p>\n\n\t\t<style type=\"text\/css\">\n\t\t\t#gallery-3 {\n\t\t\t\tmargin: auto;\n\t\t\t}\n\t\t\t#gallery-3 .gallery-item {\n\t\t\t\tfloat: left;\n\t\t\t\tmargin-top: 10px;\n\t\t\t\ttext-align: center;\n\t\t\t\twidth: 50%;\n\t\t\t}\n\t\t\t#gallery-3 img {\n\t\t\t\tborder: 2px solid #cfcfcf;\n\t\t\t}\n\t\t\t#gallery-3 .gallery-caption {\n\t\t\t\tmargin-left: 0;\n\t\t\t}\n\t\t\t\/* see gallery_shortcode() in wp-includes\/media.php *\/\n\t\t<\/style>\n\t\t<div id='gallery-3' class='gallery galleryid-565040 gallery-columns-2 gallery-size-full'><dl class='gallery-item'>\n\t\t\t<dt class='gallery-icon landscape'>\n\t\t\t\t<a href='https:\/\/www.medellin.gov.co\/es\/sala-de-prensa\/noticias\/autoridades-de-medellin-capturaron-a-cuatro-personas-y-recuperaron-automotores-en-laureles-y-belen\/imagen-autoridades-de-medellin-capturaron-a-cuatro-personas-8\/'><img width=\"1280\" height=\"720\" src=\"https:\/\/www.medellin.gov.co\/es\/wp-content\/uploads\/2026\/09\/Imagen-Autoridades-de-Medellin-capturaron-a-cuatro-personas-8.jpg\" class=\"attachment-full size-full\" alt=\"Imagen Autoridades de Medell\u00edn capturaron a cuatro personas (2)\" loading=\"lazy\" srcset=\"https:\/\/www.medellin.gov.co\/es\/wp-content\/uploads\/2026\/09\/Imagen-Autoridades-de-Medellin-capturaron-a-cuatro-personas-8.jpg 1280w, https:\/\/www.medellin.gov.co\/es\/wp-content\/uploads\/2026\/09\/Imagen-Autoridades-de-Medellin-capturaron-a-cuatro-personas-8-300x169.jpg 300w, https:\/\/www.medellin.gov.co\/es\/wp-content\/uploads\/2026\/09\/Imagen-Autoridades-de-Medellin-capturaron-a-cuatro-personas-8-1024x576.jpg 1024w, https:\/\/www.medellin.gov.co\/es\/wp-content\/uploads\/2026\/09\/Imagen-Autoridades-de-Medellin-capturaron-a-cuatro-personas-8-150x84.jpg 150w, https:\/\/www.medellin.gov.co\/es\/wp-content\/uploads\/2026\/09\/Imagen-Autoridades-de-Medellin-capturaron-a-cuatro-personas-8-768x432.jpg 768w\" sizes=\"(max-width: 1280px) 100vw, 1280px\" \/><\/a>\n\t\t\t<\/dt><\/dl><dl class='gallery-item'>\n\t\t\t<dt class='gallery-icon landscape'>\n\t\t\t\t<a href='https:\/\/www.medellin.gov.co\/es\/sala-de-prensa\/noticias\/autoridades-de-medellin-capturaron-a-cuatro-personas-y-recuperaron-automotores-en-laureles-y-belen\/imagen-autoridades-de-medellin-capturaron-a-cuatro-personas-9\/'><img width=\"1280\" height=\"720\" src=\"https:\/\/www.medellin.gov.co\/es\/wp-content\/uploads\/2026\/09\/Imagen-Autoridades-de-Medellin-capturaron-a-cuatro-personas-9.jpg\" class=\"attachment-full size-full\" alt=\"Imagen Autoridades de Medell\u00edn capturaron a cuatro personas (2)\" loading=\"lazy\" srcset=\"https:\/\/www.medellin.gov.co\/es\/wp-content\/uploads\/2026\/09\/Imagen-Autoridades-de-Medellin-capturaron-a-cuatro-personas-9.jpg 1280w, https:\/\/www.medellin.gov.co\/es\/wp-content\/uploads\/2026\/09\/Imagen-Autoridades-de-Medellin-capturaron-a-cuatro-personas-9-300x169.jpg 300w, https:\/\/www.medellin.gov.co\/es\/wp-content\/uploads\/2026\/09\/Imagen-Autoridades-de-Medellin-capturaron-a-cuatro-personas-9-1024x576.jpg 1024w, https:\/\/www.medellin.gov.co\/es\/wp-content\/uploads\/2026\/09\/Imagen-Autoridades-de-Medellin-capturaron-a-cuatro-personas-9-150x84.jpg 150w, https:\/\/www.medellin.gov.co\/es\/wp-content\/uploads\/2026\/09\/Imagen-Autoridades-de-Medellin-capturaron-a-cuatro-personas-9-768x432.jpg 768w\" sizes=\"(max-width: 1280px) 100vw, 1280px\" \/><\/a>\n\t\t\t<\/dt><\/dl><br style=\"clear: both\" \/>\n\t\t<\/div>\n\n<p>Las autoridades anunciaron que este tipo de intervenciones continuar\u00e1 en Laureles, Bel\u00e9n y otros sectores como parte de la estrategia de control territorial, prevenci\u00f3n del delito y lucha frontal contra las actividades ilegales. La presencia de la Polic\u00eda, el Ej\u00e9rcito y las instituciones de seguridad continuar\u00e1 en los lugares donde la ciudadan\u00eda requiere una respuesta inmediata y contundente.<\/p>\n","protected":false},"excerpt":{"rendered":"<p>Fueron halladas dos motocicletas y un veh\u00edculo. Adem\u00e1s, se incautaron varias bolsas con sustancias estupefacientes y armas blancas. Gracias a los controles de la Polic\u00eda y el Ej\u00e9rcito Nacional fueron inmovilizadas 10 motocicletas y se &#8230;<\/p>\n","protected":false},"author":97,"featured_media":0,"comment_status":"open","ping_status":"open","sticky":false,"template":"","format":"standard","meta":[],"categories":[21],"tags":[619],"formato_nota":[],"programas_tax":[],"acf":[],"_links":{"self":[{"href":"https:\/\/www.medellin.gov.co\/es\/wp-json\/wp\/v2\/posts\/565040"}],"collection":[{"href":"https:\/\/www.medellin.gov.co\/es\/wp-json\/wp\/v2\/posts"}],"about":[{"href":"https:\/\/www.medellin.gov.co\/es\/wp-json\/wp\/v2\/types\/post"}],"author":[{"embeddable":true,"href":"https:\/\/www.medellin.gov.co\/es\/wp-json\/wp\/v2\/users\/97"}],"replies":[{"embeddable":true,"href":"https:\/\/www.medellin.gov.co\/es\/wp-json\/wp\/v2\/comments?post=565040"}],"version-history":[{"count":1,"href":"https:\/\/www.medellin.gov.co\/es\/wp-json\/wp\/v2\/posts\/565040\/revisions"}],"predecessor-version":[{"id":565055,"href":"https:\/\/www.medellin.gov.co\/es\/wp-json\/wp\/v2\/posts\/565040\/revisions\/565055"}],"wp:attachment":[{"href":"https:\/\/www.medellin.gov.co\/es\/wp-json\/wp\/v2\/media?parent=565040"}],"wp:term":[{"taxonomy":"category","embeddable":true,"href":"https:\/\/www.medellin.gov.co\/es\/wp-json\/wp\/v2\/categories?post=565040"},{"taxonomy":"post_tag","embeddable":true,"href":"https:\/\/www.medellin.gov.co\/es\/wp-json\/wp\/v2\/tags?post=565040"},{"taxonomy":"formato_nota","embeddable":true,"href":"https:\/\/www.medellin.gov.co\/es\/wp-json\/wp\/v2\/formato_nota?post=565040"},{"taxonomy":"programas_tax","embeddable":true,"href":"https:\/\/www.medellin.gov.co\/es\/wp-json\/wp\/v2\/programas_tax?post=565040"}],"curies":[{"name":"wp","href":"https:\/\/api.w.org\/{rel}","templated":true}]}}