{"id":565057,"date":"2026-09-05T10:45:51","date_gmt":"2026-09-05T15:45:51","guid":{"rendered":"https:\/\/www.medellin.gov.co\/es\/?p=565057"},"modified":"2026-09-05T10:45:51","modified_gmt":"2026-09-05T15:45:51","slug":"familias-de-medellin-financian-hasta-por-10-anos-su-conexion-a-acueducto-y-alcantarillado","status":"publish","type":"post","link":"https:\/\/www.medellin.gov.co\/es\/sala-de-prensa\/noticias\/familias-de-medellin-financian-hasta-por-10-anos-su-conexion-a-acueducto-y-alcantarillado\/","title":{"rendered":"Familias de Medell\u00edn financian hasta por 10 a\u00f1os su conexi\u00f3n a acueducto y alcantarillado"},"content":{"rendered":"<ul>\n<li>A la fecha, 100 hogares han accedido a facilidades de pago a trav\u00e9s de la l\u00ednea Habilitaci\u00f3n Vivienda.<\/li>\n<\/ul>\n<!--[if lt IE 9]><script>document.createElement('audio');<\/script><![endif]-->\n\t<div class=\"wp-playlist wp-audio-playlist wp-playlist-light\">\n\t\t\t<div class=\"wp-playlist-current-item\"><\/div>\n\t\t<audio controls=\"controls\" preload=\"none\" width=\"640\"\n\t\t\t><\/audio>\n\t<div class=\"wp-playlist-next\"><\/div>\n\t<div class=\"wp-playlist-prev\"><\/div>\n\t<noscript>\n\t<ol>\n\t\t<li><a href='https:\/\/www.medellin.gov.co\/es\/wp-content\/uploads\/2026\/09\/Declaraciones-del-Duber-Orley-Restrepo-beneficiario.mp3'>Declaraciones del Duber Orley Restrepo, beneficiario<\/a><\/li><li><a href='https:\/\/www.medellin.gov.co\/es\/wp-content\/uploads\/2026\/09\/Declaraciones-del-secretario-de-Gestion-y-Control-Territorial-Juan-Manuel-Velasquez-Correa-1.mp3'>Declaraciones del secretario de Gesti\u00f3n y Control Territorial, Juan Manuel Vel\u00e1squez Correa<\/a><\/li>\t<\/ol>\n\t<\/noscript>\n\t<script type=\"application\/json\" class=\"wp-playlist-script\">{\"type\":\"audio\",\"tracklist\":true,\"tracknumbers\":true,\"images\":true,\"artists\":true,\"tracks\":[{\"src\":\"https:\\\/\\\/www.medellin.gov.co\\\/es\\\/wp-content\\\/uploads\\\/2026\\\/09\\\/Declaraciones-del-Duber-Orley-Restrepo-beneficiario.mp3\",\"type\":\"audio\\\/mpeg\",\"title\":\"Declaraciones del Duber Orley Restrepo, beneficiario\",\"caption\":\"\",\"description\":\"\\u00abDeclaraciones del Duber Orley Restrepo, beneficiario\\u00bb. Lanzamiento: 2026. G\\u00e9nero: Blues.\",\"meta\":{\"genre\":\"Blues\",\"year\":\"2026\",\"length_formatted\":\"0:30\"},\"image\":{\"src\":\"https:\\\/\\\/www.medellin.gov.co\\\/es\\\/wp-includes\\\/images\\\/media\\\/audio.png\",\"width\":48,\"height\":64},\"thumb\":{\"src\":\"https:\\\/\\\/www.medellin.gov.co\\\/es\\\/wp-includes\\\/images\\\/media\\\/audio.png\",\"width\":48,\"height\":64}},{\"src\":\"https:\\\/\\\/www.medellin.gov.co\\\/es\\\/wp-content\\\/uploads\\\/2026\\\/09\\\/Declaraciones-del-secretario-de-Gestion-y-Control-Territorial-Juan-Manuel-Velasquez-Correa-1.mp3\",\"type\":\"audio\\\/mpeg\",\"title\":\"Declaraciones del secretario de Gesti\\u00f3n y Control Territorial, Juan Manuel Vel\\u00e1squez Correa\",\"caption\":\"\",\"description\":\"\\u00abDeclaraciones del secretario de Gesti\\u00f3n y Control Territorial, Juan Manuel Vel\\u00e1squez Correa\\u00bb. Lanzamiento: 2026. G\\u00e9nero: Blues.\",\"meta\":{\"genre\":\"Blues\",\"year\":\"2026\",\"length_formatted\":\"0:55\"},\"image\":{\"src\":\"https:\\\/\\\/www.medellin.gov.co\\\/es\\\/wp-includes\\\/images\\\/media\\\/audio.png\",\"width\":48,\"height\":64},\"thumb\":{\"src\":\"https:\\\/\\\/www.medellin.gov.co\\\/es\\\/wp-includes\\\/images\\\/media\\\/audio.png\",\"width\":48,\"height\":64}}]}<\/script>\n<\/div>\n\t\n<p>Las familias de estratos 1, 2 y 3 de Medell\u00edn, sin conexi\u00f3n formal a acueducto o alcantarillado, tienen una alternativa para acceder a estos servicios sin pagar inmediatamente el valor de la conexi\u00f3n. A trav\u00e9s de Unidos por el Agua, programa de la Administraci\u00f3n Distrital y EPM, se extienden las redes hasta sectores donde todav\u00eda no llegan estos beneficios.<\/p>\n<p>Esto es posible mediante una de las l\u00edneas del programa denominada Habilitaci\u00f3n Vivienda, dirigida a sectores donde EPM puede prestar estos servicios y en los que es posible tener redes de manera formal. Esta modalidad permite extender las redes de acueducto y alcantarillado sobre las v\u00edas de estas zonas para conectar viviendas que no cuentan con la cobertura y garantizarles acceso a agua potable y soluciones de saneamiento.<\/p>\n\n\t\t<style type=\"text\/css\">\n\t\t\t#gallery-1 {\n\t\t\t\tmargin: auto;\n\t\t\t}\n\t\t\t#gallery-1 .gallery-item {\n\t\t\t\tfloat: left;\n\t\t\t\tmargin-top: 10px;\n\t\t\t\ttext-align: center;\n\t\t\t\twidth: 50%;\n\t\t\t}\n\t\t\t#gallery-1 img {\n\t\t\t\tborder: 2px solid #cfcfcf;\n\t\t\t}\n\t\t\t#gallery-1 .gallery-caption {\n\t\t\t\tmargin-left: 0;\n\t\t\t}\n\t\t\t\/* see gallery_shortcode() in wp-includes\/media.php *\/\n\t\t<\/style>\n\t\t<div id='gallery-1' class='gallery galleryid-565057 gallery-columns-2 gallery-size-full'><dl class='gallery-item'>\n\t\t\t<dt class='gallery-icon landscape'>\n\t\t\t\t<a href='https:\/\/www.medellin.gov.co\/es\/sala-de-prensa\/noticias\/familias-de-medellin-financian-hasta-por-10-anos-su-conexion-a-acueducto-y-alcantarillado\/imagen-conexion-a-acueducto-y-alcantarillado-1\/'><img width=\"1280\" height=\"720\" src=\"https:\/\/www.medellin.gov.co\/es\/wp-content\/uploads\/2026\/09\/Imagen-conexion-a-acueducto-y-alcantarillado-1.jpg\" class=\"attachment-full size-full\" alt=\"Imagen conexi\u00f3n a acueducto y alcantarillado\" loading=\"lazy\" srcset=\"https:\/\/www.medellin.gov.co\/es\/wp-content\/uploads\/2026\/09\/Imagen-conexion-a-acueducto-y-alcantarillado-1.jpg 1280w, https:\/\/www.medellin.gov.co\/es\/wp-content\/uploads\/2026\/09\/Imagen-conexion-a-acueducto-y-alcantarillado-1-300x169.jpg 300w, https:\/\/www.medellin.gov.co\/es\/wp-content\/uploads\/2026\/09\/Imagen-conexion-a-acueducto-y-alcantarillado-1-1024x576.jpg 1024w, https:\/\/www.medellin.gov.co\/es\/wp-content\/uploads\/2026\/09\/Imagen-conexion-a-acueducto-y-alcantarillado-1-150x84.jpg 150w, https:\/\/www.medellin.gov.co\/es\/wp-content\/uploads\/2026\/09\/Imagen-conexion-a-acueducto-y-alcantarillado-1-768x432.jpg 768w\" sizes=\"(max-width: 1280px) 100vw, 1280px\" \/><\/a>\n\t\t\t<\/dt><\/dl><dl class='gallery-item'>\n\t\t\t<dt class='gallery-icon landscape'>\n\t\t\t\t<a href='https:\/\/www.medellin.gov.co\/es\/sala-de-prensa\/noticias\/familias-de-medellin-financian-hasta-por-10-anos-su-conexion-a-acueducto-y-alcantarillado\/imagen-conexion-a-acueducto-y-alcantarillado-2\/'><img width=\"1280\" height=\"720\" src=\"https:\/\/www.medellin.gov.co\/es\/wp-content\/uploads\/2026\/09\/Imagen-conexion-a-acueducto-y-alcantarillado-2.jpg\" class=\"attachment-full size-full\" alt=\"Imagen conexi\u00f3n a acueducto y alcantarillado\" loading=\"lazy\" srcset=\"https:\/\/www.medellin.gov.co\/es\/wp-content\/uploads\/2026\/09\/Imagen-conexion-a-acueducto-y-alcantarillado-2.jpg 1280w, https:\/\/www.medellin.gov.co\/es\/wp-content\/uploads\/2026\/09\/Imagen-conexion-a-acueducto-y-alcantarillado-2-300x169.jpg 300w, https:\/\/www.medellin.gov.co\/es\/wp-content\/uploads\/2026\/09\/Imagen-conexion-a-acueducto-y-alcantarillado-2-1024x576.jpg 1024w, https:\/\/www.medellin.gov.co\/es\/wp-content\/uploads\/2026\/09\/Imagen-conexion-a-acueducto-y-alcantarillado-2-150x84.jpg 150w, https:\/\/www.medellin.gov.co\/es\/wp-content\/uploads\/2026\/09\/Imagen-conexion-a-acueducto-y-alcantarillado-2-768x432.jpg 768w\" sizes=\"(max-width: 1280px) 100vw, 1280px\" \/><\/a>\n\t\t\t<\/dt><\/dl><br style=\"clear: both\" \/>\n\t\t<\/div>\n\n<p><em>\u201cAntes de la vinculaci\u00f3n, cada familia conoce cu\u00e1nto cuesta su conexi\u00f3n, c\u00f3mo financiarla y cu\u00e1l ser\u00eda el valor de sus cuotas. Adem\u00e1s, con esta l\u00ednea podemos llegar a calles, callejones y peque\u00f1os sectores donde todav\u00eda faltan las redes y dar una soluci\u00f3n. Lo que buscamos es facilitarles el proceso y que el costo no sea un impedimento\u201d, <\/em>explic\u00f3 el secretario de Gesti\u00f3n y Control Territorial, Juan Manuel Vel\u00e1squez Correa.<\/p>\n<p>A partir de septiembre de 2026, el valor establecido para la acometida de acueducto ser\u00e1 de $1.776.902 y para la de alcantarillado de $1.524.129. Cada servicio se financia por separado y los plazos pueden ser de 36, 84 o hasta 120 meses, seg\u00fan el valor que le corresponda a cada hogar. Por ejemplo, la conexi\u00f3n de acueducto puede financiarse hasta en 10 a\u00f1os a trav\u00e9s de la factura de EPM.<\/p>\n<p>Otra de las ventajas es que la familia paga un valor establecido por la conexi\u00f3n, sin importar la distancia entre su vivienda y la red principal. En acueducto, este valor, incluye la caja del medidor, la llave de paso y la tuber\u00eda para conectar la vivienda. El valor del medidor ser\u00e1 cobrado de acuerdo con lo estipulado en el art\u00edculo 11 del Decreto de Precios y podr\u00eda oscilar entre $250.000 y $350.000. En alcantarillado, se incluye la caja de inspecci\u00f3n, la tuber\u00eda y sus accesorios. Adem\u00e1s, cuando varias casas comparten la acometida, el costo puede dividirse.<\/p>\n\n\t\t<style type=\"text\/css\">\n\t\t\t#gallery-2 {\n\t\t\t\tmargin: auto;\n\t\t\t}\n\t\t\t#gallery-2 .gallery-item {\n\t\t\t\tfloat: left;\n\t\t\t\tmargin-top: 10px;\n\t\t\t\ttext-align: center;\n\t\t\t\twidth: 33%;\n\t\t\t}\n\t\t\t#gallery-2 img {\n\t\t\t\tborder: 2px solid #cfcfcf;\n\t\t\t}\n\t\t\t#gallery-2 .gallery-caption {\n\t\t\t\tmargin-left: 0;\n\t\t\t}\n\t\t\t\/* see gallery_shortcode() in wp-includes\/media.php *\/\n\t\t<\/style>\n\t\t<div id='gallery-2' class='gallery galleryid-565057 gallery-columns-3 gallery-size-full'><dl class='gallery-item'>\n\t\t\t<dt class='gallery-icon landscape'>\n\t\t\t\t<a href='https:\/\/www.medellin.gov.co\/es\/sala-de-prensa\/noticias\/familias-de-medellin-financian-hasta-por-10-anos-su-conexion-a-acueducto-y-alcantarillado\/imagen-conexion-a-acueducto-y-alcantarillado-3\/'><img width=\"1280\" height=\"720\" src=\"https:\/\/www.medellin.gov.co\/es\/wp-content\/uploads\/2026\/09\/Imagen-conexion-a-acueducto-y-alcantarillado-3.jpg\" class=\"attachment-full size-full\" alt=\"Imagen conexi\u00f3n a acueducto y alcantarillado\" loading=\"lazy\" srcset=\"https:\/\/www.medellin.gov.co\/es\/wp-content\/uploads\/2026\/09\/Imagen-conexion-a-acueducto-y-alcantarillado-3.jpg 1280w, https:\/\/www.medellin.gov.co\/es\/wp-content\/uploads\/2026\/09\/Imagen-conexion-a-acueducto-y-alcantarillado-3-300x169.jpg 300w, https:\/\/www.medellin.gov.co\/es\/wp-content\/uploads\/2026\/09\/Imagen-conexion-a-acueducto-y-alcantarillado-3-1024x576.jpg 1024w, https:\/\/www.medellin.gov.co\/es\/wp-content\/uploads\/2026\/09\/Imagen-conexion-a-acueducto-y-alcantarillado-3-150x84.jpg 150w, https:\/\/www.medellin.gov.co\/es\/wp-content\/uploads\/2026\/09\/Imagen-conexion-a-acueducto-y-alcantarillado-3-768x432.jpg 768w\" sizes=\"(max-width: 1280px) 100vw, 1280px\" \/><\/a>\n\t\t\t<\/dt><\/dl><dl class='gallery-item'>\n\t\t\t<dt class='gallery-icon landscape'>\n\t\t\t\t<a href='https:\/\/www.medellin.gov.co\/es\/sala-de-prensa\/noticias\/familias-de-medellin-financian-hasta-por-10-anos-su-conexion-a-acueducto-y-alcantarillado\/imagen-conexion-a-acueducto-y-alcantarillado-4\/'><img width=\"1280\" height=\"720\" src=\"https:\/\/www.medellin.gov.co\/es\/wp-content\/uploads\/2026\/09\/Imagen-conexion-a-acueducto-y-alcantarillado-4.jpg\" class=\"attachment-full size-full\" alt=\"Imagen conexi\u00f3n a acueducto y alcantarillado\" loading=\"lazy\" srcset=\"https:\/\/www.medellin.gov.co\/es\/wp-content\/uploads\/2026\/09\/Imagen-conexion-a-acueducto-y-alcantarillado-4.jpg 1280w, https:\/\/www.medellin.gov.co\/es\/wp-content\/uploads\/2026\/09\/Imagen-conexion-a-acueducto-y-alcantarillado-4-300x169.jpg 300w, https:\/\/www.medellin.gov.co\/es\/wp-content\/uploads\/2026\/09\/Imagen-conexion-a-acueducto-y-alcantarillado-4-1024x576.jpg 1024w, https:\/\/www.medellin.gov.co\/es\/wp-content\/uploads\/2026\/09\/Imagen-conexion-a-acueducto-y-alcantarillado-4-150x84.jpg 150w, https:\/\/www.medellin.gov.co\/es\/wp-content\/uploads\/2026\/09\/Imagen-conexion-a-acueducto-y-alcantarillado-4-768x432.jpg 768w\" sizes=\"(max-width: 1280px) 100vw, 1280px\" \/><\/a>\n\t\t\t<\/dt><\/dl><dl class='gallery-item'>\n\t\t\t<dt class='gallery-icon landscape'>\n\t\t\t\t<a href='https:\/\/www.medellin.gov.co\/es\/sala-de-prensa\/noticias\/familias-de-medellin-financian-hasta-por-10-anos-su-conexion-a-acueducto-y-alcantarillado\/imagen-conexion-a-acueducto-y-alcantarillado-5\/'><img width=\"1280\" height=\"720\" src=\"https:\/\/www.medellin.gov.co\/es\/wp-content\/uploads\/2026\/09\/Imagen-conexion-a-acueducto-y-alcantarillado-5.jpg\" class=\"attachment-full size-full\" alt=\"Imagen conexi\u00f3n a acueducto y alcantarillado\" loading=\"lazy\" srcset=\"https:\/\/www.medellin.gov.co\/es\/wp-content\/uploads\/2026\/09\/Imagen-conexion-a-acueducto-y-alcantarillado-5.jpg 1280w, https:\/\/www.medellin.gov.co\/es\/wp-content\/uploads\/2026\/09\/Imagen-conexion-a-acueducto-y-alcantarillado-5-300x169.jpg 300w, https:\/\/www.medellin.gov.co\/es\/wp-content\/uploads\/2026\/09\/Imagen-conexion-a-acueducto-y-alcantarillado-5-1024x576.jpg 1024w, https:\/\/www.medellin.gov.co\/es\/wp-content\/uploads\/2026\/09\/Imagen-conexion-a-acueducto-y-alcantarillado-5-150x84.jpg 150w, https:\/\/www.medellin.gov.co\/es\/wp-content\/uploads\/2026\/09\/Imagen-conexion-a-acueducto-y-alcantarillado-5-768x432.jpg 768w\" sizes=\"(max-width: 1280px) 100vw, 1280px\" \/><\/a>\n\t\t\t<\/dt><\/dl><br style=\"clear: both\" \/>\n\t\t<\/div>\n\n<p>Actualmente, Habilitaci\u00f3n Vivienda tiene intervenciones en Blanquizal, Nuevos Conquistadores (parte alta) y Antonio Nari\u00f1o, en la comuna 13-San Javier; Barrios Unidos (La Salle) y La Isla en la comuna 3-Manrique; Villa Sallent, en la comuna 6 -Doce de Octubre; y Loma Hermosa, en San Crist\u00f3bal. A la fecha, 1.100 hogares se han beneficiado a trav\u00e9s de esta l\u00ednea.<\/p>\n<p>La iniciativa extiende las redes de acueducto y alcantarillado a sectores que no cuentan con estos servicios, mediante soluciones adaptadas a cada territorio. El Distrito y EPM identifican las necesidades de las comunidades y verifican la viabilidad t\u00e9cnica, jur\u00eddica y operativa para prestar los servicios en las viviendas. Una vez cumplidos estos requisitos, se avanza en el dise\u00f1o de las obras, el acompa\u00f1amiento a las familias y su ejecuci\u00f3n, que va de seis a ocho meses.<\/p>\n<p><em>\u201cEstoy agradecido con el Distrito y con <a href=\"https:\/\/www.epm.com.co\/\" target=\"_blank\" rel=\"noopener\">EPM<\/a> que hicieron posible la instalaci\u00f3n de todos los contadores en mi casa y en muchos sectores del Socorro Los \u00c1ngeles. Agradecido porque el agua ya es mejor tratada, de mejor calidad\u201d<\/em>, afirm\u00f3 Duber Orley Restrepo.<\/p>\n<p>Las juntas de acci\u00f3n comunal de los barrios beneficiados participan en el desarrollo de estos proyectos, previo cumplimiento de requisitos, a trav\u00e9s de contrataci\u00f3n social, un modelo que vincula mano de obra de la comunidad y destina los excedentes de los contratos a esas organizaciones.<\/p>\n","protected":false},"excerpt":{"rendered":"<p>A la fecha, 100 hogares han accedido a facilidades de pago a trav\u00e9s de la l\u00ednea Habilitaci\u00f3n Vivienda. Las familias de estratos 1, 2 y 3 de Medell\u00edn, sin conexi\u00f3n formal a acueducto o alcantarillado, &#8230;<\/p>\n","protected":false},"author":97,"featured_media":565069,"comment_status":"open","ping_status":"open","sticky":false,"template":"","format":"standard","meta":[],"categories":[7],"tags":[437,451],"formato_nota":[],"programas_tax":[],"acf":[],"_links":{"self":[{"href":"https:\/\/www.medellin.gov.co\/es\/wp-json\/wp\/v2\/posts\/565057"}],"collection":[{"href":"https:\/\/www.medellin.gov.co\/es\/wp-json\/wp\/v2\/posts"}],"about":[{"href":"https:\/\/www.medellin.gov.co\/es\/wp-json\/wp\/v2\/types\/post"}],"author":[{"embeddable":true,"href":"https:\/\/www.medellin.gov.co\/es\/wp-json\/wp\/v2\/users\/97"}],"replies":[{"embeddable":true,"href":"https:\/\/www.medellin.gov.co\/es\/wp-json\/wp\/v2\/comments?post=565057"}],"version-history":[{"count":1,"href":"https:\/\/www.medellin.gov.co\/es\/wp-json\/wp\/v2\/posts\/565057\/revisions"}],"predecessor-version":[{"id":565071,"href":"https:\/\/www.medellin.gov.co\/es\/wp-json\/wp\/v2\/posts\/565057\/revisions\/565071"}],"wp:featuredmedia":[{"embeddable":true,"href":"https:\/\/www.medellin.gov.co\/es\/wp-json\/wp\/v2\/media\/565069"}],"wp:attachment":[{"href":"https:\/\/www.medellin.gov.co\/es\/wp-json\/wp\/v2\/media?parent=565057"}],"wp:term":[{"taxonomy":"category","embeddable":true,"href":"https:\/\/www.medellin.gov.co\/es\/wp-json\/wp\/v2\/categories?post=565057"},{"taxonomy":"post_tag","embeddable":true,"href":"https:\/\/www.medellin.gov.co\/es\/wp-json\/wp\/v2\/tags?post=565057"},{"taxonomy":"formato_nota","embeddable":true,"href":"https:\/\/www.medellin.gov.co\/es\/wp-json\/wp\/v2\/formato_nota?post=565057"},{"taxonomy":"programas_tax","embeddable":true,"href":"https:\/\/www.medellin.gov.co\/es\/wp-json\/wp\/v2\/programas_tax?post=565057"}],"curies":[{"name":"wp","href":"https:\/\/api.w.org\/{rel}","templated":true}]}}