{"id":565147,"date":"2026-09-06T08:53:47","date_gmt":"2026-09-06T13:53:47","guid":{"rendered":"https:\/\/www.medellin.gov.co\/es\/?p=565147"},"modified":"2026-09-06T08:53:47","modified_gmt":"2026-09-06T13:53:47","slug":"el-espacio-publico-de-medellin-sigue-en-recuperacion-van-5-900-cambuches-desmontados","status":"publish","type":"post","link":"https:\/\/www.medellin.gov.co\/es\/sala-de-prensa\/noticias\/el-espacio-publico-de-medellin-sigue-en-recuperacion-van-5-900-cambuches-desmontados\/","title":{"rendered":"El espacio p\u00fablico de Medell\u00edn sigue en recuperaci\u00f3n: van 5.900 cambuches desmontados"},"content":{"rendered":"<ul>\n<li>A esto se suma el desmonte de 700 elementos de publicidad exterior visual y cerca de 7.800 actividades de sensibilizaci\u00f3n.<\/li>\n<\/ul>\n<!--[if lt IE 9]><script>document.createElement('audio');<\/script><![endif]-->\n\t<div class=\"wp-playlist wp-audio-playlist wp-playlist-light\">\n\t\t\t<div class=\"wp-playlist-current-item\"><\/div>\n\t\t<audio controls=\"controls\" preload=\"none\" width=\"640\"\n\t\t\t><\/audio>\n\t<div class=\"wp-playlist-next\"><\/div>\n\t<div class=\"wp-playlist-prev\"><\/div>\n\t<noscript>\n\t<ol>\n\t\t<li><a href='https:\/\/www.medellin.gov.co\/es\/wp-content\/uploads\/2026\/09\/Declaraciones-del-subsecretario-de-Espacio-Publico-David-Ramirez..mp3'>Declaraciones del subsecretario de Espacio P\u00fablico, David Ram\u00edrez.<\/a><\/li>\t<\/ol>\n\t<\/noscript>\n\t<script type=\"application\/json\" class=\"wp-playlist-script\">{\"type\":\"audio\",\"tracklist\":true,\"tracknumbers\":true,\"images\":true,\"artists\":true,\"tracks\":[{\"src\":\"https:\\\/\\\/www.medellin.gov.co\\\/es\\\/wp-content\\\/uploads\\\/2026\\\/09\\\/Declaraciones-del-subsecretario-de-Espacio-Publico-David-Ramirez..mp3\",\"type\":\"audio\\\/mpeg\",\"title\":\"Declaraciones del subsecretario de Espacio P\\u00fablico, David Ram\\u00edrez.\",\"caption\":\"\",\"description\":\"\\u00abDeclaraciones del subsecretario de Espacio P\\u00fablico, David Ram\\u00edrez.\\u00bb.\",\"meta\":{\"length_formatted\":\"1:22\"},\"image\":{\"src\":\"https:\\\/\\\/www.medellin.gov.co\\\/es\\\/wp-includes\\\/images\\\/media\\\/audio.png\",\"width\":48,\"height\":64},\"thumb\":{\"src\":\"https:\\\/\\\/www.medellin.gov.co\\\/es\\\/wp-includes\\\/images\\\/media\\\/audio.png\",\"width\":48,\"height\":64}}]}<\/script>\n<\/div>\n\t\n<p>La Alcald\u00eda de Medell\u00edn, a trav\u00e9s de la Subsecretar\u00eda de Espacio P\u00fablico, intensific\u00f3 durante el primer semestre de 2026 las acciones para recuperar, proteger y regular el espacio p\u00fablico. Como resultado, se realizaron m\u00e1s de 20.500 intervenciones, entre las que se destaca el desmonte de por lo menos 5.900 estructuras tipo cambuche, asociadas al fen\u00f3meno de habitabilidad en calle, y la recolecci\u00f3n de cerca de 1.300 toneladas de residuos.<\/p>\n\n\t\t<style type=\"text\/css\">\n\t\t\t#gallery-1 {\n\t\t\t\tmargin: auto;\n\t\t\t}\n\t\t\t#gallery-1 .gallery-item {\n\t\t\t\tfloat: left;\n\t\t\t\tmargin-top: 10px;\n\t\t\t\ttext-align: center;\n\t\t\t\twidth: 50%;\n\t\t\t}\n\t\t\t#gallery-1 img {\n\t\t\t\tborder: 2px solid #cfcfcf;\n\t\t\t}\n\t\t\t#gallery-1 .gallery-caption {\n\t\t\t\tmargin-left: 0;\n\t\t\t}\n\t\t\t\/* see gallery_shortcode() in wp-includes\/media.php *\/\n\t\t<\/style>\n\t\t<div id='gallery-1' class='gallery galleryid-565147 gallery-columns-2 gallery-size-full'><dl class='gallery-item'>\n\t\t\t<dt class='gallery-icon landscape'>\n\t\t\t\t<a href='https:\/\/www.medellin.gov.co\/es\/sala-de-prensa\/noticias\/el-espacio-publico-de-medellin-sigue-en-recuperacion-van-5-900-cambuches-desmontados\/imagen-el-espacio-publico-de-medellin-sigue-en-recuperacion-3\/'><img width=\"1280\" height=\"720\" src=\"https:\/\/www.medellin.gov.co\/es\/wp-content\/uploads\/2026\/09\/Imagen-El-espacio-publico-de-Medellin-sigue-en-recuperacion-3.jpg\" class=\"attachment-full size-full\" alt=\"Imagen El espacio p\u00fablico de Medell\u00edn sigue en recuperaci\u00f3n (1)\" loading=\"lazy\" srcset=\"https:\/\/www.medellin.gov.co\/es\/wp-content\/uploads\/2026\/09\/Imagen-El-espacio-publico-de-Medellin-sigue-en-recuperacion-3.jpg 1280w, https:\/\/www.medellin.gov.co\/es\/wp-content\/uploads\/2026\/09\/Imagen-El-espacio-publico-de-Medellin-sigue-en-recuperacion-3-300x169.jpg 300w, https:\/\/www.medellin.gov.co\/es\/wp-content\/uploads\/2026\/09\/Imagen-El-espacio-publico-de-Medellin-sigue-en-recuperacion-3-1024x576.jpg 1024w, https:\/\/www.medellin.gov.co\/es\/wp-content\/uploads\/2026\/09\/Imagen-El-espacio-publico-de-Medellin-sigue-en-recuperacion-3-150x84.jpg 150w, https:\/\/www.medellin.gov.co\/es\/wp-content\/uploads\/2026\/09\/Imagen-El-espacio-publico-de-Medellin-sigue-en-recuperacion-3-768x432.jpg 768w\" sizes=\"(max-width: 1280px) 100vw, 1280px\" \/><\/a>\n\t\t\t<\/dt><\/dl><dl class='gallery-item'>\n\t\t\t<dt class='gallery-icon landscape'>\n\t\t\t\t<a href='https:\/\/www.medellin.gov.co\/es\/sala-de-prensa\/noticias\/el-espacio-publico-de-medellin-sigue-en-recuperacion-van-5-900-cambuches-desmontados\/imagen-el-espacio-publico-de-medellin-sigue-en-recuperacion-4\/'><img width=\"1280\" height=\"720\" src=\"https:\/\/www.medellin.gov.co\/es\/wp-content\/uploads\/2026\/09\/Imagen-El-espacio-publico-de-Medellin-sigue-en-recuperacion-4.jpg\" class=\"attachment-full size-full\" alt=\"Imagen El espacio p\u00fablico de Medell\u00edn sigue en recuperaci\u00f3n (1)\" loading=\"lazy\" srcset=\"https:\/\/www.medellin.gov.co\/es\/wp-content\/uploads\/2026\/09\/Imagen-El-espacio-publico-de-Medellin-sigue-en-recuperacion-4.jpg 1280w, https:\/\/www.medellin.gov.co\/es\/wp-content\/uploads\/2026\/09\/Imagen-El-espacio-publico-de-Medellin-sigue-en-recuperacion-4-300x169.jpg 300w, https:\/\/www.medellin.gov.co\/es\/wp-content\/uploads\/2026\/09\/Imagen-El-espacio-publico-de-Medellin-sigue-en-recuperacion-4-1024x576.jpg 1024w, https:\/\/www.medellin.gov.co\/es\/wp-content\/uploads\/2026\/09\/Imagen-El-espacio-publico-de-Medellin-sigue-en-recuperacion-4-150x84.jpg 150w, https:\/\/www.medellin.gov.co\/es\/wp-content\/uploads\/2026\/09\/Imagen-El-espacio-publico-de-Medellin-sigue-en-recuperacion-4-768x432.jpg 768w\" sizes=\"(max-width: 1280px) 100vw, 1280px\" \/><\/a>\n\t\t\t<\/dt><\/dl><br style=\"clear: both\" \/>\n\t\t<\/div>\n\n<p>Adem\u00e1s del desmonte de los cambuches, fueron retirados por lo menos 4.700 elementos indebidos de publicidad exterior visual, entre pasacalles, avisos y vallas. La Subsecretar\u00eda tambi\u00e9n acompa\u00f1\u00f3 m\u00e1s de 600 eventos de ciudad y adelant\u00f3 cerca de 7.800 sensibilizaciones dirigidas a vendedores informales y comerciantes para promover la legalidad y el uso responsable del espacio p\u00fablico.<\/p>\n<p><em>\u201cSe trata de recuperar escenarios de convivencia, orden y seguridad para los ciudadanos. Estamos desplegando una estrategia permanente que combina control, recuperaci\u00f3n y acompa\u00f1amiento institucional para que Medell\u00edn pueda disfrutar de espacios limpios, seguros y organizados\u201d, <\/em>se\u00f1al\u00f3 el subsecretario de Espacio P\u00fablico, David Ram\u00edrez.<\/p>\n<p>El fen\u00f3meno de la ocupaci\u00f3n indebida del espacio p\u00fablico representa uno de los principales retos para el control territorial y la convivencia en diferentes sectores de la ciudad. Por esta raz\u00f3n, las intervenciones no se limitan al retiro de estructuras o elementos irregulares, sino que incluyen procesos de sensibilizaci\u00f3n, gesti\u00f3n social y acompa\u00f1amiento institucional. En el caso de los vendedores informales, 14.588 personas han sido identificadas y caracterizadas para facilitar su acceso a los programas y beneficios contemplados en la pol\u00edtica p\u00fablica para ellos y sus familias.<\/p>\n<p><img loading=\"lazy\" class=\"alignnone wp-image-565153 size-large\" title=\"Recuperaci\u00f3n de espacio p\u00fablico\" src=\"https:\/\/www.medellin.gov.co\/es\/wp-content\/uploads\/2026\/09\/Imagen-El-espacio-publico-de-Medellin-sigue-en-recuperacion-2-1024x576.jpg\" alt=\"Imagen El espacio p\u00fablico de Medell\u00edn sigue en recuperaci\u00f3n (1)\" width=\"1024\" height=\"576\" srcset=\"https:\/\/www.medellin.gov.co\/es\/wp-content\/uploads\/2026\/09\/Imagen-El-espacio-publico-de-Medellin-sigue-en-recuperacion-2-1024x576.jpg 1024w, https:\/\/www.medellin.gov.co\/es\/wp-content\/uploads\/2026\/09\/Imagen-El-espacio-publico-de-Medellin-sigue-en-recuperacion-2-300x169.jpg 300w, https:\/\/www.medellin.gov.co\/es\/wp-content\/uploads\/2026\/09\/Imagen-El-espacio-publico-de-Medellin-sigue-en-recuperacion-2-150x84.jpg 150w, https:\/\/www.medellin.gov.co\/es\/wp-content\/uploads\/2026\/09\/Imagen-El-espacio-publico-de-Medellin-sigue-en-recuperacion-2-768x432.jpg 768w, https:\/\/www.medellin.gov.co\/es\/wp-content\/uploads\/2026\/09\/Imagen-El-espacio-publico-de-Medellin-sigue-en-recuperacion-2.jpg 1280w\" sizes=\"(max-width: 1024px) 100vw, 1024px\" \/><\/p>\n<p><em>\u201cEl control territorial debe ir acompa\u00f1ado de soluciones y alternativas para las personas, pero tambi\u00e9n de reglas claras. Vamos a seguir interviniendo los sectores que requieran presencia institucional para garantizar que el espacio p\u00fablico sea un lugar de todos y no de unos pocos\u201d<\/em>, anot\u00f3 el subsecretario.<\/p>\n<p>La estrategia tambi\u00e9n ha permitido reubicar a 299 vendedores informales afectados por obras de ciudad, en espacios con condiciones iguales o mejores, mientras que el aprovechamiento econ\u00f3mico del espacio p\u00fablico gener\u00f3 m\u00e1s de $4.083 millones entre enero y julio, recursos destinados a su mantenimiento y cualificaci\u00f3n.<\/p>\n<p>Estas acciones se complementan con estrategias de control, regulaci\u00f3n y pedagog\u00eda, como la campa\u00f1a \u201cPorque Medell\u00edn te quiere, quiere el espacio p\u00fablico\u201d, para fortalecer su protecci\u00f3n, apropiaci\u00f3n y disfrute colectivo.<\/p>\n","protected":false},"excerpt":{"rendered":"<p>A esto se suma el desmonte de 700 elementos de publicidad exterior visual y cerca de 7.800 actividades de sensibilizaci\u00f3n. La Alcald\u00eda de Medell\u00edn, a trav\u00e9s de la Subsecretar\u00eda de Espacio P\u00fablico, intensific\u00f3 durante el &#8230;<\/p>\n","protected":false},"author":97,"featured_media":565152,"comment_status":"open","ping_status":"open","sticky":false,"template":"","format":"standard","meta":[],"categories":[21],"tags":[619],"formato_nota":[],"programas_tax":[],"acf":[],"_links":{"self":[{"href":"https:\/\/www.medellin.gov.co\/es\/wp-json\/wp\/v2\/posts\/565147"}],"collection":[{"href":"https:\/\/www.medellin.gov.co\/es\/wp-json\/wp\/v2\/posts"}],"about":[{"href":"https:\/\/www.medellin.gov.co\/es\/wp-json\/wp\/v2\/types\/post"}],"author":[{"embeddable":true,"href":"https:\/\/www.medellin.gov.co\/es\/wp-json\/wp\/v2\/users\/97"}],"replies":[{"embeddable":true,"href":"https:\/\/www.medellin.gov.co\/es\/wp-json\/wp\/v2\/comments?post=565147"}],"version-history":[{"count":1,"href":"https:\/\/www.medellin.gov.co\/es\/wp-json\/wp\/v2\/posts\/565147\/revisions"}],"predecessor-version":[{"id":565157,"href":"https:\/\/www.medellin.gov.co\/es\/wp-json\/wp\/v2\/posts\/565147\/revisions\/565157"}],"wp:featuredmedia":[{"embeddable":true,"href":"https:\/\/www.medellin.gov.co\/es\/wp-json\/wp\/v2\/media\/565152"}],"wp:attachment":[{"href":"https:\/\/www.medellin.gov.co\/es\/wp-json\/wp\/v2\/media?parent=565147"}],"wp:term":[{"taxonomy":"category","embeddable":true,"href":"https:\/\/www.medellin.gov.co\/es\/wp-json\/wp\/v2\/categories?post=565147"},{"taxonomy":"post_tag","embeddable":true,"href":"https:\/\/www.medellin.gov.co\/es\/wp-json\/wp\/v2\/tags?post=565147"},{"taxonomy":"formato_nota","embeddable":true,"href":"https:\/\/www.medellin.gov.co\/es\/wp-json\/wp\/v2\/formato_nota?post=565147"},{"taxonomy":"programas_tax","embeddable":true,"href":"https:\/\/www.medellin.gov.co\/es\/wp-json\/wp\/v2\/programas_tax?post=565147"}],"curies":[{"name":"wp","href":"https:\/\/api.w.org\/{rel}","templated":true}]}}