{"id":565177,"date":"2026-09-06T10:30:20","date_gmt":"2026-09-06T15:30:20","guid":{"rendered":"https:\/\/www.medellin.gov.co\/es\/?p=565177"},"modified":"2026-09-06T10:30:20","modified_gmt":"2026-09-06T15:30:20","slug":"la-alcaldia-de-medellin-llevo-el-catastro-mas-cerca-de-la-gente-451-ciudadanos-fueron-atendidos-en-ferias-de-servicios","status":"publish","type":"post","link":"https:\/\/www.medellin.gov.co\/es\/sala-de-prensa\/noticias\/la-alcaldia-de-medellin-llevo-el-catastro-mas-cerca-de-la-gente-451-ciudadanos-fueron-atendidos-en-ferias-de-servicios\/","title":{"rendered":"La Alcald\u00eda de Medell\u00edn llev\u00f3 el catastro m\u00e1s cerca de la gente: 451 ciudadanos fueron atendidos en ferias de servicios"},"content":{"rendered":"<ul>\n<li>Estas actividades se hicieron principalmente en territorios donde, en 2026, se adelanta el proceso de actualizaci\u00f3n catastral.<\/li>\n<li>Aval\u00faos, fichas catastrales, impuesto predial y compraventa de inmuebles estuvieron entre los tr\u00e1mites y consultas m\u00e1s atendidos.<\/li>\n<\/ul>\n<!--[if lt IE 9]><script>document.createElement('audio');<\/script><![endif]-->\n\t<div class=\"wp-playlist wp-audio-playlist wp-playlist-light\">\n\t\t\t<div class=\"wp-playlist-current-item\"><\/div>\n\t\t<audio controls=\"controls\" preload=\"none\" width=\"640\"\n\t\t\t><\/audio>\n\t<div class=\"wp-playlist-next\"><\/div>\n\t<div class=\"wp-playlist-prev\"><\/div>\n\t<noscript>\n\t<ol>\n\t\t<li><a href='https:\/\/www.medellin.gov.co\/es\/wp-content\/uploads\/2026\/09\/Declaraciones-del-subsecretario-de-Catastro-Jaime-Alberto-Berrio.mp3'>Declaraciones del subsecretario de Catastro, Jaime Alberto Berr\u00edo<\/a><\/li><li><a href='https:\/\/www.medellin.gov.co\/es\/wp-content\/uploads\/2026\/09\/Declaraciones-de-Erika-Maria-Restrepo-una-de-las-beneficiarias-de-los-servicios-descentralizados-en-Santa-Elena.mp3'>Declaraciones de Erika Mar\u00eda Restrepo, una de las beneficiarias de los servicios descentralizados en Santa Elena<\/a><\/li>\t<\/ol>\n\t<\/noscript>\n\t<script type=\"application\/json\" class=\"wp-playlist-script\">{\"type\":\"audio\",\"tracklist\":true,\"tracknumbers\":true,\"images\":true,\"artists\":true,\"tracks\":[{\"src\":\"https:\\\/\\\/www.medellin.gov.co\\\/es\\\/wp-content\\\/uploads\\\/2026\\\/09\\\/Declaraciones-del-subsecretario-de-Catastro-Jaime-Alberto-Berrio.mp3\",\"type\":\"audio\\\/mpeg\",\"title\":\"Declaraciones del subsecretario de Catastro, Jaime Alberto Berr\\u00edo\",\"caption\":\"\",\"description\":\"\\u00abDeclaraciones del subsecretario de Catastro, Jaime Alberto Berr\\u00edo\\u00bb. Lanzamiento: 2026. G\\u00e9nero: Blues.\",\"meta\":{\"genre\":\"Blues\",\"year\":\"2026\",\"length_formatted\":\"0:53\"},\"image\":{\"src\":\"https:\\\/\\\/www.medellin.gov.co\\\/es\\\/wp-includes\\\/images\\\/media\\\/audio.png\",\"width\":48,\"height\":64},\"thumb\":{\"src\":\"https:\\\/\\\/www.medellin.gov.co\\\/es\\\/wp-includes\\\/images\\\/media\\\/audio.png\",\"width\":48,\"height\":64}},{\"src\":\"https:\\\/\\\/www.medellin.gov.co\\\/es\\\/wp-content\\\/uploads\\\/2026\\\/09\\\/Declaraciones-de-Erika-Maria-Restrepo-una-de-las-beneficiarias-de-los-servicios-descentralizados-en-Santa-Elena.mp3\",\"type\":\"audio\\\/mpeg\",\"title\":\"Declaraciones de Erika Mar\\u00eda Restrepo, una de las beneficiarias de los servicios descentralizados en Santa Elena\",\"caption\":\"\",\"description\":\"\\u00abDeclaraciones de Erika Mar\\u00eda Restrepo, una de las beneficiarias de los servicios descentralizados en Santa Elena\\u00bb. Lanzamiento: 2026. G\\u00e9nero: Blues.\",\"meta\":{\"genre\":\"Blues\",\"year\":\"2026\",\"length_formatted\":\"0:35\"},\"image\":{\"src\":\"https:\\\/\\\/www.medellin.gov.co\\\/es\\\/wp-includes\\\/images\\\/media\\\/audio.png\",\"width\":48,\"height\":64},\"thumb\":{\"src\":\"https:\\\/\\\/www.medellin.gov.co\\\/es\\\/wp-includes\\\/images\\\/media\\\/audio.png\",\"width\":48,\"height\":64}}]}<\/script>\n<\/div>\n\t\n<p>La Alcald\u00eda de Medell\u00edn culmin\u00f3 con \u00e9xito la estrategia de Ferias de Servicios Catastrales, que acerc\u00f3 tr\u00e1mites, asesor\u00eda y atenci\u00f3n personalizada a diferentes territorios de la ciudad. En total, 451 personas accedieron a la oferta institucional sin necesidad de desplazarse hasta el Centro de la ciudad, generando 1.006 asesor\u00edas en diferentes tem\u00e1ticas.<\/p>\n<p>El recorrido lleg\u00f3 a Aranjuez, Castilla, Robledo, San Javier y a los cinco corregimientos: San Sebasti\u00e1n de Palmitas, San Crist\u00f3bal, Altavista, San Antonio de Prado y Santa Elena. La estrategia tuvo especial presencia en territorios donde este a\u00f1o se adelanta la actualizaci\u00f3n catastral, como las comunas 5-Castilla, 7-Robledo, 13-San Javier, y los corregimientos San Crist\u00f3bal y Altavista.<\/p>\n\n\t\t<style type=\"text\/css\">\n\t\t\t#gallery-1 {\n\t\t\t\tmargin: auto;\n\t\t\t}\n\t\t\t#gallery-1 .gallery-item {\n\t\t\t\tfloat: left;\n\t\t\t\tmargin-top: 10px;\n\t\t\t\ttext-align: center;\n\t\t\t\twidth: 50%;\n\t\t\t}\n\t\t\t#gallery-1 img {\n\t\t\t\tborder: 2px solid #cfcfcf;\n\t\t\t}\n\t\t\t#gallery-1 .gallery-caption {\n\t\t\t\tmargin-left: 0;\n\t\t\t}\n\t\t\t\/* see gallery_shortcode() in wp-includes\/media.php *\/\n\t\t<\/style>\n\t\t<div id='gallery-1' class='gallery galleryid-565177 gallery-columns-2 gallery-size-full'><dl class='gallery-item'>\n\t\t\t<dt class='gallery-icon landscape'>\n\t\t\t\t<a href='https:\/\/www.medellin.gov.co\/es\/sala-de-prensa\/noticias\/la-alcaldia-de-medellin-llevo-el-catastro-mas-cerca-de-la-gente-451-ciudadanos-fueron-atendidos-en-ferias-de-servicios\/imagen-catastro-mas-cerca-de-la-gente-1\/'><img width=\"1280\" height=\"720\" src=\"https:\/\/www.medellin.gov.co\/es\/wp-content\/uploads\/2026\/09\/Imagen-catastro-mas-cerca-de-la-gente-1.jpg\" class=\"attachment-full size-full\" alt=\"Imagen catastro m\u00e1s cerca de la gente\" loading=\"lazy\" srcset=\"https:\/\/www.medellin.gov.co\/es\/wp-content\/uploads\/2026\/09\/Imagen-catastro-mas-cerca-de-la-gente-1.jpg 1280w, https:\/\/www.medellin.gov.co\/es\/wp-content\/uploads\/2026\/09\/Imagen-catastro-mas-cerca-de-la-gente-1-300x169.jpg 300w, https:\/\/www.medellin.gov.co\/es\/wp-content\/uploads\/2026\/09\/Imagen-catastro-mas-cerca-de-la-gente-1-1024x576.jpg 1024w, https:\/\/www.medellin.gov.co\/es\/wp-content\/uploads\/2026\/09\/Imagen-catastro-mas-cerca-de-la-gente-1-150x84.jpg 150w, https:\/\/www.medellin.gov.co\/es\/wp-content\/uploads\/2026\/09\/Imagen-catastro-mas-cerca-de-la-gente-1-768x432.jpg 768w\" sizes=\"(max-width: 1280px) 100vw, 1280px\" \/><\/a>\n\t\t\t<\/dt><\/dl><dl class='gallery-item'>\n\t\t\t<dt class='gallery-icon landscape'>\n\t\t\t\t<a href='https:\/\/www.medellin.gov.co\/es\/sala-de-prensa\/noticias\/la-alcaldia-de-medellin-llevo-el-catastro-mas-cerca-de-la-gente-451-ciudadanos-fueron-atendidos-en-ferias-de-servicios\/imagen-catastro-mas-cerca-de-la-gente-2\/'><img width=\"1280\" height=\"720\" src=\"https:\/\/www.medellin.gov.co\/es\/wp-content\/uploads\/2026\/09\/Imagen-catastro-mas-cerca-de-la-gente-2.jpg\" class=\"attachment-full size-full\" alt=\"Imagen catastro m\u00e1s cerca de la gente\" loading=\"lazy\" srcset=\"https:\/\/www.medellin.gov.co\/es\/wp-content\/uploads\/2026\/09\/Imagen-catastro-mas-cerca-de-la-gente-2.jpg 1280w, https:\/\/www.medellin.gov.co\/es\/wp-content\/uploads\/2026\/09\/Imagen-catastro-mas-cerca-de-la-gente-2-300x169.jpg 300w, https:\/\/www.medellin.gov.co\/es\/wp-content\/uploads\/2026\/09\/Imagen-catastro-mas-cerca-de-la-gente-2-1024x576.jpg 1024w, https:\/\/www.medellin.gov.co\/es\/wp-content\/uploads\/2026\/09\/Imagen-catastro-mas-cerca-de-la-gente-2-150x84.jpg 150w, https:\/\/www.medellin.gov.co\/es\/wp-content\/uploads\/2026\/09\/Imagen-catastro-mas-cerca-de-la-gente-2-768x432.jpg 768w\" sizes=\"(max-width: 1280px) 100vw, 1280px\" \/><\/a>\n\t\t\t<\/dt><\/dl><br style=\"clear: both\" \/>\n\t\t<\/div>\n\n<p>En este proceso participaron la Subsecretar\u00eda de Catastro, la Subsecretar\u00eda de Servicios P\u00fablicos, la Subsecretar\u00eda de Control Urban\u00edstico y la Subsecretar\u00eda de Ingresos de la Secretar\u00eda de Hacienda.<\/p>\n<p><em>\u201cVenimos durante todo el a\u00f1o volcando nuestros servicios a la comunidad en el propio territorio, a trav\u00e9s de las ferias de servicios. Para nosotros ha sido muy importante haber ofrecido todos los servicios que, a trav\u00e9s de todas estas secretar\u00edas, estamos prestando, no solamente en los cinco corregimientos de Medell\u00edn, sino en varias de las comunas de la zona urbana\u201d, <\/em>afirm\u00f3 el subsecretario de Catastro, Jaime Alberto Berr\u00edo.<\/p>\n<p>Los ciudadanos resolvieron dudas sobre aval\u00faos, cartograf\u00eda, impuesto predial, compraventa de inmuebles y otros asuntos relacionados con sus propiedades. Tambi\u00e9n, accedieron a la expedici\u00f3n de fichas catastrales y a asesor\u00eda personalizada. En varios casos, las inquietudes pudieron solucionarse directamente durante la atenci\u00f3n en territorio.<\/p>\n<p><em>\u201cMe parece muy importante que el Distrito disponga recursos para estar presente aclarando nuestras dudas, con una atenci\u00f3n m\u00e1s personalizada, ya que, en la Alcald\u00eda, aparte de que nos evitan el desplazamiento hacia el Centro, pues all\u00e1, por ser m\u00e1s general, la atenci\u00f3n puede ser tambi\u00e9n m\u00e1s globalizada. Aqu\u00ed es m\u00e1s puntualizada y est\u00e1 dentro del contexto de nuestro corregimiento\u201d, <\/em>indic\u00f3 Erika Mar\u00eda Restrepo, una de las beneficiarias de los servicios descentralizados en Santa Elena.<\/p>\n\n\t\t<style type=\"text\/css\">\n\t\t\t#gallery-2 {\n\t\t\t\tmargin: auto;\n\t\t\t}\n\t\t\t#gallery-2 .gallery-item {\n\t\t\t\tfloat: left;\n\t\t\t\tmargin-top: 10px;\n\t\t\t\ttext-align: center;\n\t\t\t\twidth: 50%;\n\t\t\t}\n\t\t\t#gallery-2 img {\n\t\t\t\tborder: 2px solid #cfcfcf;\n\t\t\t}\n\t\t\t#gallery-2 .gallery-caption {\n\t\t\t\tmargin-left: 0;\n\t\t\t}\n\t\t\t\/* see gallery_shortcode() in wp-includes\/media.php *\/\n\t\t<\/style>\n\t\t<div id='gallery-2' class='gallery galleryid-565177 gallery-columns-2 gallery-size-full'><dl class='gallery-item'>\n\t\t\t<dt class='gallery-icon landscape'>\n\t\t\t\t<a href='https:\/\/www.medellin.gov.co\/es\/sala-de-prensa\/noticias\/la-alcaldia-de-medellin-llevo-el-catastro-mas-cerca-de-la-gente-451-ciudadanos-fueron-atendidos-en-ferias-de-servicios\/imagen-catastro-mas-cerca-de-la-gente-3\/'><img width=\"1280\" height=\"720\" src=\"https:\/\/www.medellin.gov.co\/es\/wp-content\/uploads\/2026\/09\/Imagen-catastro-mas-cerca-de-la-gente-3.jpg\" class=\"attachment-full size-full\" alt=\"Imagen catastro m\u00e1s cerca de la gente\" loading=\"lazy\" srcset=\"https:\/\/www.medellin.gov.co\/es\/wp-content\/uploads\/2026\/09\/Imagen-catastro-mas-cerca-de-la-gente-3.jpg 1280w, https:\/\/www.medellin.gov.co\/es\/wp-content\/uploads\/2026\/09\/Imagen-catastro-mas-cerca-de-la-gente-3-300x169.jpg 300w, https:\/\/www.medellin.gov.co\/es\/wp-content\/uploads\/2026\/09\/Imagen-catastro-mas-cerca-de-la-gente-3-1024x576.jpg 1024w, https:\/\/www.medellin.gov.co\/es\/wp-content\/uploads\/2026\/09\/Imagen-catastro-mas-cerca-de-la-gente-3-150x84.jpg 150w, https:\/\/www.medellin.gov.co\/es\/wp-content\/uploads\/2026\/09\/Imagen-catastro-mas-cerca-de-la-gente-3-768x432.jpg 768w\" sizes=\"(max-width: 1280px) 100vw, 1280px\" \/><\/a>\n\t\t\t<\/dt><\/dl><dl class='gallery-item'>\n\t\t\t<dt class='gallery-icon landscape'>\n\t\t\t\t<a href='https:\/\/www.medellin.gov.co\/es\/sala-de-prensa\/noticias\/la-alcaldia-de-medellin-llevo-el-catastro-mas-cerca-de-la-gente-451-ciudadanos-fueron-atendidos-en-ferias-de-servicios\/imagen-catastro-mas-cerca-de-la-gente-4\/'><img width=\"1280\" height=\"720\" src=\"https:\/\/www.medellin.gov.co\/es\/wp-content\/uploads\/2026\/09\/Imagen-catastro-mas-cerca-de-la-gente-4.jpg\" class=\"attachment-full size-full\" alt=\"Imagen catastro m\u00e1s cerca de la gente\" loading=\"lazy\" srcset=\"https:\/\/www.medellin.gov.co\/es\/wp-content\/uploads\/2026\/09\/Imagen-catastro-mas-cerca-de-la-gente-4.jpg 1280w, https:\/\/www.medellin.gov.co\/es\/wp-content\/uploads\/2026\/09\/Imagen-catastro-mas-cerca-de-la-gente-4-300x169.jpg 300w, https:\/\/www.medellin.gov.co\/es\/wp-content\/uploads\/2026\/09\/Imagen-catastro-mas-cerca-de-la-gente-4-1024x576.jpg 1024w, https:\/\/www.medellin.gov.co\/es\/wp-content\/uploads\/2026\/09\/Imagen-catastro-mas-cerca-de-la-gente-4-150x84.jpg 150w, https:\/\/www.medellin.gov.co\/es\/wp-content\/uploads\/2026\/09\/Imagen-catastro-mas-cerca-de-la-gente-4-768x432.jpg 768w\" sizes=\"(max-width: 1280px) 100vw, 1280px\" \/><\/a>\n\t\t\t<\/dt><\/dl><br style=\"clear: both\" \/>\n\t\t<\/div>\n\n<p>La oferta fue m\u00e1s all\u00e1 de los asuntos catastrales. Los asistentes recibieron asesor\u00eda sobre enajenaciones y procesos relacionados con curadur\u00edas, acceso al M\u00ednimo Vital de Agua Potable, factura de servicios p\u00fablicos y la campa\u00f1a \u201cT\u00fa separas, yo reciclo\u201d. La Secretar\u00eda de Hacienda tambi\u00e9n acompa\u00f1\u00f3 el recorrido para resolver inquietudes sobre la liquidaci\u00f3n y el pago del impuesto predial, as\u00ed como los requisitos que se deben cumplir para acceder a los beneficios tributarios.<\/p>\n<p>Con esta estrategia, el <a href=\"https:\/\/www.instagram.com\/alcaldiademed\/\" target=\"_blank\" rel=\"noopener\">Distrito<\/a>, por medio de la Secretar\u00eda de Gesti\u00f3n y Control Territorial, busca descentralizar sus servicios y facilitar que los ciudadanos puedan acceder a tr\u00e1mites y asesor\u00eda cerca de sus lugares de residencia. Estos espacios permitieron resolver casos pendientes, escuchar directamente las inquietudes de las comunidades y acercar la institucionalidad a los barrios y corregimientos de Medell\u00edn.<\/p>\n","protected":false},"excerpt":{"rendered":"<p>Estas actividades se hicieron principalmente en territorios donde, en 2026, se adelanta el proceso de actualizaci\u00f3n catastral. Aval\u00faos, fichas catastrales, impuesto predial y compraventa de inmuebles estuvieron entre los tr\u00e1mites y consultas m\u00e1s atendidos. La &#8230;<\/p>\n","protected":false},"author":97,"featured_media":565189,"comment_status":"open","ping_status":"open","sticky":false,"template":"","format":"standard","meta":[],"categories":[7],"tags":[437],"formato_nota":[],"programas_tax":[],"acf":[],"_links":{"self":[{"href":"https:\/\/www.medellin.gov.co\/es\/wp-json\/wp\/v2\/posts\/565177"}],"collection":[{"href":"https:\/\/www.medellin.gov.co\/es\/wp-json\/wp\/v2\/posts"}],"about":[{"href":"https:\/\/www.medellin.gov.co\/es\/wp-json\/wp\/v2\/types\/post"}],"author":[{"embeddable":true,"href":"https:\/\/www.medellin.gov.co\/es\/wp-json\/wp\/v2\/users\/97"}],"replies":[{"embeddable":true,"href":"https:\/\/www.medellin.gov.co\/es\/wp-json\/wp\/v2\/comments?post=565177"}],"version-history":[{"count":1,"href":"https:\/\/www.medellin.gov.co\/es\/wp-json\/wp\/v2\/posts\/565177\/revisions"}],"predecessor-version":[{"id":565192,"href":"https:\/\/www.medellin.gov.co\/es\/wp-json\/wp\/v2\/posts\/565177\/revisions\/565192"}],"wp:featuredmedia":[{"embeddable":true,"href":"https:\/\/www.medellin.gov.co\/es\/wp-json\/wp\/v2\/media\/565189"}],"wp:attachment":[{"href":"https:\/\/www.medellin.gov.co\/es\/wp-json\/wp\/v2\/media?parent=565177"}],"wp:term":[{"taxonomy":"category","embeddable":true,"href":"https:\/\/www.medellin.gov.co\/es\/wp-json\/wp\/v2\/categories?post=565177"},{"taxonomy":"post_tag","embeddable":true,"href":"https:\/\/www.medellin.gov.co\/es\/wp-json\/wp\/v2\/tags?post=565177"},{"taxonomy":"formato_nota","embeddable":true,"href":"https:\/\/www.medellin.gov.co\/es\/wp-json\/wp\/v2\/formato_nota?post=565177"},{"taxonomy":"programas_tax","embeddable":true,"href":"https:\/\/www.medellin.gov.co\/es\/wp-json\/wp\/v2\/programas_tax?post=565177"}],"curies":[{"name":"wp","href":"https:\/\/api.w.org\/{rel}","templated":true}]}}