{"id":565250,"date":"2026-09-06T16:36:28","date_gmt":"2026-09-06T21:36:28","guid":{"rendered":"https:\/\/www.medellin.gov.co\/es\/?p=565250"},"modified":"2026-09-06T16:36:28","modified_gmt":"2026-09-06T21:36:28","slug":"medellin-fortalece-el-acompanamiento-restaurativo-a-adolescentes-jovenes-victimas-y-familias","status":"publish","type":"post","link":"https:\/\/www.medellin.gov.co\/es\/sala-de-prensa\/noticias\/medellin-fortalece-el-acompanamiento-restaurativo-a-adolescentes-jovenes-victimas-y-familias\/","title":{"rendered":"Medell\u00edn fortalece el acompa\u00f1amiento restaurativo a adolescentes, j\u00f3venes, v\u00edctimas y familias"},"content":{"rendered":"<ul>\n<li>1.076 atenciones y acciones se desarrollaron para acompa\u00f1ar a adolescentes, j\u00f3venes, v\u00edctimas, ofensores y sus familias.<\/li>\n<li>Se realizaron 323 intervenciones psicosociales, 199 planes de atenci\u00f3n para ofensores y v\u00edctimas y 151 seguimientos al tratamiento de drogas.<\/li>\n<li>20 encuentros restaurativos y 44 escuelas de padres hicieron parte de las acciones orientadas a fortalecer procesos de responsabilizaci\u00f3n, reparaci\u00f3n y construcci\u00f3n de nuevas oportunidades.<\/li>\n<\/ul>\n<!--[if lt IE 9]><script>document.createElement('audio');<\/script><![endif]-->\n\t<div class=\"wp-playlist wp-audio-playlist wp-playlist-light\">\n\t\t\t<div class=\"wp-playlist-current-item\"><\/div>\n\t\t<audio controls=\"controls\" preload=\"none\" width=\"640\"\n\t\t\t><\/audio>\n\t<div class=\"wp-playlist-next\"><\/div>\n\t<div class=\"wp-playlist-prev\"><\/div>\n\t<noscript>\n\t<ol>\n\t\t<li><a href='https:\/\/www.medellin.gov.co\/es\/wp-content\/uploads\/2026\/09\/Declaraciones-del-secretario-de-Paz-y-Derechos-Humanos-Carlos-Alberto-Arcila-Valencia.mp3'>Declaraciones del secretario de Paz y Derechos Humanos, Carlos Alberto Arcila Valencia<\/a><\/li>\t<\/ol>\n\t<\/noscript>\n\t<script type=\"application\/json\" class=\"wp-playlist-script\">{\"type\":\"audio\",\"tracklist\":true,\"tracknumbers\":true,\"images\":true,\"artists\":true,\"tracks\":[{\"src\":\"https:\\\/\\\/www.medellin.gov.co\\\/es\\\/wp-content\\\/uploads\\\/2026\\\/09\\\/Declaraciones-del-secretario-de-Paz-y-Derechos-Humanos-Carlos-Alberto-Arcila-Valencia.mp3\",\"type\":\"audio\\\/mpeg\",\"title\":\"Declaraciones del secretario de Paz y Derechos Humanos, Carlos Alberto Arcila Valencia\",\"caption\":\"\",\"description\":\"\\u00abDeclaraciones del secretario de Paz y Derechos Humanos, Carlos Alberto Arcila Valencia\\u00bb.\",\"meta\":{\"length_formatted\":\"0:51\"},\"image\":{\"src\":\"https:\\\/\\\/www.medellin.gov.co\\\/es\\\/wp-includes\\\/images\\\/media\\\/audio.png\",\"width\":48,\"height\":64},\"thumb\":{\"src\":\"https:\\\/\\\/www.medellin.gov.co\\\/es\\\/wp-includes\\\/images\\\/media\\\/audio.png\",\"width\":48,\"height\":64}}]}<\/script>\n<\/div>\n\t\n<p>En el marco de las acciones de acompa\u00f1amiento a adolescentes y j\u00f3venes vinculados al Sistema de Responsabilidad Penal para Adolescentes (SRPA), el Distrito de Medell\u00edn desarroll\u00f3 1.076 atenciones y acciones dirigidas a esta poblaci\u00f3n, adem\u00e1s de v\u00edctimas, ofensores y sus familias.<\/p>\n<p>De este total, 124 adolescentes y j\u00f3venes, as\u00ed como 75 v\u00edctimas recibieron atenci\u00f3n, mientras que se desarrollaron 323 intervenciones psicosociales, orientadas al acompa\u00f1amiento de las personas involucradas en los procesos.<\/p>\n<p><img loading=\"lazy\" class=\"alignnone wp-image-565256 size-full\" title=\"Imagen acompa\u00f1amiento restaurativo a adolescentes, j\u00f3venes, v\u00edctimas y familias \" src=\"https:\/\/www.medellin.gov.co\/es\/wp-content\/uploads\/2026\/09\/Imagen-acompanamiento-restaurativo-a-adolescentes-jovenes-victimas-y-familias-3.jpg\" alt=\"Imagen acompa\u00f1amiento restaurativo a adolescentes, j\u00f3venes, v\u00edctimas y familias \" width=\"960\" height=\"720\" srcset=\"https:\/\/www.medellin.gov.co\/es\/wp-content\/uploads\/2026\/09\/Imagen-acompanamiento-restaurativo-a-adolescentes-jovenes-victimas-y-familias-3.jpg 960w, https:\/\/www.medellin.gov.co\/es\/wp-content\/uploads\/2026\/09\/Imagen-acompanamiento-restaurativo-a-adolescentes-jovenes-victimas-y-familias-3-300x225.jpg 300w, https:\/\/www.medellin.gov.co\/es\/wp-content\/uploads\/2026\/09\/Imagen-acompanamiento-restaurativo-a-adolescentes-jovenes-victimas-y-familias-3-150x113.jpg 150w, https:\/\/www.medellin.gov.co\/es\/wp-content\/uploads\/2026\/09\/Imagen-acompanamiento-restaurativo-a-adolescentes-jovenes-victimas-y-familias-3-768x576.jpg 768w\" sizes=\"(max-width: 960px) 100vw, 960px\" \/><\/p>\n<p><em>\u00abDesde Casa Star, una casa que permite acompa\u00f1ar a los j\u00f3venes infractores, quienes han cometido alg\u00fan delito siendo menores de edad. A trav\u00e9s del sistema penal para adolescentes, jueces, fiscales, la Procuradur\u00eda y la Defensor\u00eda del Pueblo, brindamos procesos restaurativos y reparadores con las v\u00edctimas a trav\u00e9s de procesos de conciliaci\u00f3n, procesos restaurativos y de perd\u00f3n. Lo m\u00e1s importante es que tenemos acompa\u00f1amiento jur\u00eddico, psicol\u00f3gico y las oportunidades laborales\u201d, <\/em>asegur\u00f3 el secretario de Paz y Derechos Humanos, Carlos Alberto Arcila Valencia.<\/p>\n<p>Como parte de la atenci\u00f3n integral, tambi\u00e9n se realizaron 199 planes dirigidos a ofensores y v\u00edctimas, as\u00ed como 151 seguimientos al tratamiento de drogas, acciones encaminadas a acompa\u00f1ar los procesos individuales y favorecer condiciones para la transformaci\u00f3n de las situaciones que dieron origen al conflicto.<\/p>\n<p>El trabajo con las familias tambi\u00e9n hizo parte de esta estrategia. Durante el periodo se realizaron 44 escuelas de padres, que generaron espacios de orientaci\u00f3n y acompa\u00f1amiento para fortalecer sus capacidades frente a las situaciones que enfrentan adolescentes y j\u00f3venes.<\/p>\n<p><em>\u201cUn ejemplo de ello, es la barber\u00eda donde los j\u00f3venes desarrollaron una actividad laboral y generando ingresos; a trav\u00e9s de este proceso se logra la reparaci\u00f3n y la restauraci\u00f3n de los derechos\u201d, indic\u00f3 el secretario.<\/em><\/p>\n<p><img loading=\"lazy\" class=\"alignnone wp-image-565253 size-full\" title=\"Imagen acompa\u00f1amiento restaurativo a adolescentes, j\u00f3venes, v\u00edctimas y familias \" src=\"https:\/\/www.medellin.gov.co\/es\/wp-content\/uploads\/2026\/09\/Imagen-acompanamiento-restaurativo-a-adolescentes-jovenes-victimas-y-familias-1.jpg\" alt=\"Imagen acompa\u00f1amiento restaurativo a adolescentes, j\u00f3venes, v\u00edctimas y familias \" width=\"960\" height=\"720\" srcset=\"https:\/\/www.medellin.gov.co\/es\/wp-content\/uploads\/2026\/09\/Imagen-acompanamiento-restaurativo-a-adolescentes-jovenes-victimas-y-familias-1.jpg 960w, https:\/\/www.medellin.gov.co\/es\/wp-content\/uploads\/2026\/09\/Imagen-acompanamiento-restaurativo-a-adolescentes-jovenes-victimas-y-familias-1-300x225.jpg 300w, https:\/\/www.medellin.gov.co\/es\/wp-content\/uploads\/2026\/09\/Imagen-acompanamiento-restaurativo-a-adolescentes-jovenes-victimas-y-familias-1-150x113.jpg 150w, https:\/\/www.medellin.gov.co\/es\/wp-content\/uploads\/2026\/09\/Imagen-acompanamiento-restaurativo-a-adolescentes-jovenes-victimas-y-familias-1-768x576.jpg 768w\" sizes=\"(max-width: 960px) 100vw, 960px\" \/><\/p>\n<p>Asimismo, se desarrollaron 140 sensibilizaciones a ofensores y v\u00edctimas sobre el SRPA y 20 encuentros restaurativos, espacios que promueven el di\u00e1logo, la responsabilizaci\u00f3n, el reconocimiento del da\u00f1o y la b\u00fasqueda de alternativas para la reparaci\u00f3n y la reconstrucci\u00f3n de los v\u00ednculos afectados.<\/p>\n<p>Estas acciones hacen parte del compromiso del <a href=\"https:\/\/www.instagram.com\/alcaldiademed\/\" target=\"_blank\" rel=\"noopener\">Distrito<\/a> con una justicia que, adem\u00e1s de responder frente a las conductas cometidas, promueve procesos de responsabilizaci\u00f3n, reparaci\u00f3n y restauraci\u00f3n, poniendo en el centro a las v\u00edctimas y generando oportunidades para que adolescentes y j\u00f3venes puedan transformar sus proyectos de vida.<\/p>\n","protected":false},"excerpt":{"rendered":"<p>1.076 atenciones y acciones se desarrollaron para acompa\u00f1ar a adolescentes, j\u00f3venes, v\u00edctimas, ofensores y sus familias. Se realizaron 323 intervenciones psicosociales, 199 planes de atenci\u00f3n para ofensores y v\u00edctimas y 151 seguimientos al tratamiento de &#8230;<\/p>\n","protected":false},"author":97,"featured_media":565255,"comment_status":"open","ping_status":"open","sticky":false,"template":"","format":"standard","meta":[],"categories":[701],"tags":[437,725],"formato_nota":[],"programas_tax":[],"acf":[],"_links":{"self":[{"href":"https:\/\/www.medellin.gov.co\/es\/wp-json\/wp\/v2\/posts\/565250"}],"collection":[{"href":"https:\/\/www.medellin.gov.co\/es\/wp-json\/wp\/v2\/posts"}],"about":[{"href":"https:\/\/www.medellin.gov.co\/es\/wp-json\/wp\/v2\/types\/post"}],"author":[{"embeddable":true,"href":"https:\/\/www.medellin.gov.co\/es\/wp-json\/wp\/v2\/users\/97"}],"replies":[{"embeddable":true,"href":"https:\/\/www.medellin.gov.co\/es\/wp-json\/wp\/v2\/comments?post=565250"}],"version-history":[{"count":1,"href":"https:\/\/www.medellin.gov.co\/es\/wp-json\/wp\/v2\/posts\/565250\/revisions"}],"predecessor-version":[{"id":565257,"href":"https:\/\/www.medellin.gov.co\/es\/wp-json\/wp\/v2\/posts\/565250\/revisions\/565257"}],"wp:featuredmedia":[{"embeddable":true,"href":"https:\/\/www.medellin.gov.co\/es\/wp-json\/wp\/v2\/media\/565255"}],"wp:attachment":[{"href":"https:\/\/www.medellin.gov.co\/es\/wp-json\/wp\/v2\/media?parent=565250"}],"wp:term":[{"taxonomy":"category","embeddable":true,"href":"https:\/\/www.medellin.gov.co\/es\/wp-json\/wp\/v2\/categories?post=565250"},{"taxonomy":"post_tag","embeddable":true,"href":"https:\/\/www.medellin.gov.co\/es\/wp-json\/wp\/v2\/tags?post=565250"},{"taxonomy":"formato_nota","embeddable":true,"href":"https:\/\/www.medellin.gov.co\/es\/wp-json\/wp\/v2\/formato_nota?post=565250"},{"taxonomy":"programas_tax","embeddable":true,"href":"https:\/\/www.medellin.gov.co\/es\/wp-json\/wp\/v2\/programas_tax?post=565250"}],"curies":[{"name":"wp","href":"https:\/\/api.w.org\/{rel}","templated":true}]}}