{"id":62890,"date":"2022-03-02T00:00:00","date_gmt":"2022-03-02T05:00:00","guid":{"rendered":"https:\/\/www.medellin.gov.co\/es\/sala-de-prensa\/noticias\/1-310-personas-se-beneficiaran-con-formacion-y-activaciones-territoriales-del-proyecto-mas-que-90-minutos\/"},"modified":"2022-03-02T00:00:00","modified_gmt":"2022-03-02T05:00:00","slug":"1-310-personas-se-beneficiaran-con-formacion-y-activaciones-territoriales-del-proyecto-mas-que-90-minutos","status":"publish","type":"post","link":"https:\/\/www.medellin.gov.co\/es\/sala-de-prensa\/noticias\/1-310-personas-se-beneficiaran-con-formacion-y-activaciones-territoriales-del-proyecto-mas-que-90-minutos\/","title":{"rendered":"1.310 personas se beneficiar\u00e1n con formaci\u00f3n y activaciones territoriales del proyecto M\u00e1s que 90 minutos"},"content":{"rendered":"<div class=\"wrap contenido\">\n<div class=\"noticia\">\n<div class=\"imagen\">\n<div class=\"divContImageNoticia input_plantilla input_background\" data-input=\"fotografia\" ruta=\"\/galerias\/Imagenes\/Galer\u00eda d\u00eda a d\u00eda 2022\/1000_450\/20220302-activaciones-territoriales-1.jpg\" fotografo=\"Foto Alcald\u00eda de Medell\u00edn\" descripcion=\"1.310 personas se beneficiar\u00e1n con formaci\u00f3n y activaciones territoriales del proyecto M\u00e1s que 90 minutos.\" style=\"background-image:url('\/irj\/go\/km\/docs\/galerias\/Imagenes\/Galer\u00eda d\u00eda a d\u00eda 2022\/1000_450\/20220302-activaciones-territoriales-1.jpg')\"><\/div>\n<p class=\"pMetaDesc\">Foto: 1.310 personas se beneficiar\u00e1n con formaci\u00f3n y activaciones territoriales del proyecto M\u00e1s que 90 minutos.<\/p>\n<p class=\"pMetaFotografo\">Fot\u00f3grafo: Foto Alcald\u00eda de Medell\u00edn<\/p>\n<\/div>\n<p class=\"fecha\"><span class=\"input_plantilla input_text\" data-input=\"fecha\">2022-03-02<\/span><\/p>\n<h1 itemprop=\"name\" class=\"input_plantilla input_text\" data-input=\"titulo\">1.310 personas se beneficiar\u00e1n con formaci\u00f3n y activaciones territoriales del proyecto M\u00e1s que 90 minutos<\/h1>\n<h5 class=\"input_plantilla input_text\" data-input=\"autor\">Por Milena Sierra Nore\u00f1a <\/h5>\n<div class=\"cuerpo input_plantilla input_area\" data-input=\"contenido\">\n<p>.: 110 personas, pertenecientes a barras populares y organizadas, se cualificar\u00e1n con esta estrategia en 2022.&nbsp;<\/p>\n<p>.: Tambi\u00e9n se realizar\u00e1n diez jornadas socioculturales llamadas \u201cTerritorios Futboleros\u201d, orientadas a 1.200 personas.&nbsp;<\/p>\n<p>.: Esto se suma a los 1.200 favorecidos en los dos \u00faltimos a\u00f1os. Entre ellos est\u00e1n 260 personas que han aprendido de liderazgos positivos.&nbsp;<\/p>\n<p><a href=\"\/irj\/go\/km\/docs\/pccdesign\/medellin\/Temas\/Juventud\/Noticias\/Shared Content\/Documentos\/2022\/20220302-activaciones-territoriales-01.mp3\" class=\"aContEnlace liMp3\" download=\"\" data-mce-href=\"\/irj\/go\/km\/docs\/pccdesign\/medellin\/Temas\/Juventud\/Noticias\/Shared Content\/Documentos\/2022\/20220302-activaciones-territoriales-01.mp3\"><span>Palabras de Santiago Bedoya, secretario de la Juventud. <\/span><span>736 Kb<\/span><\/a><\/p>\n<p>La Alcald\u00eda de Medell\u00edn fortalece los procesos de base del f\u00fatbol. En 2022, 1.310 personas se beneficiar\u00e1n con formaci\u00f3n y actividades territoriales con el proyecto <em>M\u00e1s que 90 minutos, <\/em>que enmarca todas las acciones para ejecutar la Pol\u00edtica P\u00fablica de Cultura del F\u00fatbol a trav\u00e9s de espacios que consoliden el barrismo social.&nbsp;&nbsp;<\/p>\n<p>Esta iniciativa promueve acciones alrededor del f\u00fatbol, con intercambio de conocimientos y experiencias por parte de expertos locales, nacionales e internacionales.&nbsp;<\/p>\n<p>Este a\u00f1o, 110 hinchas asistir\u00e1n a 40 sesiones presenciales en las que se abordar\u00e1n tem\u00e1ticas como resoluci\u00f3n pac\u00edfica de conflictos, consumos problem\u00e1ticos de sustancias psicoactivas, derechos y deberes del hincha, memoria hist\u00f3rica, participaci\u00f3n pol\u00edtica y comunitaria, elaboraci\u00f3n de proyectos, arte y cultura, rutas de atenci\u00f3n institucional, entre otras.<\/p>\n<p><em>\u201cPara la Secretar\u00eda de la Juventud, la promoci\u00f3n de la libertad y la diversidad de todos los j\u00f3venes de Medell\u00edn es una prioridad. En ese marco trabajamos con el barrismo social, buscando convertir a estos j\u00f3venes en actores fundamentales de la transformaci\u00f3n de ciudad. As\u00ed hemos formado a 260 j\u00f3venes con capacidades art\u00edsticas, culturales, educativas, para cambiar sus territorios y apropiarse de ellos\u201d<\/em>, dijo el secretario de la Juventud, Santiago Bedoya.<\/p>\n<p>Con la estrategia \u00abTerritorios Futboleros\u00bb se realizar\u00e1n diez activaciones para el encuentro ciudadano y la comunicaci\u00f3n intergeneracional, que acercan las ofertas p\u00fablicas y privadas a ciertos procesos barriales, liderados en comunas y corregimientos. Estas actividades impactar\u00e1n a unos 1.200 ni\u00f1os, ni\u00f1as adolescentes y j\u00f3venes de los entornos priorizados.<\/p>\n<p><a data-mce-href=\"https:\/\/www.medellin.gov.co\/irj\/go\/km\/docs\/galerias\/Imagenes\/Galer%C3%ADa%20d%C3%ADa%20a%20d%C3%ADa%202022\/20220302-activaciones-territoriales-2.jpg\" href=\"https:\/\/www.medellin.gov.co\/irj\/go\/km\/docs\/galerias\/Imagenes\/Galer%C3%ADa%20d%C3%ADa%20a%20d%C3%ADa%202022\/20220302-activaciones-territoriales-2.jpg\" target=\"_blank\" rel=\"noopener\"><img src=\"https:\/\/www.medellin.gov.co\/es\/wp-content\/uploads\/2022\/04\/20220302-activaciones-territoriales-2.jpg\" width=\"100%\" alt=\"\" data-mce-src=\"https:\/\/www.medellin.gov.co\/es\/wp-content\/uploads\/2022\/04\/20220302-activaciones-territoriales-2.jpg\"><\/a><\/p>\n<p><em>\u201cEn los temas en los que se enfocan estos procesos, resoluci\u00f3n de conflictos, de memoria, de conocer el mundo del barrismo desde otras perspectivas, desde d\u00f3nde venimos, de d\u00f3nde vienen las pr\u00e1cticas que hist\u00f3ricamente se han manejado y c\u00f3mo podemos a partir de eso cambiarlas, creo que ha sido muy significativo, en la medida que nosotros como l\u00edderes podemos llevar esa informaci\u00f3n y cambiar la mentalidad de muchachos de los barrios y de las comunas\u201d<\/em>, explic\u00f3 el integrante de Los del Sur, Sergio Aguirre.<\/p>\n<p>En los dos \u00faltimos a\u00f1os se han beneficiado 1.200 personas con el proyecto, de las cuales 260 se han capacitado en liderazgos positivos.&nbsp;<\/p>\n<p><em>\u201cHe hecho parte de procesos juveniles y culturales a trav\u00e9s de la Cultura del F\u00fatbol en esa ciudad, en Medell\u00edn, donde se le ha apostado fuertemente al barrismo social, al trabajo social de las barras y donde han cre\u00eddo fielmente en nuestra participaci\u00f3n ciudadana. A trav\u00e9s de estos procesos, se han creado momentos inimaginables donde han habido cambios de vida, donde hemos hecho actividades sociales que jam\u00e1s hab\u00edamos pensado hacer\u201d, <\/em>coment\u00f3 el integrante de Popular Rexixtenxia Norte, Alejandro Morales.&nbsp;<\/p>\n<p>Desde la Administraci\u00f3n Municipal se promueve la articulaci\u00f3n entre los actores\/sectores asociados al f\u00fatbol, como la Polic\u00eda Nacional, los equipos profesionales de f\u00fatbol, los comerciantes de la UDAG, Personer\u00eda de Medell\u00edn, Inder Medell\u00edn, Dagrd y las secretar\u00edas de la Juventud, Educaci\u00f3n y Seguridad y Convivencia. Una iniciativa para posicionar a la ciudad como referente de seguridad, comodidad y convivencia alrededor del f\u00fatbol.<\/p>\n<\/div>\n<div class=\"compartir\">Compartir en:<a title=\"\" href=\"http:\/\/www.facebook.com\/share.php?u=\" class=\"btCompartirFacebook btCompartir\" target=\"_blank\" rel=\"noopener\"><\/a><a title=\"\" href=\"http:\/\/twitter.com\/home?status=Haz%20clic%20para%20ver%20esta%20noticia%20en%20\" class=\"btCompartirTwitter btCompartir\"><\/a><a title=\"\" href=\"whatsapp:\/\/send?text=Haz%20clic%20para%20ver%20esta%20noticia%20en%20\" class=\"btCompartirWa btCompartir\"><\/a><\/div>\n<\/div>\n<p><script>try{comprobarImagen();fixBtnRedes();hitsMedellin();}catch(e){}<\/script><\/div>\n","protected":false},"excerpt":{"rendered":"<p>Foto: 1.310 personas se beneficiar\u00e1n con formaci\u00f3n y activaciones territoriales del proyecto M\u00e1s que 90 minutos. Fot\u00f3grafo: Foto Alcald\u00eda de Medell\u00edn 2022-03-02 1.310 personas se beneficiar\u00e1n con formaci\u00f3n y activaciones territoriales del proyecto M\u00e1s que &#8230;<\/p>\n","protected":false},"author":1,"featured_media":62891,"comment_status":"open","ping_status":"open","sticky":false,"template":"","format":"standard","meta":[],"categories":[12],"tags":[444,431,434,443],"formato_nota":[],"programas_tax":[],"acf":[],"_links":{"self":[{"href":"https:\/\/www.medellin.gov.co\/es\/wp-json\/wp\/v2\/posts\/62890"}],"collection":[{"href":"https:\/\/www.medellin.gov.co\/es\/wp-json\/wp\/v2\/posts"}],"about":[{"href":"https:\/\/www.medellin.gov.co\/es\/wp-json\/wp\/v2\/types\/post"}],"author":[{"embeddable":true,"href":"https:\/\/www.medellin.gov.co\/es\/wp-json\/wp\/v2\/users\/1"}],"replies":[{"embeddable":true,"href":"https:\/\/www.medellin.gov.co\/es\/wp-json\/wp\/v2\/comments?post=62890"}],"version-history":[{"count":0,"href":"https:\/\/www.medellin.gov.co\/es\/wp-json\/wp\/v2\/posts\/62890\/revisions"}],"wp:featuredmedia":[{"embeddable":true,"href":"https:\/\/www.medellin.gov.co\/es\/wp-json\/wp\/v2\/media\/62891"}],"wp:attachment":[{"href":"https:\/\/www.medellin.gov.co\/es\/wp-json\/wp\/v2\/media?parent=62890"}],"wp:term":[{"taxonomy":"category","embeddable":true,"href":"https:\/\/www.medellin.gov.co\/es\/wp-json\/wp\/v2\/categories?post=62890"},{"taxonomy":"post_tag","embeddable":true,"href":"https:\/\/www.medellin.gov.co\/es\/wp-json\/wp\/v2\/tags?post=62890"},{"taxonomy":"formato_nota","embeddable":true,"href":"https:\/\/www.medellin.gov.co\/es\/wp-json\/wp\/v2\/formato_nota?post=62890"},{"taxonomy":"programas_tax","embeddable":true,"href":"https:\/\/www.medellin.gov.co\/es\/wp-json\/wp\/v2\/programas_tax?post=62890"}],"curies":[{"name":"wp","href":"https:\/\/api.w.org\/{rel}","templated":true}]}}