{"id":62910,"date":"2022-03-01T00:00:00","date_gmt":"2022-03-01T05:00:00","guid":{"rendered":"https:\/\/www.medellin.gov.co\/es\/sala-de-prensa\/noticias\/la-alcaldia-de-medellin-presenta-proyecto-de-acuerdo-de-matricula-cero-como-politica-publica-en-beneficio-de-37-000-estudiantes\/"},"modified":"2022-04-21T12:24:48","modified_gmt":"2022-04-21T17:24:48","slug":"la-alcaldia-de-medellin-presenta-proyecto-de-acuerdo-de-matricula-cero-como-politica-publica-en-beneficio-de-37-000-estudiantes","status":"publish","type":"post","link":"https:\/\/www.medellin.gov.co\/es\/sala-de-prensa\/noticias\/la-alcaldia-de-medellin-presenta-proyecto-de-acuerdo-de-matricula-cero-como-politica-publica-en-beneficio-de-37-000-estudiantes\/","title":{"rendered":"La Alcald\u00eda de Medell\u00edn presenta proyecto de acuerdo de Matr\u00edcula Cero como pol\u00edtica p\u00fablica en beneficio de 37.000 estudiantes"},"content":{"rendered":"<div class=\"wrap contenido\">\n<div class=\"noticia\">\n<div class=\"imagen\">\n<div class=\"divContImageNoticia input_plantilla input_background\" data-input=\"fotografia\" ruta=\"\/galerias\/Imagenes\/Galer\u00eda d\u00eda a d\u00eda 2022\/1000_450\/20220301-Matricula-Cero-1.jpg\" fotografo=\"Foto Alcald\u00eda de Medell\u00edn\" descripcion=\"La Alcald\u00eda de Medell\u00edn presenta proyecto de acuerdo de Matr\u00edcula Cero como pol\u00edtica p\u00fablica en beneficio de 37.000 estudiantes.\" style=\"background-image:url('\/irj\/go\/km\/docs\/galerias\/Imagenes\/Galer\u00eda d\u00eda a d\u00eda 2022\/1000_450\/20220301-Matricula-Cero-1.jpg')\"><\/div>\n<p class=\"pMetaDesc\">Foto: La Alcald\u00eda de Medell\u00edn presenta proyecto de acuerdo de Matr\u00edcula Cero como pol\u00edtica p\u00fablica en beneficio de 37.000 estudiantes.<\/p>\n<p class=\"pMetaFotografo\">Fot\u00f3grafo: Foto Alcald\u00eda de Medell\u00edn<\/p>\n<\/div>\n<p class=\"fecha\"><span class=\"input_plantilla input_text\" data-input=\"fecha\">2022-03-01<\/span><\/p>\n<h1 itemprop=\"name\" class=\"input_plantilla input_text\" data-input=\"titulo\">La Alcald\u00eda de Medell\u00edn presenta proyecto de acuerdo de Matr\u00edcula Cero como pol\u00edtica p\u00fablica en beneficio de 37.000 estudiantes<\/h1>\n<h5 class=\"input_plantilla input_text\" data-input=\"autor\">Por Diego Cano<\/h5>\n<div class=\"cuerpo input_plantilla input_area\" data-input=\"contenido\">\n<p>.: El proyecto beneficia a 25.200 inscritos del ITM, 5.123 del Colegio Mayor de Antioquia y 6.800 del Pascual Bravo.<\/p>\n<p>.: Se busca garantizar los recursos para la financiaci\u00f3n de los programas y la unificaci\u00f3n de los fondos actuales.<\/p>\n<p><a href=\"\/irj\/go\/km\/docs\/etc\/PortalMedellin\/archivos\/nuestro_gobierno\/20220301-Matricula-Cero-01.mp3\" class=\"aContEnlace liMp3\" download=\"\" data-mce-href=\"\/irj\/go\/km\/docs\/etc\/PortalMedellin\/archivos\/nuestro_gobierno\/20220301-Matricula-Cero-01.mp3\"><span>Palabras de Esteban Restrepo, secretario de Gobierno y alcalde de Medell\u00edn (e)<\/span><span><\/span><span>1528 Kb<\/span><\/a><\/p>\n<p><a href=\"\/irj\/go\/km\/docs\/etc\/PortalMedellin\/archivos\/nuestro_gobierno\/20220301-Matricula-Cero-02.mp3\" class=\"aContEnlace liMp3\" download=\"\" data-mce-href=\"\/irj\/go\/km\/docs\/etc\/PortalMedellin\/archivos\/nuestro_gobierno\/20220301-Matricula-Cero-02.mp3\"><span>Palabras de Carlos Chaparro, director de Sapiencia.<\/span><span><\/span><span>1283 Kb<\/span><\/a><\/p>\n<p><a href=\"\/irj\/go\/km\/docs\/etc\/PortalMedellin\/archivos\/nuestro_gobierno\/20220301-Matricula-Cero-03.mp3\" class=\"aContEnlace liMp3\" download=\"\" data-mce-href=\"\/irj\/go\/km\/docs\/etc\/PortalMedellin\/archivos\/nuestro_gobierno\/20220301-Matricula-Cero-03.mp3\"><span>Palabras de Jonny Esteban Flores Montoya, estudiante de sexto semestre de Tecnolog\u00eda Industrial en el Pascual Bravo.<\/span><span><\/span><span>518 Kb<\/span><\/a><\/p>\n<p>Ante el Concejo Municipal fue presentado el Proyecto de Acuerdo N\u00b0 87-2022&nbsp; para que la Matr\u00edcula Cero sea una pol\u00edtica p\u00fablica y se unifiquen los Fondos de Educaci\u00f3n Postsecundaria, lo que constituye un hito para la transformaci\u00f3n de la educaci\u00f3n superior en la capital antioque\u00f1a.<\/p>\n<p>M\u00e1s de 37.000 estudiantes de educaci\u00f3n superior se beneficiar\u00edan con Matr\u00edcula Cero: 25.200 del ITM, 5.123 del Colegio Mayor de Antioquia y 6.800 del Pascual Bravo. Esta iniciativa contempla beneficios integrales para el acceso a la educaci\u00f3n postsecundaria con uso adecuado de recursos y en pro de la permanencia de las personas beneficiadas.<\/p>\n<p>\u201c<em>Nuestra visi\u00f3n es que cualquier joven de la ciudad pueda estudiar lo que quiera, donde quiera. \u00bfCu\u00e1l es la diferencia que marca este proyecto? En el pasado se daban cr\u00e9ditos condonables a 1.200 estudiantes por semestre. Lo que nosotros queremos es que Matr\u00edcula Cero le d\u00e9 gratuidad a m\u00e1s de 30.000 estudiantes cada semestre. Esto ha sido una lucha hist\u00f3rica del movimiento estudiantil, es una reivindicaci\u00f3n con ellos<\/em>\u201d, dijo el secretario de Gobierno y alcalde de Medell\u00edn (e), Esteban Restrepo.<\/p>\n<p>En Medell\u00edn, Matr\u00edcula Cero ha sido un programa bandera del alcalde Daniel Quintero Calle, que comprende el pago de hasta el 100 % de la matr\u00edcula para que miles de j\u00f3venes hagan realidad el sue\u00f1o de estudiar.<\/p>\n<p><a data-mce-href=\"\/irj\/go\/km\/docs\/galerias\/Imagenes\/Galer%C3%ADa%20d%C3%ADa%20a%20d%C3%ADa%202022\/20220301-Matricula-Cero-2.jpg\" href=\"\/irj\/go\/km\/docs\/galerias\/Imagenes\/Galer%C3%ADa%20d%C3%ADa%20a%20d%C3%ADa%202022\/20220301-Matricula-Cero-2.jpg\" title=\"La Alcald\u00eda de Medell\u00edn presenta proyecto de acuerdo de Matr\u00edcula Cero como pol\u00edtica p\u00fablica en beneficio de 37.000 estudiantes\" target=\"_blank\" rel=\"noopener\"><img src=\"\/irj\/go\/km\/docs\/galerias\/Imagenes\/Galer%C3%ADa%20d%C3%ADa%20a%20d%C3%ADa%202022\/1000_450\/20220301-Matricula-Cero-2.jpg\" alt=\"La Alcald\u00eda de Medell\u00edn presenta proyecto de acuerdo de Matr\u00edcula Cero como pol\u00edtica p\u00fablica en beneficio de 37.000 estudiantes\" width=\"100%\" data-mce-src=\"\/irj\/go\/km\/docs\/galerias\/Imagenes\/Galer%C3%ADa%20d%C3%ADa%20a%20d%C3%ADa%202022\/1000_450\/20220301-Matricula-Cero-2.jpg\"><\/a><br data-mce-bogus=\"1\"><\/p>\n<p>La propuesta radicada ante el Concejo consolida los programas de Matr\u00edcula Cero, Becas Futuro, Becas Mejores Bachilleres, Becas Mejores Deportistas, Becas Postgrado Formaci\u00f3n Avanzada, Becas Talento Especializado y Educaci\u00f3n para el Trabajo y el Desarrollo Humano, Centros de Formaci\u00f3n y Cr\u00e9ditos Condonables.<\/p>\n<p>\u201c<em>El proyecto tiene adem\u00e1s unos prop\u00f3sitos mayores que el de la simple unificaci\u00f3n. Vamos a eliminar una serie de procedimientos que han hecho que a las personas les quede m\u00e1s dif\u00edcil acceder a las inscripciones y a las convocatorias. Con esto vamos resolver una solicitud de las comunidades recurrentemente en cada convocatoria, porque vamos a ganar administrativamente y econ\u00f3micamente en eficiencia<\/em>\u201d, explic\u00f3 el director de Sapiencia, Carlos Chaparro.<\/p>\n<p>En la ciudad se adelanta un proceso de transformaci\u00f3n educativa para la integraci\u00f3n de la educaci\u00f3n media, superior, continua especializada y para el trabajo y el desarrollo humano. Esto favorece alianzas institucionales para lograr un sistema robusto, \u00e1gil y que propicie la continuidad acad\u00e9mica.<\/p>\n<p>\u201c<em>Los beneficios que ha tra\u00eddo la Matr\u00edcula Cero para m\u00ed han sido muy grandes, ya que pude continuar con mi formaci\u00f3n sin ninguna interrupci\u00f3n, no me tuve que preocupar por la parte econ\u00f3mica, estaba estudiando con recursos propios. Eso fue un gran alivio<\/em>\u201d, manifest\u00f3 Jonny Esteban Flores Montoya, estudiante de sexto semestre de Tecnolog\u00eda Industrial en el Pascual Bravo.<\/p>\n<p>En la actualidad, Sapiencia financia el acceso y la permanencia en la Educaci\u00f3n Postsecundaria con Fondo Medell\u00edn &#8211; EPM &#8211; Universidades, Fondos con recursos del Presupuesto Participativo, Programa Enlaza Mundos, Formaci\u00f3n Avanzada, Programa Extendiendo Fronteras Educativas y las becas Mejores Bachilleres, Tecnolog\u00edas Alcald\u00eda de Medell\u00edn y Mejores Deportistas.<\/p>\n<p>En el marco de la transformaci\u00f3n educativa se hace necesaria una figura que unifique estas propuestas que garantizan el acceso y la permanencia de miles de j\u00f3venes en la educaci\u00f3n superior.<\/p>\n<\/div>\n<div class=\"compartir\">Compartir en:<a title=\"\" href=\"http:\/\/www.facebook.com\/share.php?u=\" class=\"btCompartirFacebook btCompartir\" target=\"_blank\" rel=\"noopener\"><\/a><a title=\"\" href=\"http:\/\/twitter.com\/home?status=Haz%20clic%20para%20ver%20esta%20noticia%20en%20\" class=\"btCompartirTwitter btCompartir\"><\/a><a title=\"\" href=\"whatsapp:\/\/send?text=Haz%20clic%20para%20ver%20esta%20noticia%20en%20\" class=\"btCompartirWa btCompartir\"><\/a><\/div>\n<\/div>\n<p><script>try{comprobarImagen();fixBtnRedes();hitsMedellin();}catch(e){}<\/script><\/div>\n","protected":false},"excerpt":{"rendered":"<p>Foto: La Alcald\u00eda de Medell\u00edn presenta proyecto de acuerdo de Matr\u00edcula Cero como pol\u00edtica p\u00fablica en beneficio de 37.000 estudiantes. Fot\u00f3grafo: Foto Alcald\u00eda de Medell\u00edn 2022-03-01 La Alcald\u00eda de Medell\u00edn presenta proyecto de acuerdo de &#8230;<\/p>\n","protected":false},"author":1,"featured_media":62911,"comment_status":"open","ping_status":"open","sticky":false,"template":"","format":"standard","meta":[],"categories":[4,6,17],"tags":[431,453,455],"formato_nota":[],"programas_tax":[],"acf":[],"_links":{"self":[{"href":"https:\/\/www.medellin.gov.co\/es\/wp-json\/wp\/v2\/posts\/62910"}],"collection":[{"href":"https:\/\/www.medellin.gov.co\/es\/wp-json\/wp\/v2\/posts"}],"about":[{"href":"https:\/\/www.medellin.gov.co\/es\/wp-json\/wp\/v2\/types\/post"}],"author":[{"embeddable":true,"href":"https:\/\/www.medellin.gov.co\/es\/wp-json\/wp\/v2\/users\/1"}],"replies":[{"embeddable":true,"href":"https:\/\/www.medellin.gov.co\/es\/wp-json\/wp\/v2\/comments?post=62910"}],"version-history":[{"count":1,"href":"https:\/\/www.medellin.gov.co\/es\/wp-json\/wp\/v2\/posts\/62910\/revisions"}],"predecessor-version":[{"id":63760,"href":"https:\/\/www.medellin.gov.co\/es\/wp-json\/wp\/v2\/posts\/62910\/revisions\/63760"}],"wp:featuredmedia":[{"embeddable":true,"href":"https:\/\/www.medellin.gov.co\/es\/wp-json\/wp\/v2\/media\/62911"}],"wp:attachment":[{"href":"https:\/\/www.medellin.gov.co\/es\/wp-json\/wp\/v2\/media?parent=62910"}],"wp:term":[{"taxonomy":"category","embeddable":true,"href":"https:\/\/www.medellin.gov.co\/es\/wp-json\/wp\/v2\/categories?post=62910"},{"taxonomy":"post_tag","embeddable":true,"href":"https:\/\/www.medellin.gov.co\/es\/wp-json\/wp\/v2\/tags?post=62910"},{"taxonomy":"formato_nota","embeddable":true,"href":"https:\/\/www.medellin.gov.co\/es\/wp-json\/wp\/v2\/formato_nota?post=62910"},{"taxonomy":"programas_tax","embeddable":true,"href":"https:\/\/www.medellin.gov.co\/es\/wp-json\/wp\/v2\/programas_tax?post=62910"}],"curies":[{"name":"wp","href":"https:\/\/api.w.org\/{rel}","templated":true}]}}