{"id":62935,"date":"2022-02-28T00:00:00","date_gmt":"2022-02-28T05:00:00","guid":{"rendered":"https:\/\/www.medellin.gov.co\/es\/sala-de-prensa\/noticias\/mas-de-1-800-recicladores-de-medellin-recibieron-acompanamiento-integral-para-mejorar-las-condiciones-de-su-oficio\/"},"modified":"2022-02-28T00:00:00","modified_gmt":"2022-02-28T05:00:00","slug":"mas-de-1-800-recicladores-de-medellin-recibieron-acompanamiento-integral-para-mejorar-las-condiciones-de-su-oficio","status":"publish","type":"post","link":"https:\/\/www.medellin.gov.co\/es\/sala-de-prensa\/noticias\/mas-de-1-800-recicladores-de-medellin-recibieron-acompanamiento-integral-para-mejorar-las-condiciones-de-su-oficio\/","title":{"rendered":"M\u00e1s de 1.800 recicladores de Medell\u00edn recibieron acompa\u00f1amiento integral para mejorar las condiciones de su oficio"},"content":{"rendered":"<div class=\"wrap contenido\">\n<div class=\"noticia\">\n<div class=\"imagen\">\n<div class=\"divContImageNoticia input_plantilla input_background\" data-input=\"fotografia\" ruta=\"\/galerias\/Imagenes\/Galer\u00eda d\u00eda a d\u00eda 2022\/1000_450\/20220301-recicladores-medellin-1.jpg\" fotografo=\"Foto Alcald\u00eda de Medell\u00edn\" descripcion=\"M\u00e1s de 1.800 recicladores de Medell\u00edn recibieron acompa\u00f1amiento integral para mejorar las condiciones de su oficio.\" style=\"background-image:url('\/irj\/go\/km\/docs\/galerias\/Imagenes\/Galer\u00eda d\u00eda a d\u00eda 2022\/1000_450\/20220301-recicladores-medellin-1.jpg')\"><\/div>\n<p class=\"pMetaDesc\">Foto: M\u00e1s de 1.800 recicladores de Medell\u00edn recibieron acompa\u00f1amiento integral para mejorar las condiciones de su oficio.<\/p>\n<p class=\"pMetaFotografo\">Fot\u00f3grafo: Foto Alcald\u00eda de Medell\u00edn<\/p>\n<\/div>\n<p class=\"fecha\"><span class=\"input_plantilla input_text\" data-input=\"fecha\">2022-03-01<\/span><\/p>\n<h1 itemprop=\"name\" class=\"input_plantilla input_text\" data-input=\"titulo\">M\u00e1s de 1.800 recicladores de Medell\u00edn recibieron acompa\u00f1amiento integral para mejorar las condiciones de su oficio<\/h1>\n<h5 class=\"input_plantilla input_text\" data-input=\"autor\">Por Juan David Yepes Toro<\/h5>\n<div class=\"cuerpo input_plantilla input_area\" data-input=\"contenido\">\n<p>.: Este primero de marzo se celebra el D\u00eda Mundial del Reciclador. La Administraci\u00f3n Municipal destaca la labor fundamental que cumplen en los procesos de aprovechamiento y buen manejo de los residuos.<\/p>\n<p>.: Seg\u00fan el censo realizado por la Secretar\u00eda de Medio Ambiente, durante el a\u00f1o 2021, m\u00e1s de 5.040 familias vivieron del reciclaje en la ciudad.&nbsp;<\/p>\n<p><a href=\"\/irj\/go\/km\/docs\/pccdesign\/medellin\/Temas\/MedioAmbiente\/Noticias\/Shared Content\/Documento\/2022\/20220301-recicladores-medellin-01.mp3\" class=\"aContEnlace liMp3\" download=\"\" data-mce-href=\"\/irj\/go\/km\/docs\/pccdesign\/medellin\/Temas\/MedioAmbiente\/Noticias\/Shared Content\/Documento\/2022\/20220301-recicladores-medellin-01.mp3\"><span>Palabras de Luis Eduardo Cuervo, subsecretario de Gesti\u00f3n Ambiental de la Secretar\u00eda de Medio Ambiente.<\/span><span>880 Kb<\/span><\/a><\/p>\n<p>Los recicladores son actores fundamentales en la consolidaci\u00f3n de la Ecociudad y, por ello, la Alcald\u00eda de Medell\u00edn adelanta estrategias para fortalecer la labor que realizan d\u00eda a d\u00eda. En el \u00faltimo a\u00f1o, 1.814 recuperadores recibieron acompa\u00f1amiento integral para mejorar sus condiciones, as\u00ed como su calidad de vida y la de sus familias.&nbsp;<\/p>\n<p>Este primero de marzo, en el D\u00eda Mundial del Reciclador, la Administraci\u00f3n Municipal destaca la labor fundamental que cumplen en los procesos de aprovechamiento y buen manejo de los residuos. A su vez, ratifica la continuidad de diferentes estrategias para el mejoramiento de sus condiciones en el desarrollo del oficio.&nbsp;<\/p>\n<p><em>\u201cDesde la Alcald\u00eda de Medell\u00edn venimos fortaleciendo y acompa\u00f1ando a todos los emprendimientos y a las organizaciones en el adecuado manejo de los residuos s\u00f3lidos. Hoy, en Medell\u00edn contamos con m\u00e1s de 5.000 recicladores que vienen siendo familias que est\u00e1n viviendo de este oficio. En el d\u00eda cl\u00e1sico del reciclador no quedan sino palabras de agradecimiento, gratitud para esta poblaci\u00f3n que es tan importante para la ciudad, para poder mantener los puntos limpios, para mantener un aprovechamiento adecuado de residuos, y qu\u00e9 mejor que las familias seamos ese primer filtro en la separaci\u00f3n\u201d, <\/em>expres\u00f3 el subsecretario de Gesti\u00f3n Ambiental de la Secretar\u00eda de Medio Ambiente, Luis Eduardo Cuervo.&nbsp;<\/p>\n<p>Entre las estrategias implementadas por la Administraci\u00f3n Municipal se encuentran los programas de capacitaci\u00f3n y formaci\u00f3n t\u00e9cnica que beneficiaron a 550 recicladores en los dos \u00faltimos a\u00f1os. Con estos programas, los recuperadores recibieron certificaci\u00f3n en competencias laborales con el SENA, en normas de recolecci\u00f3n, transporte y aprovechamiento de residuos reciclables, adem\u00e1s de cualificaci\u00f3n en elementos.&nbsp;<\/p>\n<p>Asimismo, la Secretar\u00eda de Medio Ambiente ofrece asistencia t\u00e9cnica a las organizaciones prestadoras del servicio de aprovechamiento, en el marco del Decreto 596 de 2016. A trav\u00e9s de la ONG Mercy Corp fueron intervenidos 62 recicladores de oficio y se fortaleci\u00f3 un emprendimiento ejecutado en una de las organizaciones de recicladores.&nbsp;<\/p>\n<p>El manejo adecuado de residuos es uno de los componentes importantes, no s\u00f3lo para facilitar su labor, sino en la consolidaci\u00f3n de las buenas pr\u00e1cticas ambientales en la Ecociudad. En ese sentido, durante 2021, se fidelizaron 6.525 hogares en el marco de la campa\u00f1a \u201cT\u00fa separas, yo reciclo\u201d, liderada por la Secretar\u00eda de Gesti\u00f3n y Control Territorial. Con esta estrategia, se abord\u00f3 el manejo de residuos s\u00f3lidos y la importancia de hacer visible al reciclador de oficio para priorizar la entrega de material aprovechable.&nbsp;<\/p>\n<p><em>\u201cDebemos saber que nosotros, separando las basuras, le hacemos un bien a la comunidad y a nosotros mismos, porque le hacemos un bien al medio ambiente, tenemos la ciudad m\u00e1s limpia separando los residuos; tambi\u00e9n, porque nos sirve para colaborarnos en la casa con nosotros mismos, y es una labor muy buena, me ha gustado mucho. Yo desempe\u00f1o este trabajo desde los 8 a\u00f1os y nunca he pensado en dejar esta clase de trabajo porque me gusta, me fascina, y es un bien para todos, por un mejor medio ambiente y una mejor calidad de vida\u201d<\/em>, expres\u00f3 Sandra Milena Monsalve Loaiza, recicladora de oficio.&nbsp;<\/p>\n<p><a href=\"https:\/\/www.medellin.gov.co\/irj\/go\/km\/docs\/galerias\/Imagenes\/Galer%C3%ADa%20d%C3%ADa%20a%20d%C3%ADa%202022\/20220301-recicladores-medellin-2.jpg\" target=\"_blank\" rel=\"noopener\" data-mce-href=\"https:\/\/www.medellin.gov.co\/irj\/go\/km\/docs\/galerias\/Imagenes\/Galer%C3%ADa%20d%C3%ADa%20a%20d%C3%ADa%202022\/20220301-recicladores-medellin-2.jpg\"><img src=\"https:\/\/www.medellin.gov.co\/es\/wp-content\/uploads\/2022\/04\/20220301-recicladores-medellin-2.jpg\" alt=\"\" width=\"100%\" data-mce-src=\"https:\/\/www.medellin.gov.co\/es\/wp-content\/uploads\/2022\/04\/20220301-recicladores-medellin-2.jpg\"><\/a><\/p>\n<p>La Secretar\u00eda de Inclusi\u00f3n Social, Familia y Derechos Humanos ha acercado la oferta institucional a los ciudadanos en situaci\u00f3n de calle, recicladores de la comuna 10-La Candelaria, principalmente con ferias de servicios en las que han accedido a tamizajes de salud, cedulaci\u00f3n, pruebas de VIH, vacunaci\u00f3n contra hepatitis B, covid-19 y fiebre amarilla; adem\u00e1s, 1.675 familias se han beneficiado del programa renta b\u00e1sica, subsidio ofrecido por la dependencia.&nbsp;<\/p>\n<p>De igual forma, se han sensibilizado 50 ciudadanos en buenas pr\u00e1cticas ambientales y manejo de residuos, y 71 m\u00e1s en el tema de reciclaje, motiv\u00e1ndolos a formalizarse en cooperativas legalmente constituidas. Adem\u00e1s, en articulaci\u00f3n con la Secretar\u00eda de Medio Ambiente, se han realizado talleres en los diferentes componentes del Sistema de Atenci\u00f3n al Habitante de Calle Adulto, con el prop\u00f3sito de sensibilizar a los ciudadanos.&nbsp;<\/p>\n<p><em>\u201cHace 30 a\u00f1os reciclo por ac\u00e1 en el Barrio Colombia. Antes trabajaba en Bel\u00e9n La Nubia y Bel\u00e9n Las Violetas. Este es mi sustento de todos los d\u00edas para pagar el arriendo, la comida y darles los \u00fatiles a mis hijas y las necesidades de nosotras. Es una ayuda muy grande con la gente que nos colabora con el reciclaje.&nbsp; Quiero invitar a la gente para que el material de reciclaje lo depositen en bolsas distintas a los residuos, para evitar accidentes y podamos organizar los materiales\u201d,<\/em> manifest\u00f3 Lina Marcela Vel\u00e1squez P\u00e9rez, recicladora de oficio.&nbsp;<\/p>\n<p>Entre enero de 2021 y enero de 2022, la Alcald\u00eda de Medell\u00edn, a trav\u00e9s de la Secretar\u00eda de Medio Ambiente, adelant\u00f3 el trabajo de campo para la actualizaci\u00f3n del censo de recicladores de la ciudad. En esta labor fueron censados 5.040 recicladores, de los cuales 4.291 son recicladores de oficio registrados, 618 recicladores ocasionales y 131 habitantes de calle, que de manera ocasional realizan esta labor. Durante el proceso fueron censadas 35 organizaciones de recicladores.<\/p>\n<\/div>\n<div class=\"compartir\">Compartir en:<a title=\"\" href=\"http:\/\/www.facebook.com\/share.php?u=\" class=\"btCompartirFacebook btCompartir\" target=\"_blank\" rel=\"noopener\"><\/a><a title=\"\" href=\"http:\/\/twitter.com\/home?status=Haz%20clic%20para%20ver%20esta%20noticia%20en%20\" class=\"btCompartirTwitter btCompartir\"><\/a><a title=\"\" href=\"whatsapp:\/\/send?text=Haz%20clic%20para%20ver%20esta%20noticia%20en%20\" class=\"btCompartirWa btCompartir\"><\/a><\/div>\n<\/div>\n<p><script>try{comprobarImagen();fixBtnRedes();hitsMedellin();}catch(e){}<\/script><\/div>\n","protected":false},"excerpt":{"rendered":"<p>Foto: M\u00e1s de 1.800 recicladores de Medell\u00edn recibieron acompa\u00f1amiento integral para mejorar las condiciones de su oficio. Fot\u00f3grafo: Foto Alcald\u00eda de Medell\u00edn 2022-03-01 M\u00e1s de 1.800 recicladores de Medell\u00edn recibieron acompa\u00f1amiento integral para mejorar las &#8230;<\/p>\n","protected":false},"author":1,"featured_media":62936,"comment_status":"open","ping_status":"open","sticky":false,"template":"","format":"standard","meta":[],"categories":[13],"tags":[445,441,436,450],"formato_nota":[],"programas_tax":[],"acf":[],"_links":{"self":[{"href":"https:\/\/www.medellin.gov.co\/es\/wp-json\/wp\/v2\/posts\/62935"}],"collection":[{"href":"https:\/\/www.medellin.gov.co\/es\/wp-json\/wp\/v2\/posts"}],"about":[{"href":"https:\/\/www.medellin.gov.co\/es\/wp-json\/wp\/v2\/types\/post"}],"author":[{"embeddable":true,"href":"https:\/\/www.medellin.gov.co\/es\/wp-json\/wp\/v2\/users\/1"}],"replies":[{"embeddable":true,"href":"https:\/\/www.medellin.gov.co\/es\/wp-json\/wp\/v2\/comments?post=62935"}],"version-history":[{"count":0,"href":"https:\/\/www.medellin.gov.co\/es\/wp-json\/wp\/v2\/posts\/62935\/revisions"}],"wp:featuredmedia":[{"embeddable":true,"href":"https:\/\/www.medellin.gov.co\/es\/wp-json\/wp\/v2\/media\/62936"}],"wp:attachment":[{"href":"https:\/\/www.medellin.gov.co\/es\/wp-json\/wp\/v2\/media?parent=62935"}],"wp:term":[{"taxonomy":"category","embeddable":true,"href":"https:\/\/www.medellin.gov.co\/es\/wp-json\/wp\/v2\/categories?post=62935"},{"taxonomy":"post_tag","embeddable":true,"href":"https:\/\/www.medellin.gov.co\/es\/wp-json\/wp\/v2\/tags?post=62935"},{"taxonomy":"formato_nota","embeddable":true,"href":"https:\/\/www.medellin.gov.co\/es\/wp-json\/wp\/v2\/formato_nota?post=62935"},{"taxonomy":"programas_tax","embeddable":true,"href":"https:\/\/www.medellin.gov.co\/es\/wp-json\/wp\/v2\/programas_tax?post=62935"}],"curies":[{"name":"wp","href":"https:\/\/api.w.org\/{rel}","templated":true}]}}