{"id":62938,"date":"2022-02-26T00:00:00","date_gmt":"2022-02-26T05:00:00","guid":{"rendered":"https:\/\/www.medellin.gov.co\/es\/sala-de-prensa\/noticias\/102-habitantes-de-calle-avanzan-en-su-resocializacion-con-estudios-en-panaderia-manipulacion-de-alimentos-y-confecciones\/"},"modified":"2022-04-21T12:18:36","modified_gmt":"2022-04-21T17:18:36","slug":"102-habitantes-de-calle-avanzan-en-su-resocializacion-con-estudios-en-panaderia-manipulacion-de-alimentos-y-confecciones","status":"publish","type":"post","link":"https:\/\/www.medellin.gov.co\/es\/sala-de-prensa\/noticias\/102-habitantes-de-calle-avanzan-en-su-resocializacion-con-estudios-en-panaderia-manipulacion-de-alimentos-y-confecciones\/","title":{"rendered":"102 habitantes de calle avanzan en su resocializaci\u00f3n con estudios en panader\u00eda, manipulaci\u00f3n de alimentos y confecciones"},"content":{"rendered":"<div class=\"wrap contenido\">\n<div class=\"noticia\">\n<div class=\"imagen\">\n<div class=\"divContImageNoticia input_plantilla input_background\" data-input=\"fotografia\" ruta=\"\/galerias\/Imagenes\/Galer\u00eda d\u00eda a d\u00eda 2022\/1000_450\/20220227_Resocializacion_Panaderia (1).jpg\" fotografo=\"Foto Alcald\u00eda de Medell\u00edn\" descripcion=\"Habitantes de calle avanzan en su resocializaci\u00f3n con estudios en panader\u00eda, manipulaci\u00f3n de alimentos y confeccione.\" style=\"background-image:url('\/irj\/go\/km\/docs\/galerias\/Imagenes\/Galer\u00eda d\u00eda a d\u00eda 2022\/1000_450\/20220227_Resocializacion_Panaderia (1).jpg')\"><\/div>\n<p class=\"pMetaDesc\">Foto: Habitantes de calle avanzan en su resocializaci\u00f3n con estudios en panader\u00eda, manipulaci\u00f3n de alimentos y confeccione.<\/p>\n<p class=\"pMetaFotografo\">Fot\u00f3grafo: Foto Alcald\u00eda de Medell\u00edn<\/p>\n<\/div>\n<p class=\"fecha\"><span class=\"input_plantilla input_text\" data-input=\"fecha\">2022-02-26<\/span><\/p>\n<h1 itemprop=\"name\" class=\"input_plantilla input_text\" data-input=\"titulo\">102 habitantes de calle avanzan en su resocializaci\u00f3n con estudios en panader\u00eda, manipulaci\u00f3n de alimentos y confecciones<\/h1>\n<h5 class=\"input_plantilla input_text\" data-input=\"autor\">Por Juli\u00e1n Piedrah\u00edta Ram\u00edrez<\/h5>\n<div class=\"cuerpo input_plantilla input_area\" data-input=\"contenido\">\n<p><strong>::<\/strong> Las capacitaciones te\u00f3rico-pr\u00e1cticas se realizan en zona rural de Barbosa y duran entre 40 y 60 horas cada una.<br \/><strong>::<\/strong> Adem\u00e1s de fortalecer sus habilidades laborales, reciben acompa\u00f1amiento psicosocial, alimentaci\u00f3n y otros servicios.<br \/><strong>::<\/strong> Cuenta con orientaci\u00f3n del SENA y otras entidades, que acercan oportunidades laborales y formativas a esta poblaci\u00f3n.<\/p>\n<p><strong>::<\/strong> <a href=\"\/irj\/go\/km\/docs\/\/galerias\/Audios\/Audios%20d%C3%ADa%20a%20d%C3%ADa%202021%20-%203\/20220227_secretario-Capacitaci%C3%B3n%20exhabitantes%20de%20calle.mp3\" title=\"Palabras del secretario de Inclusi\u00f3n Social, Familia y Derechos Humanos, Juan Pablo Ram\u00edrez \u00c1lvarez\" target=\"_blank\" rel=\"noopener\" data-mce-href=\"\/irj\/go\/km\/docs\/\/galerias\/Audios\/Audios%20d%C3%ADa%20a%20d%C3%ADa%202021%20-%203\/20220227_secretario-Capacitaci%C3%B3n%20exhabitantes%20de%20calle.mp3\">Palabras del secretario de Inclusi\u00f3n Social, Familia y Derechos Humanos, Juan Pablo Ram\u00edrez \u00c1lvarez<\/a><br \/><strong>::<\/strong> <span style=\"color: rgb(0, 0, 250);\" data-mce-style=\"color: #0000fa;\"><a href=\"\/irj\/go\/km\/docs\/\/galerias\/Audios\/Audios%20d%C3%ADa%20a%20d%C3%ADa%202021%20-%203\/20220227_beneficiario-capacitaci%C3%B3n.mp3\" title=\"Palabras de Andr\u00e9s P\u00e9rez, beneficiario\" target=\"_blank\" rel=\"noopener\" data-mce-href=\"\/irj\/go\/km\/docs\/\/galerias\/Audios\/Audios%20d%C3%ADa%20a%20d%C3%ADa%202021%20-%203\/20220227_beneficiario-capacitaci%C3%B3n.mp3\" style=\"color: rgb(0, 0, 250);\" data-mce-style=\"color: #0000fa;\">Palabras de Andr\u00e9s P\u00e9rez, beneficiario<\/a><\/span><\/p>\n<p>102 habitantes de calle en proceso de resocializaci\u00f3n, bajo servicios que ofrece la Alcald\u00eda de Medell\u00edn, se capacitan en manipulaci\u00f3n de alimentos, confecciones y panader\u00eda, en cursos que duran hasta 60 horas y se ofrecen en la Granja, zona rural de la vereda La Monta\u00f1ita de Barbosa.<\/p>\n<p>Estos espacios te\u00f3rico-pr\u00e1cticos se realizan en alianza con el SENA y se desarrollan aproximadamente por tres meses con una clase de cuatro horas por semana para fortalecer las habilidades laborales y capacidades personales de sus beneficiarios. Los grupos de estudio var\u00edan entre 20 y 36 integrantes, y un ciudadano puede tomar los tres cursos a la vez.<\/p>\n<p><em>\u201cEstamos consolidando un modelo de ciudad y social que brinda segundas, terceras y todas las oportunidades necesarias para que aquellos que quieran reconstruir su vida, lo puedan hacer\u201d<\/em>, indic\u00f3 el secretario de Inclusi\u00f3n Social, Familia y Derechos Humanos, Juan Pablo Ram\u00edrez \u00c1lvarez, quien agreg\u00f3 que este proceso permitir\u00e1 <em>\u201c&#8230;tener herramientas para insertarse de nuevo en la vida laboral, hacer parte de la construcci\u00f3n de la sociedad y de la Medell\u00edn Futuro\u201d.<\/em><\/p>\n<p><a data-mce-href=\"\/irj\/go\/km\/docs\/galerias\/Imagenes\/Galer%C3%ADa%20d%C3%ADa%20a%20d%C3%ADa%202022\/20220227_Resocializacion_Panaderia%20(2).JPG\" href=\"\/irj\/go\/km\/docs\/galerias\/Imagenes\/Galer%C3%ADa%20d%C3%ADa%20a%20d%C3%ADa%202022\/20220227_Resocializacion_Panaderia%20(2).JPG\" title=\"Habitantes de calle avanzan en su resocializaci\u00f3n con estudios en panader\u00eda, manipulaci\u00f3n de alimentos y confecciones\" target=\"_blank\" rel=\"noopener\"><em><img loading=\"lazy\" src=\"\/irj\/go\/km\/docs\/galerias\/Imagenes\/Galer%C3%ADa%20d%C3%ADa%20a%20d%C3%ADa%202022\/1000_450\/20220227_Resocializacion_Panaderia%20(2).jpg\" alt=\"Habitantes de calle avanzan en su resocializaci\u00f3n con estudios en panader\u00eda, manipulaci\u00f3n de alimentos y confecciones\" data-mce-src=\"\/irj\/go\/km\/docs\/galerias\/Imagenes\/Galer%C3%ADa%20d%C3%ADa%20a%20d%C3%ADa%202022\/1000_450\/20220227_Resocializacion_Panaderia%20(2).jpg\" width=\"1000\" height=\"450\"><\/em><\/a><\/p>\n<p>La formaci\u00f3n se articula con entidades como el \u00c1rea Metropolitana, la Alcald\u00eda de Barbosa, el Inder Medell\u00edn y varias empresas privadas. Una vez terminen la resocializaci\u00f3n, los inscritos estar\u00e1n en capacidad de trabajar.<\/p>\n<p>Andr\u00e9s P\u00e9rez, quien lleva m\u00e1s de diez meses, indic\u00f3 que estas actividades <em>\u201cme sacan de la rutina, me hacen integrar con mis amigos, me dan nuevas formas de pensar para cuando est\u00e9 afuera, con un emprendimiento o una forma de trabajar, y para recibir ingresos para mi familia y estar integrado a la sociedad\u201d<\/em>.<\/p>\n<p>Adicionalmente, se incluye formaci\u00f3n acad\u00e9mica que puede llegar hasta la culminaci\u00f3n de la primaria y\/o el bachillerato, as\u00ed como dormitorio, alimentaci\u00f3n y acompa\u00f1amiento psicosocial y terap\u00e9utico. El proceso de cada participante dura un a\u00f1o.<\/p>\n<p>En 2021, otros 617 habitantes de calle asistieron a talleres de emprendimiento, aseo hospitalario, manipulaci\u00f3n de alimentos, y manejo de m\u00e1quinas plana y fileteadora. La mayor\u00eda avanza en la resocializaci\u00f3n y construcci\u00f3n de un nuevo proyecto de vida personal, familiar, social y laboral, bajo la oferta de programas y servicios de la Alcald\u00eda de Medell\u00edn.<strong><\/strong><\/p>\n<\/div>\n<div class=\"compartir\">Compartir en:<a title=\"\" href=\"http:\/\/www.facebook.com\/share.php?u=\" class=\"btCompartirFacebook btCompartir\" target=\"_blank\" rel=\"noopener\"><\/a><a title=\"\" href=\"http:\/\/twitter.com\/home?status=Haz%20clic%20para%20ver%20esta%20noticia%20en%20\" class=\"btCompartirTwitter btCompartir\"><\/a><a title=\"\" href=\"whatsapp:\/\/send?text=Haz%20clic%20para%20ver%20esta%20noticia%20en%20\" class=\"btCompartirWa btCompartir\"><\/a><\/div>\n<\/div>\n<p><script>try{comprobarImagen();fixBtnRedes();hitsMedellin();}catch(e){}<\/script><\/div>\n","protected":false},"excerpt":{"rendered":"<p>Foto: Habitantes de calle avanzan en su resocializaci\u00f3n con estudios en panader\u00eda, manipulaci\u00f3n de alimentos y confeccione. Fot\u00f3grafo: Foto Alcald\u00eda de Medell\u00edn 2022-02-26 102 habitantes de calle avanzan en su resocializaci\u00f3n con estudios en panader\u00eda, &#8230;<\/p>\n","protected":false},"author":1,"featured_media":62939,"comment_status":"open","ping_status":"open","sticky":false,"template":"","format":"standard","meta":[],"categories":[1],"tags":[444,431,426,449,450],"formato_nota":[],"programas_tax":[],"acf":[],"_links":{"self":[{"href":"https:\/\/www.medellin.gov.co\/es\/wp-json\/wp\/v2\/posts\/62938"}],"collection":[{"href":"https:\/\/www.medellin.gov.co\/es\/wp-json\/wp\/v2\/posts"}],"about":[{"href":"https:\/\/www.medellin.gov.co\/es\/wp-json\/wp\/v2\/types\/post"}],"author":[{"embeddable":true,"href":"https:\/\/www.medellin.gov.co\/es\/wp-json\/wp\/v2\/users\/1"}],"replies":[{"embeddable":true,"href":"https:\/\/www.medellin.gov.co\/es\/wp-json\/wp\/v2\/comments?post=62938"}],"version-history":[{"count":2,"href":"https:\/\/www.medellin.gov.co\/es\/wp-json\/wp\/v2\/posts\/62938\/revisions"}],"predecessor-version":[{"id":63736,"href":"https:\/\/www.medellin.gov.co\/es\/wp-json\/wp\/v2\/posts\/62938\/revisions\/63736"}],"wp:featuredmedia":[{"embeddable":true,"href":"https:\/\/www.medellin.gov.co\/es\/wp-json\/wp\/v2\/media\/62939"}],"wp:attachment":[{"href":"https:\/\/www.medellin.gov.co\/es\/wp-json\/wp\/v2\/media?parent=62938"}],"wp:term":[{"taxonomy":"category","embeddable":true,"href":"https:\/\/www.medellin.gov.co\/es\/wp-json\/wp\/v2\/categories?post=62938"},{"taxonomy":"post_tag","embeddable":true,"href":"https:\/\/www.medellin.gov.co\/es\/wp-json\/wp\/v2\/tags?post=62938"},{"taxonomy":"formato_nota","embeddable":true,"href":"https:\/\/www.medellin.gov.co\/es\/wp-json\/wp\/v2\/formato_nota?post=62938"},{"taxonomy":"programas_tax","embeddable":true,"href":"https:\/\/www.medellin.gov.co\/es\/wp-json\/wp\/v2\/programas_tax?post=62938"}],"curies":[{"name":"wp","href":"https:\/\/api.w.org\/{rel}","templated":true}]}}