{"id":62966,"date":"2022-02-25T00:00:00","date_gmt":"2022-02-25T05:00:00","guid":{"rendered":"https:\/\/www.medellin.gov.co\/es\/sala-de-prensa\/noticias\/medellin-consolida-alianzas-con-cinco-grandes-companias-de-tecnologia-a-nivel-mundial-con-formacion-en-c4ta\/"},"modified":"2022-02-25T00:00:00","modified_gmt":"2022-02-25T05:00:00","slug":"medellin-consolida-alianzas-con-cinco-grandes-companias-de-tecnologia-a-nivel-mundial-con-formacion-en-c4ta","status":"publish","type":"post","link":"https:\/\/www.medellin.gov.co\/es\/sala-de-prensa\/noticias\/medellin-consolida-alianzas-con-cinco-grandes-companias-de-tecnologia-a-nivel-mundial-con-formacion-en-c4ta\/","title":{"rendered":"Medell\u00edn consolida alianzas con cinco grandes compa\u00f1\u00edas de tecnolog\u00eda a nivel mundial con formaci\u00f3n en C4TA"},"content":{"rendered":"<div class=\"wrap contenido\">\n<div class=\"noticia\">\n<div class=\"imagen\">\n<div class=\"divContImageNoticia input_plantilla input_background\" data-input=\"fotografia\" ruta=\"\/galerias\/Imagenes\/Galer\u00eda d\u00eda a d\u00eda 2022\/1000_450\/20220226-C4TA-1.jpg\" fotografo=\"Foto Alcald\u00eda de Medell\u00edn\" descripcion=\"Medell\u00edn consolida alianzas con cinco grandes compa\u00f1\u00edas de tecnolog\u00eda a nivel mundial con formaci\u00f3n en C4TA.\" style=\"background-image:url('\/irj\/go\/km\/docs\/galerias\/Imagenes\/Galer\u00eda d\u00eda a d\u00eda 2022\/1000_450\/20220226-C4TA-1.jpg')\"><\/div>\n<p class=\"pMetaDesc\">Foto: Medell\u00edn consolida alianzas con cinco grandes compa\u00f1\u00edas de tecnolog\u00eda a nivel mundial con formaci\u00f3n en C4TA.<\/p>\n<p class=\"pMetaFotografo\">Fot\u00f3grafo: Foto Alcald\u00eda de Medell\u00edn<\/p>\n<\/div>\n<p class=\"fecha\"><span class=\"input_plantilla input_text\" data-input=\"fecha\">2022-02-25<\/span><\/p>\n<h1 itemprop=\"name\" class=\"input_plantilla input_text\" data-input=\"titulo\">Medell\u00edn consolida alianzas con cinco grandes compa\u00f1\u00edas de tecnolog\u00eda a nivel mundial con formaci\u00f3n en C4TA<\/h1>\n<h5 class=\"input_plantilla input_text\" data-input=\"autor\">Por Diego Cano<\/h5>\n<div class=\"cuerpo input_plantilla input_area\" data-input=\"contenido\">\n<p>.: Multinacionales como Furukawa, Microsoft, Schneider, Amazon y Cisco tienen presencia acad\u00e9mica en la Ciudadela de la Cuarta Revoluci\u00f3n Industrial y la Transformaci\u00f3n -C4TA.<\/p>\n<p>.: Las instalaciones de la ciudadela cuentan con la infraestructura necesaria que requieren los gigantes tecnol\u00f3gicos para impartir sus contenidos.&nbsp;<\/p>\n<p>.: La Universidad de Antioquia, la Universidad Nacional, el ITM y el Sena acompa\u00f1an la oferta educativa.<\/p>\n<p><a href=\"\/irj\/go\/km\/docs\/etc\/PortalMedellin\/archivos\/nuestro_gobierno\/20220226-C4TA-01.mp3\" class=\"aContEnlace liMp3\" download=\"\" data-mce-href=\"\/irj\/go\/km\/docs\/etc\/PortalMedellin\/archivos\/nuestro_gobierno\/20220226-C4TA-01.mp3\"><span>Palabras de Carlos Chaparro S\u00e1nchez, director de la Agencia de Educaci\u00f3n Postsecundaria de Medell\u00edn &#8211; Sapiencia.<\/span><span><\/span><span>601 Kb<\/span><\/a><\/p>\n<p><a href=\"\/irj\/go\/km\/docs\/etc\/PortalMedellin\/archivos\/nuestro_gobierno\/20220226-C4TA-02.mp3\" class=\"aContEnlace liMp3\" download=\"\" data-mce-href=\"\/irj\/go\/km\/docs\/etc\/PortalMedellin\/archivos\/nuestro_gobierno\/20220226-C4TA-02.mp3\"><span>Palabras de Marlon Monsalve G\u00f3mez, egresado del programa Talento Especializado en Marketing Digital dictado por Sapiencia.<\/span><span><\/span><span>633 Kb<\/span><\/a><\/p>\n<p>La Ciudadela de la Cuarta Revoluci\u00f3n y la Transformaci\u00f3n del Aprendizaje &#8211; C4TA se ha convertido en la sede acad\u00e9mica de cinco gigantes de la tecnolog\u00eda que encuentran en su infraestructura el escenario ideal para que sus programas de innovaci\u00f3n ayuden a consolidar a Medell\u00edn como el Distrito de Ciencia, Tecnolog\u00eda e Innovaci\u00f3n m\u00e1s importante de Am\u00e9rica Latina.<\/p>\n<p>En este escenario, Sapiencia brinda alternativas de formaci\u00f3n a trav\u00e9s de cursos cortos como: Desarrollo de Software, con el Sena; Programaci\u00f3n para Machine Learning, con Amazon; Redes Teleinform\u00e1ticas y Ciberseguridad, con Cisco; Automatizaci\u00f3n y Manufactura Inteligente, con Schneider Electric; Redes de Comunicaci\u00f3n Basadas en Fibra \u00d3ptica y Tecnolog\u00edas GPON, con Furukawa; y Ciencia e Inteligencia de Datos, con Microsoft.<\/p>\n<p>\u201c<em>La formaci\u00f3n del talento especializado, que Sapiencia y la Alcald\u00eda de Medell\u00edn est\u00e1n llevando a las personas de nuestra ciudad, tiene como elemento clave que la calidad de los programas se garantiza porque est\u00e1n servidos, est\u00e1n ofrecidos por instituciones de educaci\u00f3n superior de alto nivel y gigantes tecnol\u00f3gicos. Los unos aportan el saber curricular para la formaci\u00f3n de las habilidades blandas y el biling\u00fcismo, y los gigantes tecnol\u00f3gicos aportan la formaci\u00f3n de tecnolog\u00eda, ya que ellos son los m\u00e1s pertinentes<\/em>\u201d, dijo el director de la Agencia de Educaci\u00f3n Postsecundaria de Medell\u00edn &#8211; Sapiencia, Carlos Chaparro S\u00e1nchez.<\/p>\n<p>En la actualidad son 1.200 estudiantes que cada d\u00eda llegan a las aulas de la C4TA con el prop\u00f3sito de aprender por medio de las m\u00e1s completas tecnolog\u00edas del aprendizaje presentes en cada uno de los espacios de esta infraestructura universitaria, centrados en que los conocimientos que reciben les proporcionar\u00e1n una alternativa real para incursionar laboralmente en las empresas de base tecnol\u00f3gica las cuales atraen a los mejores en este campo.<\/p>\n<p><a data-mce-href=\"\/irj\/go\/km\/docs\/galerias\/Imagenes\/Galer%C3%ADa%20d%C3%ADa%20a%20d%C3%ADa%202022\/20220226-C4TA-2.jpg\" href=\"\/irj\/go\/km\/docs\/galerias\/Imagenes\/Galer%C3%ADa%20d%C3%ADa%20a%20d%C3%ADa%202022\/20220226-C4TA-2.jpg\" title=\"Medell\u00edn consolida alianzas con cinco grandes compa\u00f1\u00edas de tecnolog\u00eda a nivel mundial con formaci\u00f3n en C4TA\" target=\"_blank\" rel=\"noopener\"><img src=\"\/irj\/go\/km\/docs\/galerias\/Imagenes\/Galer%C3%ADa%20d%C3%ADa%20a%20d%C3%ADa%202022\/1000_450\/20220226-C4TA-2.jpg\" alt=\"Medell\u00edn consolida alianzas con cinco grandes compa\u00f1\u00edas de tecnolog\u00eda a nivel mundial con formaci\u00f3n en C4TA\" width=\"100%\"><\/a><br data-mce-bogus=\"1\"><\/p>\n<p>El programa Talento Especializado es la estrategia que m\u00e1s se ha beneficiado con la presencia de estos centros del conocimiento mundial, con el acompa\u00f1amiento de instituciones de educaci\u00f3n superior como la Universidad de Antioquia, el ITM, la Universidad Nacional y el Sena, las cuales vienen revolucionando la formaci\u00f3n de la fuerza laboral que incursiona en las industrias 4.0.<\/p>\n<p>\u201c<em>En este momento estoy trabajando como coordinador de Marketing en una fundaci\u00f3n y he ahondado m\u00e1s en mis conocimientos. Creo que en el \u00e1rea se necesita bastante personal&nbsp; y m\u00e1s&nbsp; en esta de la industria 4.0. As\u00ed que la invitaci\u00f3n es a cada uno de los j\u00f3venes de Medell\u00edn a que se puedan inscribir a este programa, aprovechar esta gran oportunidad y, as\u00ed como yo, puedan incursionar en este mundo laboral y gozar de estas grandes oportunidades<\/em>\u201d, expres\u00f3 Marlon Monsalve G\u00f3mez, egresado del programa Talento Especializado en Marketing Digital dictado por Sapiencia.<\/p>\n<p>En la actualidad, Sapiencia tiene abierta la convocatoria para el programa Talento Especializado en diez rutas formativas relacionadas con las industrias digitales que buscan formar el recurso que demanda el sector de ciencia y tecnolog\u00eda en el pa\u00eds. Los interesados pueden inscribirse a trav\u00e9s de <a href=\"http:\/\/www.sapiencia.gov.co\" data-mce-href=\"http:\/\/www.sapiencia.gov.co\">www.sapiencia.gov.co<\/a>.<\/p>\n<\/div>\n<div class=\"compartir\">Compartir en:<a title=\"\" href=\"http:\/\/www.facebook.com\/share.php?u=\" class=\"btCompartirFacebook btCompartir\" target=\"_blank\" rel=\"noopener\"><\/a><a title=\"\" href=\"http:\/\/twitter.com\/home?status=Haz%20clic%20para%20ver%20esta%20noticia%20en%20\" class=\"btCompartirTwitter btCompartir\"><\/a><a title=\"\" href=\"whatsapp:\/\/send?text=Haz%20clic%20para%20ver%20esta%20noticia%20en%20\" class=\"btCompartirWa btCompartir\"><\/a><\/div>\n<\/div>\n<p><script>try{comprobarImagen();fixBtnRedes();hitsMedellin();}catch(e){}<\/script><\/div>\n","protected":false},"excerpt":{"rendered":"<p>Foto: Medell\u00edn consolida alianzas con cinco grandes compa\u00f1\u00edas de tecnolog\u00eda a nivel mundial con formaci\u00f3n en C4TA. Fot\u00f3grafo: Foto Alcald\u00eda de Medell\u00edn 2022-02-25 Medell\u00edn consolida alianzas con cinco grandes compa\u00f1\u00edas de tecnolog\u00eda a nivel mundial &#8230;<\/p>\n","protected":false},"author":1,"featured_media":62967,"comment_status":"open","ping_status":"open","sticky":false,"template":"","format":"standard","meta":[],"categories":[19],"tags":[433,428,434,455,443],"formato_nota":[],"programas_tax":[],"acf":[],"_links":{"self":[{"href":"https:\/\/www.medellin.gov.co\/es\/wp-json\/wp\/v2\/posts\/62966"}],"collection":[{"href":"https:\/\/www.medellin.gov.co\/es\/wp-json\/wp\/v2\/posts"}],"about":[{"href":"https:\/\/www.medellin.gov.co\/es\/wp-json\/wp\/v2\/types\/post"}],"author":[{"embeddable":true,"href":"https:\/\/www.medellin.gov.co\/es\/wp-json\/wp\/v2\/users\/1"}],"replies":[{"embeddable":true,"href":"https:\/\/www.medellin.gov.co\/es\/wp-json\/wp\/v2\/comments?post=62966"}],"version-history":[{"count":0,"href":"https:\/\/www.medellin.gov.co\/es\/wp-json\/wp\/v2\/posts\/62966\/revisions"}],"wp:featuredmedia":[{"embeddable":true,"href":"https:\/\/www.medellin.gov.co\/es\/wp-json\/wp\/v2\/media\/62967"}],"wp:attachment":[{"href":"https:\/\/www.medellin.gov.co\/es\/wp-json\/wp\/v2\/media?parent=62966"}],"wp:term":[{"taxonomy":"category","embeddable":true,"href":"https:\/\/www.medellin.gov.co\/es\/wp-json\/wp\/v2\/categories?post=62966"},{"taxonomy":"post_tag","embeddable":true,"href":"https:\/\/www.medellin.gov.co\/es\/wp-json\/wp\/v2\/tags?post=62966"},{"taxonomy":"formato_nota","embeddable":true,"href":"https:\/\/www.medellin.gov.co\/es\/wp-json\/wp\/v2\/formato_nota?post=62966"},{"taxonomy":"programas_tax","embeddable":true,"href":"https:\/\/www.medellin.gov.co\/es\/wp-json\/wp\/v2\/programas_tax?post=62966"}],"curies":[{"name":"wp","href":"https:\/\/api.w.org\/{rel}","templated":true}]}}