{"id":63001,"date":"2022-02-22T00:00:00","date_gmt":"2022-02-22T05:00:00","guid":{"rendered":"https:\/\/www.medellin.gov.co\/es\/sala-de-prensa\/noticias\/el-alcalde-daniel-quintero-calle-mostro-a-concejales-de-medellin-los-avances-en-las-primeras-unidades-de-generacion-en-hidroituango\/"},"modified":"2022-04-21T12:01:26","modified_gmt":"2022-04-21T17:01:26","slug":"el-alcalde-daniel-quintero-calle-mostro-a-concejales-de-medellin-los-avances-en-las-primeras-unidades-de-generacion-en-hidroituango","status":"publish","type":"post","link":"https:\/\/www.medellin.gov.co\/es\/sala-de-prensa\/noticias\/el-alcalde-daniel-quintero-calle-mostro-a-concejales-de-medellin-los-avances-en-las-primeras-unidades-de-generacion-en-hidroituango\/","title":{"rendered":"El alcalde Daniel Quintero Calle mostr\u00f3 a concejales de Medell\u00edn los avances en las primeras unidades de generaci\u00f3n en Hidroituango"},"content":{"rendered":"<div class=\"wrap contenido\">\n<div class=\"noticia\">\n<div class=\"imagen\">\n<div class=\"divContImageNoticia input_plantilla input_background\" data-input=\"fotografia\" ruta=\"\/galerias\/Imagenes\/Galer\u00eda d\u00eda a d\u00eda 2022\/1000_450\/20220222-hidroituango-1.jpg\" fotografo=\"Foto Alcald\u00eda de Medell\u00edn\" descripcion=\"El alcalde Daniel Quintero Calle mostr\u00f3 a concejales de Medell\u00edn los avances en las primeras unidades de generaci\u00f3n en Hidroituango. \" style=\"background-image:url('\/irj\/go\/km\/docs\/galerias\/Imagenes\/Galer\u00eda d\u00eda a d\u00eda 2022\/1000_450\/20220222-hidroituango-1.jpg')\"><\/div>\n<p class=\"pMetaDesc\">Foto: El alcalde Daniel Quintero Calle mostr\u00f3 a concejales de Medell\u00edn los avances en las primeras unidades de generaci\u00f3n en Hidroituango. <\/p>\n<p class=\"pMetaFotografo\">Fot\u00f3grafo: Foto Alcald\u00eda de Medell\u00edn<\/p>\n<\/div>\n<p class=\"fecha\"><span class=\"input_plantilla input_text\" data-input=\"fecha\">2022-02-22<\/span><\/p>\n<h1 itemprop=\"name\" class=\"input_plantilla input_text\" data-input=\"titulo\">El alcalde Daniel Quintero Calle mostr\u00f3 a concejales de Medell\u00edn los avances en las primeras unidades de generaci\u00f3n en Hidroituango<\/h1>\n<h5 class=\"input_plantilla input_text\" data-input=\"autor\">Por Prensa Alcald\u00eda de Medell\u00edn<\/h5>\n<div class=\"cuerpo input_plantilla input_area\" data-input=\"contenido\">\n<p>.: El mandatario local reiter\u00f3 el compromiso colectivo para empezar a generar energ\u00eda a partir del 26 de julio de este a\u00f1o.&nbsp;<\/p>\n<p>.: Adem\u00e1s de trabajar en la primera unidad de generaci\u00f3n de energ\u00eda, EPM tambi\u00e9n avanza en la finalizaci\u00f3n de las obras en la segunda unidad este a\u00f1o.&nbsp;<\/p>\n<p>.: EPM espera encender las seis unidades restantes entre 2023 y 2025, cumpliendo as\u00ed con la meta de cubrir el 17 % de la demanda a nivel nacional.&nbsp;<\/p>\n<p><a href=\"\/irj\/go\/km\/docs\/pccdesign\/medellin\/Temas\/NuestroGobierno\/Noticias_0\/Shared Content\/Documentos\/2022\/20220222-hidroituango-01.mp3\" class=\"aContEnlace liMp3\" download=\"\" data-mce-href=\"\/irj\/go\/km\/docs\/pccdesign\/medellin\/Temas\/NuestroGobierno\/Noticias_0\/Shared Content\/Documentos\/2022\/20220222-hidroituango-01.mp3\"><span>Palabras de Daniel Quintero Calle, alcalde de Medell\u00edn. <\/span><span>6008 Kb<\/span><\/a><\/p>\n<p>Este martes 22 de febrero, el alcalde Daniel Quintero Calle y el gerente de Empresas P\u00fablicas de Medell\u00edn (EPM), Jorge Andr\u00e9s Carrillo, recibieron en las obras de Hidroituango a 10 concejales de Medell\u00edn para realizar un recorrido y conocer los avances del megaproyecto que tiene una ejecuci\u00f3n superior al 87 % y se encamina a generar energ\u00eda a partir del 26 de julio de este a\u00f1o con el encendido de la primera unidad de energ\u00eda.&nbsp;<\/p>\n<p>El presidente del Concejo Municipal, Lucas Ca\u00f1as, y los cabildantes Dora Saldarriaga, Carlos Romero, Paulina Aguinaga, Jaime Cuartas, Lina Garc\u00eda-Ga\u00f1an, Babinton Fl\u00f3rez, Albert Corredor, Sim\u00f3n P\u00e9rez y Daniel Duque, visitaron las obras que se adelantan en el megaproyecto, especialmente en las unidades uno y dos de generaci\u00f3n de energ\u00eda y el vertedero, con capacidad de evacuaci\u00f3n de 22.600 metros c\u00fabicos por segundo de agua.&nbsp;<\/p>\n<p>\u201c<em>Una buena noticia es la visita de la ANLA y la CREC, demuestra que todo se est\u00e1 haciendo esta vez con much\u00edsima rigurosidad; garant\u00eda para los ciudadanos aguas abajo y toda Colombia que tiene la garant\u00eda de que el proyecto est\u00e1 avanzando (&#8230;) Y avances muy importantes en la unidad uno y dos, eso quiere decir en definitiva que vamos cumpliendo, Hidroituango evoluciona y que lo vamos a poner a funcionar como lo prometimos<\/em>\u201d, dijo el alcalde.&nbsp;<\/p>\n<p>Adem\u00e1s de las primeras dos unidades de generaci\u00f3n de energ\u00eda que empezar\u00edan a funcionar este a\u00f1o, EPM espera encender las seis restantes entre 2023 y 2025, cumpliendo as\u00ed con una cobertura del 17 % de la demanda a nivel nacional. Por otro lado, de cada al inicio de operaciones, se instal\u00f3 un Puesto de Mando Unificado (PMU) que garantice la articulaci\u00f3n de todos los involucrados en el proceso.&nbsp;<\/p>\n<p>Con los avances en Hidroituango, adem\u00e1s de alcanzar la meta de generaci\u00f3n de energ\u00eda, EPM garantiza la seguridad de las comunidades aguas abajo y la funcionalidad de toda la obra por muchos a\u00f1os para beneficio de la segunda empresa p\u00fablica m\u00e1s grande del pa\u00eds, los municipios vecinos y la Naci\u00f3n.<\/p>\n<\/div>\n<div class=\"compartir\">Compartir en:<a title=\"\" href=\"http:\/\/www.facebook.com\/share.php?u=\" class=\"btCompartirFacebook btCompartir\" target=\"_blank\" rel=\"noopener\"><\/a><a title=\"\" href=\"http:\/\/twitter.com\/home?status=Haz%20clic%20para%20ver%20esta%20noticia%20en%20\" class=\"btCompartirTwitter btCompartir\"><\/a><a title=\"\" href=\"whatsapp:\/\/send?text=Haz%20clic%20para%20ver%20esta%20noticia%20en%20\" class=\"btCompartirWa btCompartir\"><\/a><\/div>\n<\/div>\n<p><script>try{comprobarImagen();fixBtnRedes();hitsMedellin();}catch(e){}<\/script><\/div>\n","protected":false},"excerpt":{"rendered":"<p>Foto: El alcalde Daniel Quintero Calle mostr\u00f3 a concejales de Medell\u00edn los avances en las primeras unidades de generaci\u00f3n en Hidroituango. Fot\u00f3grafo: Foto Alcald\u00eda de Medell\u00edn 2022-02-22 El alcalde Daniel Quintero Calle mostr\u00f3 a concejales &#8230;<\/p>\n","protected":false},"author":1,"featured_media":63002,"comment_status":"open","ping_status":"open","sticky":false,"template":"","format":"standard","meta":[],"categories":[26,5,2,8,6,17],"tags":[432,453,434,455],"formato_nota":[],"programas_tax":[],"acf":[],"_links":{"self":[{"href":"https:\/\/www.medellin.gov.co\/es\/wp-json\/wp\/v2\/posts\/63001"}],"collection":[{"href":"https:\/\/www.medellin.gov.co\/es\/wp-json\/wp\/v2\/posts"}],"about":[{"href":"https:\/\/www.medellin.gov.co\/es\/wp-json\/wp\/v2\/types\/post"}],"author":[{"embeddable":true,"href":"https:\/\/www.medellin.gov.co\/es\/wp-json\/wp\/v2\/users\/1"}],"replies":[{"embeddable":true,"href":"https:\/\/www.medellin.gov.co\/es\/wp-json\/wp\/v2\/comments?post=63001"}],"version-history":[{"count":1,"href":"https:\/\/www.medellin.gov.co\/es\/wp-json\/wp\/v2\/posts\/63001\/revisions"}],"predecessor-version":[{"id":63674,"href":"https:\/\/www.medellin.gov.co\/es\/wp-json\/wp\/v2\/posts\/63001\/revisions\/63674"}],"wp:featuredmedia":[{"embeddable":true,"href":"https:\/\/www.medellin.gov.co\/es\/wp-json\/wp\/v2\/media\/63002"}],"wp:attachment":[{"href":"https:\/\/www.medellin.gov.co\/es\/wp-json\/wp\/v2\/media?parent=63001"}],"wp:term":[{"taxonomy":"category","embeddable":true,"href":"https:\/\/www.medellin.gov.co\/es\/wp-json\/wp\/v2\/categories?post=63001"},{"taxonomy":"post_tag","embeddable":true,"href":"https:\/\/www.medellin.gov.co\/es\/wp-json\/wp\/v2\/tags?post=63001"},{"taxonomy":"formato_nota","embeddable":true,"href":"https:\/\/www.medellin.gov.co\/es\/wp-json\/wp\/v2\/formato_nota?post=63001"},{"taxonomy":"programas_tax","embeddable":true,"href":"https:\/\/www.medellin.gov.co\/es\/wp-json\/wp\/v2\/programas_tax?post=63001"}],"curies":[{"name":"wp","href":"https:\/\/api.w.org\/{rel}","templated":true}]}}