{"id":67992,"date":"2022-07-01T00:00:00","date_gmt":"2022-07-01T05:00:00","guid":{"rendered":"https:\/\/www.medellin.gov.co\/es\/saladeprensa\/noticias\/con-la-creacion-del-fondo-de-vivienda-y-la-renovacion-del-plan-de-bienestar-la-alcaldia-de-medellin-firmo-acuerdo-con-organizaciones-sindicales\/"},"modified":"2022-07-25T11:04:44","modified_gmt":"2022-07-25T16:04:44","slug":"con-la-creacion-del-fondo-de-vivienda-y-la-renovacion-del-plan-de-bienestar-la-alcaldia-de-medellin-firmo-acuerdo-con-organizaciones-sindicales","status":"publish","type":"post","link":"https:\/\/www.medellin.gov.co\/es\/sala-de-prensa\/noticias\/con-la-creacion-del-fondo-de-vivienda-y-la-renovacion-del-plan-de-bienestar-la-alcaldia-de-medellin-firmo-acuerdo-con-organizaciones-sindicales\/","title":{"rendered":"Con la creaci\u00f3n del fondo de vivienda y la renovaci\u00f3n del plan de bienestar, la Alcald\u00eda de Medell\u00edn firm\u00f3 acuerdo con organizaciones sindicales  \u00a0"},"content":{"rendered":"<div class=\"wrap contenido\">\n<div class=\"noticia\">\n<div class=\"imagen\">\n<div class=\"divContImageNoticia input_plantilla input_background\" style=\"background-image: url('\/irj\/go\/km\/docs\/galerias\/Imagenes\/Galer\u00eda d\u00eda a d\u00eda 2022\/500_400\/20220701-organizaciones-sindicales-2.jpg');\" data-input=\"fotografia\"><\/div>\n<p class=\"pMetaDesc\">Foto: Con la creaci\u00f3n del fondo de vivienda y la renovaci\u00f3n del plan de bienestar, la Alcald\u00eda de Medell\u00edn firm\u00f3 acuerdo con organizaciones sindicales.<\/p>\n<p class=\"pMetaFotografo\">Fot\u00f3grafo: Foto Alcald\u00eda de Medell\u00edn<\/p>\n<\/div>\n<p class=\"fecha\"><span class=\"input_plantilla input_text\" data-input=\"fecha\">2022-07-01<\/span><\/p>\n<h1 class=\"input_plantilla input_text\" data-input=\"titulo\">Con la creaci\u00f3n del fondo de vivienda y la renovaci\u00f3n del plan de bienestar, la Alcald\u00eda de Medell\u00edn firm\u00f3 acuerdo con organizaciones sindicales<\/h1>\n<h5 class=\"input_plantilla input_text\" data-input=\"autor\">Por Sebasti\u00e1n G\u00f3ez Cu\u00e9llar<\/h5>\n<div class=\"cuerpo input_plantilla input_area\" data-input=\"contenido\">\n<p>.: Organizaciones sindicales presentaron 245 solicitudes.<\/p>\n<p>.: 177 acuerdos, incluida la adquisici\u00f3n de equipos de tecnolog\u00eda para la labor de los agentes de movilidad y la creaci\u00f3n de la tasa bomberil, fueron concertados dentro del Acuerdo Colectivo 2022- 2023.<\/p>\n<p><a class=\"aContEnlace liMp3\" href=\"\/irj\/go\/km\/docs\/etc\/PortalMedellin\/archivos\/nuestro_gobierno\/20220701-Alcalde-organizaciones-sindicales-01.mp3\" download=\"\">Palabras de Daniel Quintero Calle, alcalde de Medell\u00edn.4961 Kb<\/a><\/p>\n<p><a class=\"aContEnlace liMp3\" href=\"\/irj\/go\/km\/docs\/etc\/PortalMedellin\/archivos\/nuestro_gobierno\/20220701-organizaciones-sindicales-02.mp3\" download=\"\">Palabras de Vanessa Gonz\u00e1lez, secretar\u00eda de Gesti\u00f3n Humana y Servicio a la Ciudadan\u00eda.402 Kb<\/a><\/p>\n<p><a class=\"aContEnlace liMp3\" href=\"\/irj\/go\/km\/docs\/etc\/PortalMedellin\/archivos\/nuestro_gobierno\/20220701-organizaciones-sindicales-03.mp3\" download=\"\">Palabras de Luis Enrique Moreno, secretario de ADEM.495 Kb<\/a><\/p>\n<p><a class=\"aContEnlace liMp3\" href=\"\/irj\/go\/km\/docs\/etc\/PortalMedellin\/archivos\/nuestro_gobierno\/20220701-organizaciones-sindicales-04.mp3\" download=\"\">Palabras de Natalia Jim\u00e9nez, secretar\u00eda General602 Kb<\/a><\/p>\n<p><a class=\"aContEnlace liMp3\" href=\"\/irj\/go\/km\/docs\/etc\/PortalMedellin\/archivos\/nuestro_gobierno\/20220701-organizaciones-sindicales-05.mp3\" download=\"\">Palabras de Alexandra Agudelo, secretar\u00eda de Educaci\u00f3n.669 Kb<\/a><\/p>\n<p>Despu\u00e9s de analizar 245 solicitudes presentadas a la Administraci\u00f3n Municipal, el alcalde Daniel Quintero Calle firm\u00f3 el Acuerdo Colectivo 2022 \u2013 2023 con las 14 organizaciones sindicales de empleados del Distrito, como una muestra para la construcci\u00f3n de la Medell\u00edn Futuro y como parte de un compromiso con el bienestar laboral, personal, garant\u00edas salariales y de seguridad en el trabajo.<\/p>\n<p>\u201c<em>Esta es la negociaci\u00f3n con el mayor n\u00famero de acuerdos en la historia de los di\u00e1logos con los sindicatos. Para algunos los sindicatos son un problema, para nosotros son una oportunidad. Por eso nos sentamos para pensar qu\u00e9 era lo mejor para Medell\u00edn y lo mejor para Medell\u00edn es que sus trabajadores est\u00e9n bien, que haya dignidad en temas de vivienda, que haya oportunidades en temas de educaci\u00f3n, que haya bienestar general<\/em>\u201d, manifest\u00f3 el alcalde de Medell\u00edn, Daniel Quintero Calle.<\/p>\n<p>Se destaca la creaci\u00f3n del fondo de vivienda para los docentes y el plan de bienestar para los servidores p\u00fablicos del nivel central, la adquisici\u00f3n de equipos de tecnolog\u00eda para apoyar la labor de los agentes de movilidad y la creaci\u00f3n de la tasa bomberil para obtener recursos para los bomberos y el Dagrd.<\/p>\n<p>\u201c<em>Con la firma de 177 acuerdos, en concertaci\u00f3n con las organizaciones sindicales para la vigencia 2022-2023, cumplimos con una de las promesas de campa\u00f1a del alcalde Daniel Quintero Calle en cuanto a la construcci\u00f3n de garant\u00edas laborales para los empleados que pertenecen al nivel central, pero tambi\u00e9n para los docentes que hacen parte de la Alcald\u00eda de Medell\u00edn. Al dignificar el trabajo de los servidores tambi\u00e9n construimos la Medell\u00edn Futuro<\/em>\u201d, indic\u00f3 la secretaria de Gesti\u00f3n Humana y Servicio a la Ciudadan\u00eda, Vanessa Gonz\u00e1lez Montoya.<\/p>\n<p>La concertaci\u00f3n inici\u00f3 en marzo y finaliz\u00f3 en mayo, dentro de los tiempos establecidos por el Decreto 160 de 2014. Participaron los delegados de la Administraci\u00f3n Municipal y los representantes de los sindicatos: Adnea, Adea, Adida, Adem, Anabom, Andet, Asdem, Educate, Sidem, Simbocolombia, Sunet, Unibom, Usdeida, Usctrab.<\/p>\n<p>\u201c<em>Lo positivo del acuerdo sindical es poder llevar a las bases de las organizaciones sindicales los beneficios a nivel del bienestar laboral y lograr concretar con la Administraci\u00f3n unos puntos que no solo repercuten en favor de las organizaciones sindicales, sino que adem\u00e1s ayudan a la construcci\u00f3n de un tejido social de la ciudad. Cuando los empleados de un ente territorial tienen buenas condiciones para laborar, el resultado se ve en la comunidad<\/em>\u201d, expres\u00f3 el secretario general de la Asociaci\u00f3n de Servidores P\u00fablicos del Municipio de Medell\u00edn ADEM, Luis Enrique Moreno P\u00e9rez.<\/p>\n<p>Las dependencias involucradas en la negociaci\u00f3n fueron las secretar\u00edas de Educaci\u00f3n, General, Hacienda, Suministros y Servicios, Seguridad y Convivencia, Movilidad, Gesti\u00f3n Humana y Servicio a la Ciudadan\u00eda, y el Departamento Administrativo de Gesti\u00f3n de Desastres (Dagrd).<\/p>\n<p>Desde el Distrito de Medell\u00edn se garantizar\u00e1n m\u00e1s de $4.000 millones para el cumplimiento del Plan de Bienestar e Incentivos anual, que beneficia a 4.659 servidores p\u00fablicos del nivel central.<\/p>\n<p>\u201c<em>Desde la Secretar\u00eda General, como es nuestra misionalidad, hicimos un acompa\u00f1amiento t\u00e9cnico y permanente a cada una de esas mesas de negociaci\u00f3n sindical. Con nuestro rol jur\u00eddico y t\u00e9cnico ayudamos y apoyamos en las diferentes interpretaciones normativas para suscribir el acuerdo<\/em>\u201d, manifest\u00f3 la secretaria General, Natalia Jim\u00e9nez P\u00e9rez.<\/p>\n<p>Por otra parte, la Secretar\u00eda de Educaci\u00f3n lider\u00f3 la negociaci\u00f3n con siete sindicatos que representan al gremio de docentes, con los que logr\u00f3 98 acuerdos de los que se destaca la creaci\u00f3n del fondo para la tasa de inter\u00e9s de cr\u00e9ditos de vivienda para los docentes del Municipio de Medell\u00edn.<\/p>\n<p>\u201c<em>En el marco de las negociaciones sindicales, en la mesa de Educaci\u00f3n, tuvimos conversaciones durante varios meses. Con un ambiente de di\u00e1logo y de respeto obtuvimos varios acuerdos. Uno muy importante es el de disponer $5.000 millones con recursos propios desde la Alcald\u00eda de Medell\u00edn para que nuestros maestros puedan adquirir vivienda, tambi\u00e9n la puedan remodelar. Esto se suma a esos esfuerzos que hemos venido desarrollando. Activando tambi\u00e9n la caja de compensaci\u00f3n, con la Alcald\u00eda de Medell\u00edn y con nosotros la Secretar\u00eda de Educaci\u00f3n<\/em>\u201d, expres\u00f3 la secretaria de Educaci\u00f3n, Alexandra Agudelo Ruiz.<\/p>\n<p>El Acuerdo Colectivo 2022 &#8211; 2023 empieza a regir una vez es firmado por las partes involucradas. Posteriormente se deposita en el Ministerio del Trabajo y se establece una comisi\u00f3n de seguimiento para el cumplimiento de lo pactado entre el Alcalde de Medell\u00edn y los representantes de las organizaciones sindicales.<\/p>\n<\/div>\n<div class=\"compartir\">Compartir en:<\/div>\n<\/div>\n<p><script>try{comprobarImagen();fixBtnRedes();hitsMedellin();}catch(e){}<\/script><\/p>\n<\/div>\n","protected":false},"excerpt":{"rendered":"<p>Foto: Con la creaci\u00f3n del fondo de vivienda y la renovaci\u00f3n del plan de bienestar, la Alcald\u00eda de Medell\u00edn firm\u00f3 acuerdo con organizaciones sindicales. Fot\u00f3grafo: Foto Alcald\u00eda de Medell\u00edn 2022-07-01 Con la creaci\u00f3n del fondo &#8230;<\/p>\n","protected":false},"author":1,"featured_media":67995,"comment_status":"open","ping_status":"open","sticky":false,"template":"","format":"standard","meta":[],"categories":[6,17],"tags":[451,453,435],"formato_nota":[],"programas_tax":[],"acf":[],"_links":{"self":[{"href":"https:\/\/www.medellin.gov.co\/es\/wp-json\/wp\/v2\/posts\/67992"}],"collection":[{"href":"https:\/\/www.medellin.gov.co\/es\/wp-json\/wp\/v2\/posts"}],"about":[{"href":"https:\/\/www.medellin.gov.co\/es\/wp-json\/wp\/v2\/types\/post"}],"author":[{"embeddable":true,"href":"https:\/\/www.medellin.gov.co\/es\/wp-json\/wp\/v2\/users\/1"}],"replies":[{"embeddable":true,"href":"https:\/\/www.medellin.gov.co\/es\/wp-json\/wp\/v2\/comments?post=67992"}],"version-history":[{"count":1,"href":"https:\/\/www.medellin.gov.co\/es\/wp-json\/wp\/v2\/posts\/67992\/revisions"}],"predecessor-version":[{"id":77143,"href":"https:\/\/www.medellin.gov.co\/es\/wp-json\/wp\/v2\/posts\/67992\/revisions\/77143"}],"wp:featuredmedia":[{"embeddable":true,"href":"https:\/\/www.medellin.gov.co\/es\/wp-json\/wp\/v2\/media\/67995"}],"wp:attachment":[{"href":"https:\/\/www.medellin.gov.co\/es\/wp-json\/wp\/v2\/media?parent=67992"}],"wp:term":[{"taxonomy":"category","embeddable":true,"href":"https:\/\/www.medellin.gov.co\/es\/wp-json\/wp\/v2\/categories?post=67992"},{"taxonomy":"post_tag","embeddable":true,"href":"https:\/\/www.medellin.gov.co\/es\/wp-json\/wp\/v2\/tags?post=67992"},{"taxonomy":"formato_nota","embeddable":true,"href":"https:\/\/www.medellin.gov.co\/es\/wp-json\/wp\/v2\/formato_nota?post=67992"},{"taxonomy":"programas_tax","embeddable":true,"href":"https:\/\/www.medellin.gov.co\/es\/wp-json\/wp\/v2\/programas_tax?post=67992"}],"curies":[{"name":"wp","href":"https:\/\/api.w.org\/{rel}","templated":true}]}}