{"id":68072,"date":"2022-06-29T00:00:00","date_gmt":"2022-06-29T05:00:00","guid":{"rendered":"https:\/\/www.medellin.gov.co\/es\/saladeprensa\/noticias\/medellin-lidera-la-creacion-de-la-primera-red-iberoamericana-de-destinos-turisticos-inteligentes\/"},"modified":"2022-06-29T00:00:00","modified_gmt":"2022-06-29T05:00:00","slug":"medellin-lidera-la-creacion-de-la-primera-red-iberoamericana-de-destinos-turisticos-inteligentes","status":"publish","type":"post","link":"https:\/\/www.medellin.gov.co\/es\/sala-de-prensa\/noticias\/medellin-lidera-la-creacion-de-la-primera-red-iberoamericana-de-destinos-turisticos-inteligentes\/","title":{"rendered":"Medell\u00edn lidera la creaci\u00f3n de la primera Red Iberoamericana de Destinos Tur\u00edsticos Inteligentes"},"content":{"rendered":"<div class=\"wrap contenido\">\n<div class=\"noticia\">\n<div class=\"imagen\">\n<div class=\"divContImageNoticia input_plantilla input_background\" data-input=\"fotografia\" ruta=\"\/galerias\/Imagenes\/Galer\u00eda d\u00eda a d\u00eda 2022\/500_400\/20220629-destinos-turisticos-1.jpg\" fotografo=\"Foto Alcald\u00eda de Medell\u00edn\" descripcion=\"Medell\u00edn lidera la creaci\u00f3n de la primera Red Iberoamericana de Destinos Tur\u00edsticos Inteligentes. \" style=\"background-image:url('\/irj\/go\/km\/docs\/galerias\/Imagenes\/Galer\u00eda d\u00eda a d\u00eda 2022\/500_400\/20220629-destinos-turisticos-1.jpg')\"><\/div>\n<p class=\"pMetaDesc\">Foto: Medell\u00edn lidera la creaci\u00f3n de la primera Red Iberoamericana de Destinos Tur\u00edsticos Inteligentes. <\/p>\n<p class=\"pMetaFotografo\">Fot\u00f3grafo: Foto Alcald\u00eda de Medell\u00edn<\/p>\n<\/div>\n<p class=\"fecha\"><span class=\"input_plantilla input_text\" data-input=\"fecha\">2022-06-29<\/span><\/p>\n<h1 itemprop=\"name\" class=\"input_plantilla input_text\" data-input=\"titulo\">Medell\u00edn lidera la creaci\u00f3n de la primera Red Iberoamericana de Destinos Tur\u00edsticos Inteligentes<\/h1>\n<h5 class=\"input_plantilla input_text\" data-input=\"autor\">Por Luis Carlos P\u00e9rez<\/h5>\n<div class=\"cuerpo input_plantilla input_area\" data-input=\"contenido\">\n<p>.: Con este prop\u00f3sito, oficinas de turismo de Brasil, M\u00e9xico, Espa\u00f1a, Argentina, Bogot\u00e1 y Medell\u00edn firmaron un acuerdo de voluntades.&nbsp;<\/p>\n<p>.:&nbsp;La red trabajar\u00e1 para que estos destinos avancen en pilares como gobernanza, sostenibilidad, accesibilidad, tecnolog\u00eda e innovaci\u00f3n para el bienestar de ciudadanos y visitantes.&nbsp;<\/p>\n<p>.:&nbsp;Medell\u00edn se consolida como el primer Destino Tur\u00edstico Inteligente de Colombia y el segundo de Latinoam\u00e9rica.&nbsp;<\/p>\n<p><a href=\"\/irj\/go\/km\/docs\/pccdesign\/medellin\/Temas\/DesarrolloEconomico\/Noticias\/Shared Content\/Documentos\/2022\/20220629-destinos-turisticos-01.mp3\" class=\"aContEnlace liMp3\" download=\"\" data-mce-href=\"\/irj\/go\/km\/docs\/pccdesign\/medellin\/Temas\/DesarrolloEconomico\/Noticias\/Shared Content\/Documentos\/2022\/20220629-destinos-turisticos-01.mp3\"><span>Palabras de Ledys L\u00f3pez, subsecretaria de Turismo.<\/span><span>1192 Kb<\/span><\/a><\/p>\n<p>Para seguir consolidando a Medell\u00edn y a Colombia como Destinos Tur\u00edsticos Inteligentes, en los que la tecnolog\u00eda sea clave para el bienestar de los habitantes y para la experiencia de los visitantes, la Administraci\u00f3n Distrital y los gobiernos de Bogot\u00e1, Tequila (M\u00e9xico), Brasil y Argentina firmaron un acuerdo de voluntades que da pie a la creaci\u00f3n de la Red Iberoamericana de Destinos Tur\u00edsticos Inteligentes.&nbsp;<\/p>\n<p>Esta iniciativa, liderada desde Medell\u00edn, se inspira en la Red Espa\u00f1ola de Destinos Tur\u00edsticos Inteligentes, creada y gestionada por Segittur.&nbsp;<\/p>\n<p><em>\u201cDesde Medell\u00edn venimos liderando estos esfuerzos nacionales e internacionales de convertirnos en Destinos Tur\u00edsticos Inteligentes. Hoy firmamos un acuerdo que nos permite avanzar en ese prop\u00f3sito, compartir las buenas pr\u00e1cticas que hemos implementado en nuestra ciudad y conocer las mejores experiencias de Bogot\u00e1, M\u00e9xico, Brasil, Argentina y Espa\u00f1a\u201d,<\/em> afirm\u00f3 la subsecretaria de Turismo, Ledys L\u00f3pez.&nbsp;<\/p>\n<p>Para la Organizaci\u00f3n Mundial del Turismo, un destino inteligente se construye sobre pilares como la gobernanza, la sostenibilidad, la accesibilidad, la tecnolog\u00eda y la innovaci\u00f3n, aspectos en los que Medell\u00edn y las ciudades participantes de la red han avanzado ampliamente en los \u00faltimos a\u00f1os.&nbsp;<\/p>\n<p><a data-mce-href=\"https:\/\/www.medellin.gov.co\/irj\/go\/km\/docs\/galerias\/Imagenes\/Galer%C3%ADa%20d%C3%ADa%20a%20d%C3%ADa%202022\/20220629-destinos-turisticos-2.jpg\" href=\"https:\/\/www.medellin.gov.co\/irj\/go\/km\/docs\/galerias\/Imagenes\/Galer%C3%ADa%20d%C3%ADa%20a%20d%C3%ADa%202022\/20220629-destinos-turisticos-2.jpg\" target=\"_blank\" rel=\"noopener\"><img src=\"https:\/\/www.medellin.gov.co\/irj\/go\/km\/docs\/galerias\/Imagenes\/Galer%C3%ADa%20d%C3%ADa%20a%20d%C3%ADa%202022\/1000_450\/20220629-destinos-turisticos-2.jpg\" width=\"100%\" alt=\"\"><\/a><br data-mce-bogus=\"1\"><\/p>\n<p>La naciente Red Iberoamericana de Destinos Tur\u00edsticos Inteligentes impactar\u00e1 positivamente a los operadores tur\u00edsticos de las ciudades participantes y aportar\u00e1 a la competitividad de los territorios.&nbsp;<\/p>\n<p><em>\u00abLa construcci\u00f3n de la Red Iberoamericana de Destinos Tur\u00edsticos Inteligentes es una oportunidad para generar un desarrollo tur\u00edstico sostenible, accesible, tecnol\u00f3gico, innovador, articulado y competitivo para la regi\u00f3n, convirti\u00e9ndose en una maravillosa apuesta que le permite a la ciudad de Bogot\u00e1 hacer parte de un ecosistema de conocimiento e intercambio de buenas pr\u00e1cticas, para apoyar a los destinos y entidades que ven en el modelo de Destinos Tur\u00edsticos Inteligentes una herramienta de gobernanza participativa y transversal para la gesti\u00f3n de sus&nbsp; destinos\u00bb,<\/em> se\u00f1al\u00f3 la directora del Instituto Distrital de Turismo de Bogot\u00e1, Karol Fajardo.&nbsp;<\/p>\n<p>La creaci\u00f3n de esta red llega en un buen momento para el turismo de Medell\u00edn, ya que, por ejemplo, en mayo la ocupaci\u00f3n hotelera super\u00f3 el 12 % de los niveles prepandemia y el gasto de los turistas sobrepas\u00f3 los 26 millones de d\u00f3lares.&nbsp;<\/p>\n<p>Adem\u00e1s, entre enero y mayo, se registr\u00f3 un crecimiento del 38 % en el n\u00famero de viajeros internacionales comparado con 2019.<\/p>\n<\/div>\n<div class=\"compartir\">Compartir en:<a title=\"\" href=\"http:\/\/www.facebook.com\/share.php?u=\" class=\"btCompartirFacebook btCompartir\" target=\"_blank\" rel=\"noopener\"><\/a><a title=\"\" href=\"http:\/\/twitter.com\/home?status=Haz%20clic%20para%20ver%20esta%20noticia%20en%20\" class=\"btCompartirTwitter btCompartir\"><\/a><a title=\"\" href=\"whatsapp:\/\/send?text=Haz%20clic%20para%20ver%20esta%20noticia%20en%20\" class=\"btCompartirWa btCompartir\"><\/a><\/div>\n<\/div>\n<p><script>try{comprobarImagen();fixBtnRedes();hitsMedellin();}catch(e){}<\/script><\/div>\n","protected":false},"excerpt":{"rendered":"<p>Foto: Medell\u00edn lidera la creaci\u00f3n de la primera Red Iberoamericana de Destinos Tur\u00edsticos Inteligentes. Fot\u00f3grafo: Foto Alcald\u00eda de Medell\u00edn 2022-06-29 Medell\u00edn lidera la creaci\u00f3n de la primera Red Iberoamericana de Destinos Tur\u00edsticos Inteligentes Por Luis &#8230;<\/p>\n","protected":false},"author":1,"featured_media":68075,"comment_status":"open","ping_status":"open","sticky":false,"template":"","format":"standard","meta":[],"categories":[3],"tags":[455,430],"formato_nota":[],"programas_tax":[],"acf":[],"_links":{"self":[{"href":"https:\/\/www.medellin.gov.co\/es\/wp-json\/wp\/v2\/posts\/68072"}],"collection":[{"href":"https:\/\/www.medellin.gov.co\/es\/wp-json\/wp\/v2\/posts"}],"about":[{"href":"https:\/\/www.medellin.gov.co\/es\/wp-json\/wp\/v2\/types\/post"}],"author":[{"embeddable":true,"href":"https:\/\/www.medellin.gov.co\/es\/wp-json\/wp\/v2\/users\/1"}],"replies":[{"embeddable":true,"href":"https:\/\/www.medellin.gov.co\/es\/wp-json\/wp\/v2\/comments?post=68072"}],"version-history":[{"count":0,"href":"https:\/\/www.medellin.gov.co\/es\/wp-json\/wp\/v2\/posts\/68072\/revisions"}],"wp:featuredmedia":[{"embeddable":true,"href":"https:\/\/www.medellin.gov.co\/es\/wp-json\/wp\/v2\/media\/68075"}],"wp:attachment":[{"href":"https:\/\/www.medellin.gov.co\/es\/wp-json\/wp\/v2\/media?parent=68072"}],"wp:term":[{"taxonomy":"category","embeddable":true,"href":"https:\/\/www.medellin.gov.co\/es\/wp-json\/wp\/v2\/categories?post=68072"},{"taxonomy":"post_tag","embeddable":true,"href":"https:\/\/www.medellin.gov.co\/es\/wp-json\/wp\/v2\/tags?post=68072"},{"taxonomy":"formato_nota","embeddable":true,"href":"https:\/\/www.medellin.gov.co\/es\/wp-json\/wp\/v2\/formato_nota?post=68072"},{"taxonomy":"programas_tax","embeddable":true,"href":"https:\/\/www.medellin.gov.co\/es\/wp-json\/wp\/v2\/programas_tax?post=68072"}],"curies":[{"name":"wp","href":"https:\/\/api.w.org\/{rel}","templated":true}]}}