{"id":68103,"date":"2022-06-28T00:00:00","date_gmt":"2022-06-28T05:00:00","guid":{"rendered":"https:\/\/www.medellin.gov.co\/es\/saladeprensa\/noticias\/despues-de-ocho-anos-medellin-alcanza-de-nuevo-un-100-en-la-gestion-de-cobertura-educativa\/"},"modified":"2022-06-28T00:00:00","modified_gmt":"2022-06-28T05:00:00","slug":"despues-de-ocho-anos-medellin-alcanza-de-nuevo-un-100-en-la-gestion-de-cobertura-educativa","status":"publish","type":"post","link":"https:\/\/www.medellin.gov.co\/es\/sala-de-prensa\/noticias\/despues-de-ocho-anos-medellin-alcanza-de-nuevo-un-100-en-la-gestion-de-cobertura-educativa\/","title":{"rendered":"Despu\u00e9s de ocho a\u00f1os, Medell\u00edn alcanza de nuevo un 100 % en la gesti\u00f3n de cobertura educativa"},"content":{"rendered":"<div class=\"wrap contenido\">\n<div class=\"noticia\">\n<div class=\"imagen\">\n<div class=\"divContImageNoticia input_plantilla input_background\" data-input=\"fotografia\" ruta=\"\/galerias\/Imagenes\/Galer\u00eda d\u00eda a d\u00eda 2022\/500_400\/20220628-Cobertura-Educativa-1.jpg\" fotografo=\"Foto Alcald\u00eda de Medell\u00edn\" descripcion=\"Despu\u00e9s de ocho a\u00f1os, Medell\u00edn alcanza de nuevo un 100 % en la gesti\u00f3n de cobertura educativa.\" style=\"background-image:url('\/irj\/go\/km\/docs\/galerias\/Imagenes\/Galer\u00eda d\u00eda a d\u00eda 2022\/500_400\/20220628-Cobertura-Educativa-1.jpg')\"><\/div>\n<p class=\"pMetaDesc\">Foto: Despu\u00e9s de ocho a\u00f1os, Medell\u00edn alcanza de nuevo un 100 % en la gesti\u00f3n de cobertura educativa.<\/p>\n<p class=\"pMetaFotografo\">Fot\u00f3grafo: Foto Alcald\u00eda de Medell\u00edn<\/p>\n<\/div>\n<p class=\"fecha\"><span class=\"input_plantilla input_text\" data-input=\"fecha\">2022-06-28<\/span><\/p>\n<h1 itemprop=\"name\" class=\"input_plantilla input_text\" data-input=\"titulo\">Despu\u00e9s de ocho a\u00f1os, Medell\u00edn alcanza de nuevo un 100 % en la gesti\u00f3n de cobertura educativa<\/h1>\n<h5 class=\"input_plantilla input_text\" data-input=\"autor\">Por Eduar Rend\u00f3n<\/h5>\n<div class=\"cuerpo input_plantilla input_area\" data-input=\"contenido\">\n<p>.: \u201c<em>Tropa de la Educaci\u00f3n<\/em>\u201d y el aplicativo web Busca Tu Cupo hicieron parte de la campa\u00f1a de \u201cMatr\u00edcula 2022\u201d.<\/p>\n<p>.: Con las estrategias de la Secretar\u00eda de Educaci\u00f3n se realizaron cerca de 80 recorridos y se gestionaron m\u00e1s de 11.000 cupos.<\/p>\n<p>.: A junio, la matr\u00edcula reporta 411.893 estudiantes, de los cuales 205.198 son mujeres y 206.695 son hombres.<\/p>\n<p><a href=\"\/irj\/go\/km\/docs\/etc\/PortalMedellin\/archivos\/nuestro_gobierno\/20220628-Cobertura-Educativa-01.mp3\" class=\"aContEnlace liMp3\" download=\"\" data-mce-href=\"\/irj\/go\/km\/docs\/etc\/PortalMedellin\/archivos\/nuestro_gobierno\/20220628-Cobertura-Educativa-01.mp3\"><span>Palabras de Alexandra Agudelo, secretaria de Educaci\u00f3n.<\/span><span><\/span><span>1631 Kb<\/span><\/a><\/p>\n<p><a href=\"\/irj\/go\/km\/docs\/etc\/PortalMedellin\/archivos\/nuestro_gobierno\/20220628-Cobertura-Educativa-02.mp3\" class=\"aContEnlace liMp3\" download=\"\" data-mce-href=\"\/irj\/go\/km\/docs\/etc\/PortalMedellin\/archivos\/nuestro_gobierno\/20220628-Cobertura-Educativa-02.mp3\"><span>Palabras de Zharick Giraldo, estudiante de la I.E. Presb\u00edtero Antonio Jos\u00e9\u00b4 Bernal London~o SJ.<\/span><span><\/span><span>1726 Kb<\/span><\/a><\/p>\n<p>Para la Administraci\u00f3n Municipal, la educaci\u00f3n es uno de los pilares de la Medell\u00edn Futuro; por eso, trabaja cada d\u00eda para que todas las ni\u00f1as, ni\u00f1os y j\u00f3venes de la ciudad est\u00e9n en el sistema educativo. El resultado es que la calificaci\u00f3n dada por el Ministerio de Educaci\u00f3n a los indicadores del proceso de Gesti\u00f3n de la Cobertura en 2022 fue del 100 %, un porcentaje que no se lograba desde hace ocho a\u00f1os.<\/p>\n<p>El Gobierno Nacional eval\u00faa el reporte de los productos de seguimiento, la oficializaci\u00f3n en el Sistema Integrado de Matr\u00edcula -SIMAT y su resultado, de acuerdo con el cronograma establecido. Adem\u00e1s, expresa en forma porcentual, la relaci\u00f3n del total de la matr\u00edcula del a\u00f1o del proceso (2022) sobre el total de la matr\u00edcula del a\u00f1o anterior (2021).<\/p>\n<p>\u201c<em>Nosotros, hoy, le estamos apostando a la cobertura; a que entren los ni\u00f1os a los colegios, pero a garantizar esa permanencia; que esos m\u00e1s de 400.000 estudiantes que hay en la ciudad de Medell\u00edn permanezcan en cada una de las instituciones; que no se vayan, que si hay una movilidad entre los colegios porque las familias as\u00ed lo requieren, que no se vayan del sistema; que puedan acceder al PAE, al transporte escolar, a Jornada Complementaria, a Media T\u00e9cnica y al biling\u00fcismo<\/em>\u201d, explic\u00f3 la secretaria de Educaci\u00f3n, Alexandra Agudelo Ruiz.<\/p>\n<p><a data-mce-href=\"\/irj\/go\/km\/docs\/galerias\/Imagenes\/Galer%C3%ADa%20d%C3%ADa%20a%20d%C3%ADa%202022\/20220628-Cobertura-Educativa-2.JPG\" href=\"\/irj\/go\/km\/docs\/galerias\/Imagenes\/Galer%C3%ADa%20d%C3%ADa%20a%20d%C3%ADa%202022\/20220628-Cobertura-Educativa-2.JPG\" title=\"Despu\u00e9s de ocho a\u00f1os, Medell\u00edn alcanza de nuevo un 100 % en la gesti\u00f3n de cobertura educativa\" target=\"_blank\" rel=\"noopener\"><img src=\"\/irj\/go\/km\/docs\/galerias\/Imagenes\/Galer%C3%ADa%20d%C3%ADa%20a%20d%C3%ADa%202022\/1000_450\/20220628-Cobertura-Educativa-2.jpg\" alt=\"Despu\u00e9s de ocho a\u00f1os, Medell\u00edn alcanza de nuevo un 100 % en la gesti\u00f3n de cobertura educativa\" width=\"100%\"><\/a><br data-mce-bogus=\"1\"><\/p>\n<p>La Alcald\u00eda de Medell\u00edn, para la campa\u00f1a de \u201c<em>Matr\u00edcula 2022<\/em>\u201d, que se inici\u00f3 en octubre del a\u00f1o pasado, implement\u00f3 la estrategia \u201c<em>Tropa de la Educaci\u00f3n<\/em>\u201d y el aplicativo Busca Tu Cupo. La primera realiz\u00f3 cerca de 80 recorridos en las 16 comunas y los cinco corregimientos; algunos de ellos, en alianza con la Fundaci\u00f3n Pies Descalzos, para buscar a la poblaci\u00f3n que no estuviera en el sistema educativo.<\/p>\n<p>La segunda estrategia permiti\u00f3 que, a trav\u00e9s de este aplicativo web, padres de familia, acudientes o el personal de la Secretar\u00eda de Educaci\u00f3n, presentes en el territorio, gestionaran 11.494 cupos para poblaci\u00f3n en edad escolar, adultos y Buen Comienzo.<\/p>\n<p>\u201c<em>Pienso que estudiar es muy importante, ya que se nos abren muchas puertas a futuro y adquirimos muchos conocimientos en todo el camino, no solo acad\u00e9mico sino personal. Por lo general, me ha ido bien porque siempre me esfuerzo por destacar y hacer todo de la manera correcta. En lo que mejor me va es en la modalidad (Media T\u00e9cnica) en la que nos han dado bases para la programaci\u00f3n y el mantenimiento de un equipo de c\u00f3mputo<\/em>\u201d, asegur\u00f3 la estudiante de la I.E. Presb\u00edtero Antonio Jos\u00e9\u00b4 Bernal London~o SJ, Zharick Giraldo.<\/p>\n<p>Con corte a junio, la matr\u00edcula reporta 411.893 estudiantes en los 229 planteles oficiales, los 337 colegios privados y los 49 de cobertura que tiene Medell\u00edn. Del total de matriculados, 205.198 son mujeres y 206.695 son hombres.<\/p>\n<\/div>\n<div class=\"compartir\">Compartir en:<a title=\"\" href=\"http:\/\/www.facebook.com\/share.php?u=\" class=\"btCompartirFacebook btCompartir\" target=\"_blank\" rel=\"noopener\"><\/a><a title=\"\" href=\"http:\/\/twitter.com\/home?status=Haz%20clic%20para%20ver%20esta%20noticia%20en%20\" class=\"btCompartirTwitter btCompartir\"><\/a><a title=\"\" href=\"whatsapp:\/\/send?text=Haz%20clic%20para%20ver%20esta%20noticia%20en%20\" class=\"btCompartirWa btCompartir\"><\/a><\/div>\n<\/div>\n<p><script>try{comprobarImagen();fixBtnRedes();hitsMedellin();}catch(e){}<\/script><\/div>\n","protected":false},"excerpt":{"rendered":"<p>Foto: Despu\u00e9s de ocho a\u00f1os, Medell\u00edn alcanza de nuevo un 100 % en la gesti\u00f3n de cobertura educativa. Fot\u00f3grafo: Foto Alcald\u00eda de Medell\u00edn 2022-06-28 Despu\u00e9s de ocho a\u00f1os, Medell\u00edn alcanza de nuevo un 100 % &#8230;<\/p>\n","protected":false},"author":1,"featured_media":68106,"comment_status":"open","ping_status":"open","sticky":false,"template":"","format":"standard","meta":[],"categories":[4],"tags":[431,453],"formato_nota":[],"programas_tax":[],"acf":[],"_links":{"self":[{"href":"https:\/\/www.medellin.gov.co\/es\/wp-json\/wp\/v2\/posts\/68103"}],"collection":[{"href":"https:\/\/www.medellin.gov.co\/es\/wp-json\/wp\/v2\/posts"}],"about":[{"href":"https:\/\/www.medellin.gov.co\/es\/wp-json\/wp\/v2\/types\/post"}],"author":[{"embeddable":true,"href":"https:\/\/www.medellin.gov.co\/es\/wp-json\/wp\/v2\/users\/1"}],"replies":[{"embeddable":true,"href":"https:\/\/www.medellin.gov.co\/es\/wp-json\/wp\/v2\/comments?post=68103"}],"version-history":[{"count":0,"href":"https:\/\/www.medellin.gov.co\/es\/wp-json\/wp\/v2\/posts\/68103\/revisions"}],"wp:featuredmedia":[{"embeddable":true,"href":"https:\/\/www.medellin.gov.co\/es\/wp-json\/wp\/v2\/media\/68106"}],"wp:attachment":[{"href":"https:\/\/www.medellin.gov.co\/es\/wp-json\/wp\/v2\/media?parent=68103"}],"wp:term":[{"taxonomy":"category","embeddable":true,"href":"https:\/\/www.medellin.gov.co\/es\/wp-json\/wp\/v2\/categories?post=68103"},{"taxonomy":"post_tag","embeddable":true,"href":"https:\/\/www.medellin.gov.co\/es\/wp-json\/wp\/v2\/tags?post=68103"},{"taxonomy":"formato_nota","embeddable":true,"href":"https:\/\/www.medellin.gov.co\/es\/wp-json\/wp\/v2\/formato_nota?post=68103"},{"taxonomy":"programas_tax","embeddable":true,"href":"https:\/\/www.medellin.gov.co\/es\/wp-json\/wp\/v2\/programas_tax?post=68103"}],"curies":[{"name":"wp","href":"https:\/\/api.w.org\/{rel}","templated":true}]}}