{"id":68145,"date":"2022-06-27T00:00:00","date_gmt":"2022-06-27T05:00:00","guid":{"rendered":"https:\/\/www.medellin.gov.co\/es\/saladeprensa\/noticias\/en-cumplimiento-del-plan-de-desarrollo-medellin-futuro-se-han-senalizado-168-kilometros-de-vias-durante-2022\/"},"modified":"2022-06-27T00:00:00","modified_gmt":"2022-06-27T05:00:00","slug":"en-cumplimiento-del-plan-de-desarrollo-medellin-futuro-se-han-senalizado-168-kilometros-de-vias-durante-2022","status":"publish","type":"post","link":"https:\/\/www.medellin.gov.co\/es\/sala-de-prensa\/noticias\/en-cumplimiento-del-plan-de-desarrollo-medellin-futuro-se-han-senalizado-168-kilometros-de-vias-durante-2022\/","title":{"rendered":"En cumplimiento del Plan de Desarrollo Medell\u00edn Futuro, se han se\u00f1alizado 168 kil\u00f3metros de v\u00edas durante 2022"},"content":{"rendered":"<div class=\"wrap contenido\">\n<div class=\"noticia\">\n<div class=\"imagen\">\n<div class=\"divContImageNoticia input_plantilla input_background\" data-input=\"fotografia\" ruta=\"\/galerias\/Imagenes\/Galer\u00eda d\u00eda a d\u00eda 2022\/500_400\/20220627-medellin-futuro-1.jpg\" fotografo=\"Foto Alcald\u00eda de Medell\u00edn\" descripcion=\"En cumplimiento del Plan de Desarrollo Medell\u00edn Futuro, se han se\u00f1alizado 168 kil\u00f3metros de v\u00edas durante 2022. \" style=\"background-image:url('\/irj\/go\/km\/docs\/galerias\/Imagenes\/Galer\u00eda d\u00eda a d\u00eda 2022\/500_400\/20220627-medellin-futuro-1.jpg')\"><\/div>\n<p class=\"pMetaDesc\">Foto: En cumplimiento del Plan de Desarrollo Medell\u00edn Futuro, se han se\u00f1alizado 168 kil\u00f3metros de v\u00edas durante 2022. <\/p>\n<p class=\"pMetaFotografo\">Fot\u00f3grafo: Foto Alcald\u00eda de Medell\u00edn<\/p>\n<\/div>\n<p class=\"fecha\"><span class=\"input_plantilla input_text\" data-input=\"fecha\">2022-06-27<\/span><\/p>\n<h1 itemprop=\"name\" class=\"input_plantilla input_text\" data-input=\"titulo\">En cumplimiento del Plan de Desarrollo Medell\u00edn Futuro, se han se\u00f1alizado 168 kil\u00f3metros de v\u00edas durante 2022<\/h1>\n<h5 class=\"input_plantilla input_text\" data-input=\"autor\">Por Melisa Tamayo Hern\u00e1ndez<\/h5>\n<div class=\"cuerpo input_plantilla input_area\" data-input=\"contenido\">\n<p>.: La inversi\u00f3n supera los $2.185 millones.&nbsp;<\/p>\n<p>.:&nbsp;En el primer semestre de este a\u00f1o, se han se\u00f1alizado diez corredores viales.&nbsp;<\/p>\n<p>.:&nbsp;La Secretar\u00eda de Movilidad ha atendido 137 PQRS relacionadas con estas labores.&nbsp;<\/p>\n<p><a href=\"\/irj\/go\/km\/docs\/pccdesign\/medellin\/Temas\/NuestroGobierno\/Noticias_0\/Shared Content\/Documentos\/2022\/20220627-medellin-futuro-01.mp3\" class=\"aContEnlace liMp3\" download=\"\" data-mce-href=\"\/irj\/go\/km\/docs\/pccdesign\/medellin\/Temas\/NuestroGobierno\/Noticias_0\/Shared Content\/Documentos\/2022\/20220627-medellin-futuro-01.mp3\"><span>Palabras de V\u00edctor Hugo Piedrahita, secretario de Movilidad.<\/span><span>845 Kb<\/span><\/a><\/p>\n<p>Este a\u00f1o, la Administraci\u00f3n Municipal, por medio de la Secretar\u00eda de Movilidad, ha invertido m\u00e1s de $2.185 millones en la se\u00f1alizaci\u00f3n de 168 kil\u00f3metros de v\u00edas en comunas y corregimientos de la ciudad. Durante el primer semestre de 2022 se atendieron 137 PQRS de la comunidad frente a este tema.&nbsp;<\/p>\n<p><em>\u201cCon nuestra cuadrilla de se\u00f1alizaci\u00f3n hemos demarcado diez corredores viales, acopios para el transporte p\u00fablico individual, zonas ZER y nuevos pasos seguros que los habitantes de los barrios nos han solicitado, a trav\u00e9s de los espacios dispuestos como las Mesas de Movilidad y comisiones accidentales, en donde conocemos de cerca los requerimientos puntuales de comunas y corregimientos\u201d<\/em>, afirm\u00f3 el secretario de Movilidad, V\u00edctor Hugo Piedrah\u00edta.&nbsp;<\/p>\n<p>En el primer semestre, los corredores viales que han sido se\u00f1alizados son:&nbsp;<\/p>\n<p>Corredor calles 47, 36 y 36A, en Buenos Aires.<\/p>\n<p>Corredor calle 25, en Guayabal.<\/p>\n<p>Corredor calles 43, 40, 39 y 38.<\/p>\n<p>Corredor avenida 80.<\/p>\n<p>Corredor calle 40, en Belencito Coraz\u00f3n.<\/p>\n<p>Corredor carrera 50.<\/p>\n<p>Corredor carrera 65.<\/p>\n<p>Corredor Doce de Octubre.<\/p>\n<p>Corredor La Sierra.<\/p>\n<p>Corredor Enciso.&nbsp;<\/p>\n<p>Adicionalmente, se han demarcado cambios viales en la carrera 66A, circular tercera, transversal 74 y San Diego, los cuales se han adoptado para un mejor aprovechamiento del espacio y avanzar en el modelo de pir\u00e1mide invertida que&nbsp; prioriza al peat\u00f3n.&nbsp;<\/p>\n<p>La se\u00f1alizaci\u00f3n fortalece el sistema de movilidad, al mejorar las condiciones de accesibilidad mediante el ordenamiento del tr\u00e1nsito de las personas, los animales y los veh\u00edculos por las v\u00edas p\u00fablicas y por las v\u00edas privadas abiertas al p\u00fablico, para lo cual se emplean mecanismos para prevenir, reglamentar e informar a los usuarios sobre una forma correcta de circulaci\u00f3n, que garantice el desplazamiento seguro y confiable.<\/p>\n<\/div>\n<div class=\"compartir\">Compartir en:<a title=\"\" href=\"http:\/\/www.facebook.com\/share.php?u=\" class=\"btCompartirFacebook btCompartir\" target=\"_blank\" rel=\"noopener\"><\/a><a title=\"\" href=\"http:\/\/twitter.com\/home?status=Haz%20clic%20para%20ver%20esta%20noticia%20en%20\" class=\"btCompartirTwitter btCompartir\"><\/a><a title=\"\" href=\"whatsapp:\/\/send?text=Haz%20clic%20para%20ver%20esta%20noticia%20en%20\" class=\"btCompartirWa btCompartir\"><\/a><\/div>\n<\/div>\n<p><script>try{comprobarImagen();fixBtnRedes();hitsMedellin();}catch(e){}<\/script><\/div>\n","protected":false},"excerpt":{"rendered":"<p>Foto: En cumplimiento del Plan de Desarrollo Medell\u00edn Futuro, se han se\u00f1alizado 168 kil\u00f3metros de v\u00edas durante 2022. Fot\u00f3grafo: Foto Alcald\u00eda de Medell\u00edn 2022-06-27 En cumplimiento del Plan de Desarrollo Medell\u00edn Futuro, se han se\u00f1alizado &#8230;<\/p>\n","protected":false},"author":1,"featured_media":68148,"comment_status":"open","ping_status":"open","sticky":false,"template":"","format":"standard","meta":[],"categories":[11,14],"tags":[447,455,442,443],"formato_nota":[],"programas_tax":[],"acf":[],"_links":{"self":[{"href":"https:\/\/www.medellin.gov.co\/es\/wp-json\/wp\/v2\/posts\/68145"}],"collection":[{"href":"https:\/\/www.medellin.gov.co\/es\/wp-json\/wp\/v2\/posts"}],"about":[{"href":"https:\/\/www.medellin.gov.co\/es\/wp-json\/wp\/v2\/types\/post"}],"author":[{"embeddable":true,"href":"https:\/\/www.medellin.gov.co\/es\/wp-json\/wp\/v2\/users\/1"}],"replies":[{"embeddable":true,"href":"https:\/\/www.medellin.gov.co\/es\/wp-json\/wp\/v2\/comments?post=68145"}],"version-history":[{"count":0,"href":"https:\/\/www.medellin.gov.co\/es\/wp-json\/wp\/v2\/posts\/68145\/revisions"}],"wp:featuredmedia":[{"embeddable":true,"href":"https:\/\/www.medellin.gov.co\/es\/wp-json\/wp\/v2\/media\/68148"}],"wp:attachment":[{"href":"https:\/\/www.medellin.gov.co\/es\/wp-json\/wp\/v2\/media?parent=68145"}],"wp:term":[{"taxonomy":"category","embeddable":true,"href":"https:\/\/www.medellin.gov.co\/es\/wp-json\/wp\/v2\/categories?post=68145"},{"taxonomy":"post_tag","embeddable":true,"href":"https:\/\/www.medellin.gov.co\/es\/wp-json\/wp\/v2\/tags?post=68145"},{"taxonomy":"formato_nota","embeddable":true,"href":"https:\/\/www.medellin.gov.co\/es\/wp-json\/wp\/v2\/formato_nota?post=68145"},{"taxonomy":"programas_tax","embeddable":true,"href":"https:\/\/www.medellin.gov.co\/es\/wp-json\/wp\/v2\/programas_tax?post=68145"}],"curies":[{"name":"wp","href":"https:\/\/api.w.org\/{rel}","templated":true}]}}