{"id":68190,"date":"2022-06-25T00:00:00","date_gmt":"2022-06-25T05:00:00","guid":{"rendered":"https:\/\/www.medellin.gov.co\/es\/saladeprensa\/noticias\/la-transformacion-educativa-de-medellin-fue-calificada-en-peru-como-referente-internacional\/"},"modified":"2022-06-25T00:00:00","modified_gmt":"2022-06-25T05:00:00","slug":"la-transformacion-educativa-de-medellin-fue-calificada-en-peru-como-referente-internacional","status":"publish","type":"post","link":"https:\/\/www.medellin.gov.co\/es\/sala-de-prensa\/noticias\/la-transformacion-educativa-de-medellin-fue-calificada-en-peru-como-referente-internacional\/","title":{"rendered":"La transformaci\u00f3n educativa de Medell\u00edn fue calificada en Per\u00fa como referente internacional"},"content":{"rendered":"<div class=\"wrap contenido\">\n<div class=\"noticia\">\n<div class=\"imagen\">\n<div class=\"divContImageNoticia input_plantilla input_background\" data-input=\"fotografia\" ruta=\"\/galerias\/Imagenes\/Galer\u00eda d\u00eda a d\u00eda 2022\/500_400\/20220625-transformacion-educativa-1.jpg\" fotografo=\"Foto Alcald\u00eda de Medell\u00edn\" descripcion=\"La transformaci\u00f3n educativa de Medell\u00edn fue calificada en Per\u00fa como referente internacional.\" style=\"background-image:url('\/irj\/go\/km\/docs\/galerias\/Imagenes\/Galer\u00eda d\u00eda a d\u00eda 2022\/500_400\/20220625-transformacion-educativa-1.jpg')\"><\/div>\n<p class=\"pMetaDesc\">Foto: La transformaci\u00f3n educativa de Medell\u00edn fue calificada en Per\u00fa como referente internacional.<\/p>\n<p class=\"pMetaFotografo\">Fot\u00f3grafo: Foto Alcald\u00eda de Medell\u00edn<\/p>\n<\/div>\n<p class=\"fecha\"><span class=\"input_plantilla input_text\" data-input=\"fecha\">2022-06-25<\/span><\/p>\n<h1 itemprop=\"name\" class=\"input_plantilla input_text\" data-input=\"titulo\">La transformaci\u00f3n educativa de Medell\u00edn fue calificada en Per\u00fa como referente internacional<\/h1>\n<h5 class=\"input_plantilla input_text\" data-input=\"autor\">Por Eduar Rend\u00f3n<\/h5>\n<div class=\"cuerpo input_plantilla input_area\" data-input=\"contenido\">\n<p>.: La Secretar\u00eda de Educaci\u00f3n particip\u00f3 en el foro \u201cLa educaci\u00f3n superior hacia 2030\u201d.<\/p>\n<p>.:&nbsp;Computadores Futuro, Media T\u00e9cnica y el enfoque educativo Ser + STEM son ejemplo para el mundo.<\/p>\n<p>.:&nbsp;La experiencia de la ciudad en educaci\u00f3n lleg\u00f3 a personas de 80 pa\u00edses.<\/p>\n<p><a href=\"\/irj\/go\/km\/docs\/pccdesign\/medellin\/Temas\/NuestroGobierno\/Noticias_0\/Shared Content\/Documentos\/2022\/20220625-transformacion-educativa-01.mp3\" class=\"aContEnlace liMp3\" download=\"\" data-mce-href=\"\/irj\/go\/km\/docs\/pccdesign\/medellin\/Temas\/NuestroGobierno\/Noticias_0\/Shared Content\/Documentos\/2022\/20220625-transformacion-educativa-01.mp3\"><span>Palabras de Alexandra Agudelo Ruiz, secretaria de Educaci\u00f3n.<\/span><span>2015 Kb<\/span><\/a><\/p>\n<p>La Alcald\u00eda de Medell\u00edn estuvo en el foro internacional \u201cLa educaci\u00f3n superior hacia 2030\u201d realizado en Lima, Per\u00fa, por el sistema integral de innovaci\u00f3n \u201cUniversidad 2030\u201d del organismo Virtual Educa. All\u00ed, la Secretar\u00eda de Educaci\u00f3n present\u00f3 la transformaci\u00f3n educativa que adelanta la ciudad a trav\u00e9s de la innovaci\u00f3n, con experiencias de aprendizaje adaptadas a los diversos contextos.<\/p>\n<p>En su intervenci\u00f3n, la jefe de la dependencia, Alexandra Agudelo Ruiz, resalt\u00f3 la implementaci\u00f3n en las instituciones oficiales del enfoque educativo Ser + STEM (m\u00e1s ciencia, m\u00e1s tecnolog\u00eda, m\u00e1s ingenier\u00eda y m\u00e1s matem\u00e1tica, teniendo como base el ser), que se gesta desde el Vivero del Software, un espacio para estudiantes, maestros y padres de familia.<\/p>\n<p>En el encuentro, se resaltaron los programas de media t\u00e9cnica, que permiten que los 23.673 estudiantes matriculados en ellos desarrollen habilidades para la Cuarta Revoluci\u00f3n Industrial; adem\u00e1s, de ser una estrategia que facilita un mejor tr\u00e1nsito de los j\u00f3venes a la educaci\u00f3n postsecundaria.<\/p>\n<p><em>\u201cTuvimos la oportunidad de presentar, a todos los miembros de Virtual Educa que estuvimos conectados con m\u00e1s de 80 pa\u00edses, la transformaci\u00f3n educativa de Medell\u00edn, que desarrollamos con estudiantes y maestros, y con innovaci\u00f3n tecnol\u00f3gica. Medell\u00edn est\u00e1 presente en estos grandes eventos de la regi\u00f3n y de Iberoam\u00e9rica, y muy pronto Virtual Educa 2022, del 19 al 21 de octubre\u201d,<\/em> dijo la secretaria de Educaci\u00f3n.<\/p>\n<p>Los asistentes, tanto presencial como virtualmente, conocieron el programa Computadores Futuro que tiene como objetivo entregar 150.000 equipos durante la actual Administraci\u00f3n Municipal a los alumnos, para cerrar las brechas digitales y potenciar las habilidades para el siglo XXI de las ni\u00f1as, ni\u00f1os y j\u00f3venes de Medell\u00edn.<\/p>\n<p>En el foro, la Administraci\u00f3n Distrital invit\u00f3 a visitar a la ciudad y conocer de cerca sus m\u00e1s de 1.100 espacios de aprendizaje, como la Ciudadela para la Cuarta Revoluci\u00f3n Industrial y la Transformaci\u00f3n del Aprendizaje -C4TA, en la que se forma talento especializado; as\u00ed como el Centro de Innovaci\u00f3n del Maestro -MOVA, un lugar de capacitaci\u00f3n continua e intercambio de conocimientos y experiencias para los docentes.<\/p>\n<p><em>\u201cA los expositores internacionales, mi m\u00e1s profundo respeto y admiraci\u00f3n; a nuestra querida secretaria de Educaci\u00f3n de Medell\u00edn, quiz\u00e1s de las charlas m\u00e1s inspiradoras de las que hemos visto. Adem\u00e1s, quiero decirle que lo mejor que pudo haber transmitido es la sensaci\u00f3n de orgullo que solamente le ha dado un trabajo bien hecho. La felicito y, a trav\u00e9s suyo, al alcalde Daniel Quintero Calle; y espero, con ansias, estar con ustedes en Medell\u00edn compartiendo Virtual Educa\u201d<\/em>, expres\u00f3 el presidente de la iniciativa \u201cUniversidad 2030\u201d, Jos\u00e9 Castillo.<\/p>\n<p>La presentaci\u00f3n de las estrategias educativas de la capital antioque\u00f1a refleja que las l\u00edneas del Plan de Desarrollo 2020-2023 -Transformaci\u00f3n Educativa y Cultura, y Valle del Software- aportan a la construcci\u00f3n de la Medell\u00edn Futuro. Adem\u00e1s, llev\u00f3 a que la Secretar\u00eda de Educaci\u00f3n fuera invitada a participar en el tercer foro internacional \u201cVanguardia en la Educaci\u00f3n -FIVE 2022\u201d, que se llevar\u00e1 a cabo del 29 de junio al 1 de julio, en Toluca, M\u00e9xico.<\/p>\n<\/div>\n<div class=\"compartir\">Compartir en:<a title=\"\" href=\"http:\/\/www.facebook.com\/share.php?u=\" class=\"btCompartirFacebook btCompartir\" target=\"_blank\" rel=\"noopener\"><\/a><a title=\"\" href=\"http:\/\/twitter.com\/home?status=Haz%20clic%20para%20ver%20esta%20noticia%20en%20\" class=\"btCompartirTwitter btCompartir\"><\/a><a title=\"\" href=\"whatsapp:\/\/send?text=Haz%20clic%20para%20ver%20esta%20noticia%20en%20\" class=\"btCompartirWa btCompartir\"><\/a><\/div>\n<\/div>\n<p><script>try{comprobarImagen();fixBtnRedes();hitsMedellin();}catch(e){}<\/script><\/div>\n","protected":false},"excerpt":{"rendered":"<p>Foto: La transformaci\u00f3n educativa de Medell\u00edn fue calificada en Per\u00fa como referente internacional. Fot\u00f3grafo: Foto Alcald\u00eda de Medell\u00edn 2022-06-25 La transformaci\u00f3n educativa de Medell\u00edn fue calificada en Per\u00fa como referente internacional Por Eduar Rend\u00f3n .: &#8230;<\/p>\n","protected":false},"author":1,"featured_media":68193,"comment_status":"open","ping_status":"open","sticky":false,"template":"","format":"standard","meta":[],"categories":[4],"tags":[431],"formato_nota":[],"programas_tax":[],"acf":[],"_links":{"self":[{"href":"https:\/\/www.medellin.gov.co\/es\/wp-json\/wp\/v2\/posts\/68190"}],"collection":[{"href":"https:\/\/www.medellin.gov.co\/es\/wp-json\/wp\/v2\/posts"}],"about":[{"href":"https:\/\/www.medellin.gov.co\/es\/wp-json\/wp\/v2\/types\/post"}],"author":[{"embeddable":true,"href":"https:\/\/www.medellin.gov.co\/es\/wp-json\/wp\/v2\/users\/1"}],"replies":[{"embeddable":true,"href":"https:\/\/www.medellin.gov.co\/es\/wp-json\/wp\/v2\/comments?post=68190"}],"version-history":[{"count":0,"href":"https:\/\/www.medellin.gov.co\/es\/wp-json\/wp\/v2\/posts\/68190\/revisions"}],"wp:featuredmedia":[{"embeddable":true,"href":"https:\/\/www.medellin.gov.co\/es\/wp-json\/wp\/v2\/media\/68193"}],"wp:attachment":[{"href":"https:\/\/www.medellin.gov.co\/es\/wp-json\/wp\/v2\/media?parent=68190"}],"wp:term":[{"taxonomy":"category","embeddable":true,"href":"https:\/\/www.medellin.gov.co\/es\/wp-json\/wp\/v2\/categories?post=68190"},{"taxonomy":"post_tag","embeddable":true,"href":"https:\/\/www.medellin.gov.co\/es\/wp-json\/wp\/v2\/tags?post=68190"},{"taxonomy":"formato_nota","embeddable":true,"href":"https:\/\/www.medellin.gov.co\/es\/wp-json\/wp\/v2\/formato_nota?post=68190"},{"taxonomy":"programas_tax","embeddable":true,"href":"https:\/\/www.medellin.gov.co\/es\/wp-json\/wp\/v2\/programas_tax?post=68190"}],"curies":[{"name":"wp","href":"https:\/\/api.w.org\/{rel}","templated":true}]}}