{"id":68414,"date":"2022-06-15T00:00:00","date_gmt":"2022-06-15T05:00:00","guid":{"rendered":"https:\/\/www.medellin.gov.co\/es\/saladeprensa\/noticias\/cuatro-artistas-urbanos-de-medellin-les-dieron-color-y-vida-a-los-bajos-del-puente-elevado-de-colombia-con-la-80\/"},"modified":"2022-06-15T00:00:00","modified_gmt":"2022-06-15T05:00:00","slug":"cuatro-artistas-urbanos-de-medellin-les-dieron-color-y-vida-a-los-bajos-del-puente-elevado-de-colombia-con-la-80","status":"publish","type":"post","link":"https:\/\/www.medellin.gov.co\/es\/sala-de-prensa\/noticias\/cuatro-artistas-urbanos-de-medellin-les-dieron-color-y-vida-a-los-bajos-del-puente-elevado-de-colombia-con-la-80\/","title":{"rendered":"Cuatro artistas urbanos de Medell\u00edn les dieron color y vida a los bajos del puente elevado de Colombia con la 80"},"content":{"rendered":"<div class=\"wrap contenido\">\n<div class=\"noticia\">\n<div class=\"imagen\">\n<div class=\"divContImageNoticia input_plantilla input_background\" data-input=\"fotografia\" ruta=\"\/galerias\/Imagenes\/Galer\u00eda d\u00eda a d\u00eda 2022\/500_400\/20220615-Artistas-Urbanos-1.jpg\" fotografo=\"Foto Alcald\u00eda de Medell\u00edn\" descripcion=\"Cuatro artistas urbanos de Medell\u00edn les dieron color y vida a los bajos del puente elevado de Colombia con la 80.\" style=\"background-image:url('\/irj\/go\/km\/docs\/galerias\/Imagenes\/Galer\u00eda d\u00eda a d\u00eda 2022\/500_400\/20220615-Artistas-Urbanos-1.jpg')\"><\/div>\n<p class=\"pMetaDesc\">Foto: Cuatro artistas urbanos de Medell\u00edn les dieron color y vida a los bajos del puente elevado de Colombia con la 80.<\/p>\n<p class=\"pMetaFotografo\">Fot\u00f3grafo: Foto Alcald\u00eda de Medell\u00edn<\/p>\n<\/div>\n<p class=\"fecha\"><span class=\"input_plantilla input_text\" data-input=\"fecha\">2022-06-15<\/span><\/p>\n<h1 itemprop=\"name\" class=\"input_plantilla input_text\" data-input=\"titulo\">Cuatro artistas urbanos de Medell\u00edn les dieron color y vida a los bajos del puente elevado de Colombia con la 80<\/h1>\n<h5 class=\"input_plantilla input_text\" data-input=\"autor\">Por Sergio Zuluaga<\/h5>\n<div class=\"cuerpo input_plantilla input_area\" data-input=\"contenido\">\n<p>.: En el intercambio vial, cuatro columnas fueron intervenidas con murales.<\/p>\n<p>.: La naturaleza, la mujer y el Metro de la 80 fueron algunas de las tem\u00e1ticas escogidas.<\/p>\n<p>.: Con la construcci\u00f3n del intercambio, se renovaron 17.000 metros cuadrados de espacio p\u00fablico.<\/p>\n<p><a href=\"\/irj\/go\/km\/docs\/etc\/PortalMedellin\/archivos\/cultura\/20220615-Artistas-Urbanos-01.mp3\" class=\"aContEnlace liMp3\" download=\"\" data-mce-href=\"\/irj\/go\/km\/docs\/etc\/PortalMedellin\/archivos\/cultura\/20220615-Artistas-Urbanos-01.mp3\"><span>Palabras de Natalia Urrego Arias, secretaria de Infraestructura F\u00edsica.<\/span><span><\/span><span>1452 Kb<\/span><\/a><\/p>\n<p><a href=\"\/irj\/go\/km\/docs\/etc\/PortalMedellin\/archivos\/cultura\/20220615-Artistas-Urbanos-02.mp3\" class=\"aContEnlace liMp3\" download=\"\" data-mce-href=\"\/irj\/go\/km\/docs\/etc\/PortalMedellin\/archivos\/cultura\/20220615-Artistas-Urbanos-02.mp3\"><span>Palabras de Margarita Contreras, subgerente de Ejecuci\u00f3n de Proyectos de la Empresa de Desarrollo Urbano (EDU).<\/span><span><\/span><span>629 Kb<\/span><\/a><\/p>\n<p><a href=\"\/irj\/go\/km\/docs\/etc\/PortalMedellin\/archivos\/cultura\/20220615-Artistas-Urbanos-03.mp3\" class=\"aContEnlace liMp3\" download=\"\" data-mce-href=\"\/irj\/go\/km\/docs\/etc\/PortalMedellin\/archivos\/cultura\/20220615-Artistas-Urbanos-03.mp3\"><span>Palabras de John Alex\u00e1nder Serna, \u2018Chota\u2019, artista.<\/span><span><\/span><span>1012 Kb<\/span><\/a><\/p>\n<p>Con murales alusivos a la naturaleza, a la mujer, a la diversidad y al Metro de la 80, cuatro artistas urbanos de Medell\u00edn le dieron color y vida al intercambio vial de Colombia con la avenida 80. En total, cuatro columnas del puente elevado fueron intervenidas para fomentar, desde el arte, la apropiaci\u00f3n y el cuidado del nuevo espacio p\u00fablico construido con esta infraestructura.<\/p>\n<p>La subgerente de Ejecuci\u00f3n de Proyectos de la Empresa de Desarrollo Urbano (EDU), Margarita Contreras, indic\u00f3 que la sostenibilidad de las obras tambi\u00e9n depende del cuidado que les den las personas, por eso, desde el componente social se plane\u00f3 esta intervenci\u00f3n art\u00edstica.<\/p>\n<p>\u201c<em>El color no solo embellece los lugares, sino que les da cualidades a los espacios p\u00fablicos para estimular la apropiaci\u00f3n y el encuentro ciudadano. Este intercambio le otorga a la ciudad andenes, estancias y zonas verdes<\/em>\u201d, expres\u00f3 la subgerente.<\/p>\n<p>Con la ejecuci\u00f3n del intercambio vial, se renovaron 17.000 metros cuadrados de espacio p\u00fablico, de los cuales 11.000 son nuevos.&nbsp;<\/p>\n<p><a data-mce-href=\"\/irj\/go\/km\/docs\/galerias\/Imagenes\/Galer%C3%ADa%20d%C3%ADa%20a%20d%C3%ADa%202022\/20220615-Artistas-Urbanos-2.jpg\" href=\"\/irj\/go\/km\/docs\/galerias\/Imagenes\/Galer%C3%ADa%20d%C3%ADa%20a%20d%C3%ADa%202022\/20220615-Artistas-Urbanos-2.jpg\" title=\"Cuatro artistas urbanos de Medell\u00edn les dieron color y vida a los bajos del puente elevado de Colombia con la 80\" target=\"_blank\" rel=\"noopener\"><img src=\"\/irj\/go\/km\/docs\/galerias\/Imagenes\/Galer%C3%ADa%20d%C3%ADa%20a%20d%C3%ADa%202022\/1000_450\/20220615-Artistas-Urbanos-2.jpg\" alt=\"Cuatro artistas urbanos de Medell\u00edn les dieron color y vida a los bajos del puente elevado de Colombia con la 80\" width=\"100%\"><\/a><br data-mce-bogus=\"1\"><\/p>\n<p>\u201c<em>Este espacio lo estamos cualificando, enriqueciendo y mejorando con estas intervenciones. Estamos invitando a que disfruten de este nuevo paisaje porque la Ecociudad no es solamente medio ambiente, movilidad y sostenibilidad, sino que todas estas apropiaciones artisticas son bienvenidas y hacen parte del enriquecimiento de la Ecociudad<\/em>\u201d, expres\u00f3 Natalia Urrego Arias, secretaria de Infraestructura F\u00edsica de Medell\u00edn.<\/p>\n<p>Carlos Mario Cata\u00f1o V\u00e9lez, conocido como \u2018MDB\u2019; Yeison Estive Serna, \u2018Jeff\u2019; Jeison Andr\u00e9s Henao Villa, \u2018Jeivillarte\u2019; y John Alex\u00e1nder Serna, \u2018Chota\u2019, fueron los cuatro artistas de la comuna 13 encargados de pintar los bajos del puente elevado de Colombia.<\/p>\n<p>\u2018Chota\u2019 intervino una de las columnas con un mural dedicado a la madre naturaleza, representado en el rostro de una mujer con figuras alusivas a la ciudad y a la naturaleza. \u201c<em>Como artista urbano de la ciudad quise dejar un mensaje de conservaci\u00f3n y de buscar un equilibrio entre la flora y la fauna y el progreso de la ciudad<\/em>\u201d, dijo.<\/p>\n<p>La inversi\u00f3n para la ejecuci\u00f3n del intercambio vial de Colombia con la avenida 80 fue de m\u00e1s de $45.000 millones.<\/p>\n<\/div>\n<div class=\"compartir\">Compartir en:<a title=\"\" href=\"http:\/\/www.facebook.com\/share.php?u=\" class=\"btCompartirFacebook btCompartir\" target=\"_blank\" rel=\"noopener\"><\/a><a title=\"\" href=\"http:\/\/twitter.com\/home?status=Haz%20clic%20para%20ver%20esta%20noticia%20en%20\" class=\"btCompartirTwitter btCompartir\"><\/a><a title=\"\" href=\"whatsapp:\/\/send?text=Haz%20clic%20para%20ver%20esta%20noticia%20en%20\" class=\"btCompartirWa btCompartir\"><\/a><\/div>\n<\/div>\n<p><script>try{comprobarImagen();fixBtnRedes();hitsMedellin();}catch(e){}<\/script><\/div>\n","protected":false},"excerpt":{"rendered":"<p>Foto: Cuatro artistas urbanos de Medell\u00edn les dieron color y vida a los bajos del puente elevado de Colombia con la 80. Fot\u00f3grafo: Foto Alcald\u00eda de Medell\u00edn 2022-06-15 Cuatro artistas urbanos de Medell\u00edn les dieron &#8230;<\/p>\n","protected":false},"author":1,"featured_media":68417,"comment_status":"open","ping_status":"open","sticky":false,"template":"","format":"standard","meta":[],"categories":[31,12],"tags":[444,447,442],"formato_nota":[],"programas_tax":[],"acf":[],"_links":{"self":[{"href":"https:\/\/www.medellin.gov.co\/es\/wp-json\/wp\/v2\/posts\/68414"}],"collection":[{"href":"https:\/\/www.medellin.gov.co\/es\/wp-json\/wp\/v2\/posts"}],"about":[{"href":"https:\/\/www.medellin.gov.co\/es\/wp-json\/wp\/v2\/types\/post"}],"author":[{"embeddable":true,"href":"https:\/\/www.medellin.gov.co\/es\/wp-json\/wp\/v2\/users\/1"}],"replies":[{"embeddable":true,"href":"https:\/\/www.medellin.gov.co\/es\/wp-json\/wp\/v2\/comments?post=68414"}],"version-history":[{"count":0,"href":"https:\/\/www.medellin.gov.co\/es\/wp-json\/wp\/v2\/posts\/68414\/revisions"}],"wp:featuredmedia":[{"embeddable":true,"href":"https:\/\/www.medellin.gov.co\/es\/wp-json\/wp\/v2\/media\/68417"}],"wp:attachment":[{"href":"https:\/\/www.medellin.gov.co\/es\/wp-json\/wp\/v2\/media?parent=68414"}],"wp:term":[{"taxonomy":"category","embeddable":true,"href":"https:\/\/www.medellin.gov.co\/es\/wp-json\/wp\/v2\/categories?post=68414"},{"taxonomy":"post_tag","embeddable":true,"href":"https:\/\/www.medellin.gov.co\/es\/wp-json\/wp\/v2\/tags?post=68414"},{"taxonomy":"formato_nota","embeddable":true,"href":"https:\/\/www.medellin.gov.co\/es\/wp-json\/wp\/v2\/formato_nota?post=68414"},{"taxonomy":"programas_tax","embeddable":true,"href":"https:\/\/www.medellin.gov.co\/es\/wp-json\/wp\/v2\/programas_tax?post=68414"}],"curies":[{"name":"wp","href":"https:\/\/api.w.org\/{rel}","templated":true}]}}