{"id":68833,"date":"2022-06-01T00:00:00","date_gmt":"2022-06-01T05:00:00","guid":{"rendered":"https:\/\/www.medellin.gov.co\/es\/saladeprensa\/noticias\/30-empresarios-conforman-la-primera-mesa-de-turismo-del-centro-creada-por-la-alcaldia-de-medellin\/"},"modified":"2023-06-09T09:58:05","modified_gmt":"2023-06-09T14:58:05","slug":"30-empresarios-conforman-la-primera-mesa-de-turismo-del-centro-creada-por-la-alcaldia-de-medellin","status":"publish","type":"post","link":"https:\/\/www.medellin.gov.co\/es\/sala-de-prensa\/noticias\/30-empresarios-conforman-la-primera-mesa-de-turismo-del-centro-creada-por-la-alcaldia-de-medellin\/","title":{"rendered":"30 empresarios conforman la primera Mesa de Turismo del Centro creada por la Alcald\u00eda de Medell\u00edn"},"content":{"rendered":"<div class=\"wrap contenido\">\n<div class=\"noticia\">\n<div>\n<ul>\n<li>Esta instancia les ofrecer\u00e1 a los empresarios est\u00edmulos econ\u00f3micos, capacitaciones y acompa\u00f1amiento.<\/li>\n<li>En lo que va de 2022, el sector hotelero de la comuna 10-La Candelaria reporta una ocupaci\u00f3n que supera el 55 %, especialmente relacionada con visitantes que llegan al Centro por negocios o por turismo de salud y bienestar.<\/li>\n<\/ul>\n<p><a class=\"aContEnlace liMp3\" href=\"\/irj\/go\/km\/docs\/pccdesign\/medellin\/Temas\/NuestroGobierno\/Noticias_0\/Shared Content\/Documentos\/2022\/20220601-mesa-de-turismo-01.mp3\" download=\"\">Palabras de M\u00f3nica Pab\u00f3n, gerente del Centro.776 Kb<\/a><\/p>\n<\/div>\n<div class=\"cuerpo input_plantilla input_area\" data-input=\"contenido\">\n<p><a class=\"aContEnlace liMp3\" href=\"\/irj\/go\/km\/docs\/pccdesign\/medellin\/Temas\/NuestroGobierno\/Noticias_0\/Shared Content\/Documentos\/2022\/20220601-mesa-de-turismo-02.mp3\" download=\"\">Palabras de Ledys L\u00f3pez, subsecretaria de Turismo.876 Kb<\/a><\/p>\n<p>Para fortalecer la actividad tur\u00edstica en el Centro de Medell\u00edn y fomentar la recuperaci\u00f3n econ\u00f3mica de esta industria, que durante la pandemia se vio gravemente afectada, la Administraci\u00f3n Distrital cre\u00f3 la primera Mesa de Turismo para la comuna 10-La Candelaria, conformada por 30 representantes de los hoteles formalizados ubicados en la zona.<\/p>\n<p><em>\u201cEsta es una gran noticia porque habla de la gran afluencia que tenemos de visitantes y de turistas en la comuna 10-La Candelaria, especialmente de personas que quieren venir a disfrutar de la oferta cultural, art\u00edstica, patrimonial e hist\u00f3rica que tiene nuestro Centro. Tambi\u00e9n, hemos encontrado que muchos hoteles han abierto en los \u00faltimos meses, gracias a la declaratoria de este sector como \u00c1rea de Desarrollo Naranja y, es por eso, por lo que tambi\u00e9n los estamos acompa\u00f1ando para que aprendan sobre el Observatorio de Turismo de Medell\u00edn, en el que podemos ver mediciones e indicadores que nos dicen en qu\u00e9 tenemos que seguir trabajando\u201d, <\/em>indic\u00f3 la gerente del Centro, M\u00f3nica Pab\u00f3n.<\/p>\n<p>A trav\u00e9s de la Mesa de Turismo del Centro de Medell\u00edn, los empresarios tendr\u00e1n acceso directo a los est\u00edmulos econ\u00f3micos que ofrece la Administraci\u00f3n Distrital para este sector, as\u00ed como capacitaci\u00f3n en los procesos de profesionalizaci\u00f3n de su actividad y acompa\u00f1amiento para que reciban los beneficios tributarios con los que hoy cuentan, como la exenci\u00f3n del impuesto del IVA hasta el 31 de diciembre de este a\u00f1o y descuentos en el impuesto a la renta.<\/p>\n<p><em>\u201cEstamos poniendo a disposici\u00f3n toda la oferta que tiene la Secretar\u00eda de Desarrollo Econ\u00f3mico que cuenta con el programa de Est\u00edmulos para la Sostenibilidad, a trav\u00e9s del cual se apoya con recursos econ\u00f3micos a los empresarios para que mejoren sus estrategias de promoci\u00f3n de competitividad. Adem\u00e1s, estamos poniendo a disposici\u00f3n toda nuestra oferta en materia de formaci\u00f3n en sostenibilidad ambiental y en accesibilidad universal para que capaciten y preparen a todos sus empleados, de cara a la atenci\u00f3n al p\u00fablico y al turista; tambi\u00e9n, capacitaciones para que conozcan el Sistema de Informaci\u00f3n Tur\u00edstica Inteligente que est\u00e1 instalado en el corredor de Ayacucho y en la Plazuela San Ignacio\u201d,<\/em> inform\u00f3 la subsecretaria de Turismo, Ledys L\u00f3pez.<\/p>\n<p>Seg\u00fan el Observatorio Tur\u00edstico de la Subsecretar\u00eda de Turismo, durante los primeros meses de 2022, la ocupaci\u00f3n hotelera en el Centro de Medell\u00edn super\u00f3 ampliamente las proyecciones que se ten\u00edan para este a\u00f1o, pues para mayo la demanda por alojamiento en este sector pas\u00f3 del 40 %, que hab\u00eda antes de pandemia, a estar hoy por encima del 55 %, lo que refleja la <a href=\"https:\/\/www.medellin.gov.co\/es\/sala-de-prensa\/noticias\/que-es-el-turismo-sostenible-razones-por-las-que-es-un-modelo-amigable\/\">reactivaci\u00f3n del turismo<\/a> en la comuna 10.<\/p>\n<p>Empresarios del sector hotelero del Centro aseguran que la presencia masiva de turistas, que principalmente visitan zonas como la Plaza Botero, el Paseo La Playa, el barrio Prado y el Territorio Comercial (Guayaquil), se debe a que muchos est\u00e1n llegando en plan de negocios o por asuntos de salud.<\/p>\n<p>El director de 3h Hotel, Sebasti\u00e1n Hinestroza, dijo que <em>\u201cla pandemia par\u00f3 la realizaci\u00f3n de muchos eventos e hizo que muchas de las entidades suspendieran sus labores y, sobre todo, las presenciales. Al reactivarse y cuando empiezan todas las activaciones de manera presencial, tanto del Gobierno como de instituciones educativas, teatros y dem\u00e1s, esto permiti\u00f3 que las agendas culturales y las agendas de trabajo se aglomeraran, m\u00e1s o menos, al principio de este semestre y, as\u00ed mismo, se incrementara el tema de la demanda de habitaciones dentro del sector y del Centro Hist\u00f3rico\u201d.<\/em><\/p>\n<p>Con la Mesa de Turismo del Centro de Medell\u00edn, los empresarios tendr\u00e1n acompa\u00f1amiento especial en lo que tiene que ver con tr\u00e1mites legales como el registro ante la C\u00e1mara de Comercio y la DIAN, el Registro Nacional de Turismo y al Sistema de Migraci\u00f3n Colombia, as\u00ed como acceso al Sistema de Informaci\u00f3n de Registro de Extranjeros, entre otros. Tambi\u00e9n, la mesa les permitir\u00e1 tener contacto directo con la Administraci\u00f3n Distrital para que se puedan crear articulaciones que fortalezcan el crecimiento de esta industria y se fomente la satisfacci\u00f3n de necesidades en seguridad y embellecimiento del espacio p\u00fablico, que atraiga a m\u00e1s turistas.<\/p>\n<\/div>\n<\/div>\n<\/div>\n","protected":false},"excerpt":{"rendered":"<p>Esta instancia les ofrecer\u00e1 a los empresarios est\u00edmulos econ\u00f3micos, capacitaciones y acompa\u00f1amiento. En lo que va de 2022, el sector hotelero de la comuna 10-La Candelaria reporta una ocupaci\u00f3n que supera el 55 %, especialmente &#8230;<\/p>\n","protected":false},"author":1,"featured_media":68836,"comment_status":"open","ping_status":"open","sticky":false,"template":"","format":"standard","meta":[],"categories":[3,17],"tags":[453,455,430],"formato_nota":[],"programas_tax":[],"acf":[],"_links":{"self":[{"href":"https:\/\/www.medellin.gov.co\/es\/wp-json\/wp\/v2\/posts\/68833"}],"collection":[{"href":"https:\/\/www.medellin.gov.co\/es\/wp-json\/wp\/v2\/posts"}],"about":[{"href":"https:\/\/www.medellin.gov.co\/es\/wp-json\/wp\/v2\/types\/post"}],"author":[{"embeddable":true,"href":"https:\/\/www.medellin.gov.co\/es\/wp-json\/wp\/v2\/users\/1"}],"replies":[{"embeddable":true,"href":"https:\/\/www.medellin.gov.co\/es\/wp-json\/wp\/v2\/comments?post=68833"}],"version-history":[{"count":2,"href":"https:\/\/www.medellin.gov.co\/es\/wp-json\/wp\/v2\/posts\/68833\/revisions"}],"predecessor-version":[{"id":206090,"href":"https:\/\/www.medellin.gov.co\/es\/wp-json\/wp\/v2\/posts\/68833\/revisions\/206090"}],"wp:featuredmedia":[{"embeddable":true,"href":"https:\/\/www.medellin.gov.co\/es\/wp-json\/wp\/v2\/media\/68836"}],"wp:attachment":[{"href":"https:\/\/www.medellin.gov.co\/es\/wp-json\/wp\/v2\/media?parent=68833"}],"wp:term":[{"taxonomy":"category","embeddable":true,"href":"https:\/\/www.medellin.gov.co\/es\/wp-json\/wp\/v2\/categories?post=68833"},{"taxonomy":"post_tag","embeddable":true,"href":"https:\/\/www.medellin.gov.co\/es\/wp-json\/wp\/v2\/tags?post=68833"},{"taxonomy":"formato_nota","embeddable":true,"href":"https:\/\/www.medellin.gov.co\/es\/wp-json\/wp\/v2\/formato_nota?post=68833"},{"taxonomy":"programas_tax","embeddable":true,"href":"https:\/\/www.medellin.gov.co\/es\/wp-json\/wp\/v2\/programas_tax?post=68833"}],"curies":[{"name":"wp","href":"https:\/\/api.w.org\/{rel}","templated":true}]}}