{"id":68845,"date":"2022-06-01T00:00:00","date_gmt":"2022-06-01T05:00:00","guid":{"rendered":"https:\/\/www.medellin.gov.co\/es\/saladeprensa\/noticias\/el-festival-miradas-medellin-invita-a-participar-de-su-segunda-edicion-a-traves-del-llamado-de-peliculas-de-colombia-y-latinoamerica\/"},"modified":"2022-06-01T00:00:00","modified_gmt":"2022-06-01T05:00:00","slug":"el-festival-miradas-medellin-invita-a-participar-de-su-segunda-edicion-a-traves-del-llamado-de-peliculas-de-colombia-y-latinoamerica","status":"publish","type":"post","link":"https:\/\/www.medellin.gov.co\/es\/sala-de-prensa\/noticias\/el-festival-miradas-medellin-invita-a-participar-de-su-segunda-edicion-a-traves-del-llamado-de-peliculas-de-colombia-y-latinoamerica\/","title":{"rendered":"El Festival Miradas Medell\u00edn invita a participar de su segunda edici\u00f3n a trav\u00e9s del Llamado de Pel\u00edculas de Colombia y Latinoam\u00e9rica"},"content":{"rendered":"<div class=\"wrap contenido\">\n<div class=\"noticia\">\n<div class=\"imagen\">\n<div class=\"divContImageNoticia input_plantilla input_background\" data-input=\"fotografia\" ruta=\"\/galerias\/Imagenes\/Galer\u00eda d\u00eda a d\u00eda 2022\/500_400\/20220601-festival-miradas-1.jpg\" fotografo=\"Foto Alcald\u00eda de Medell\u00edn\" descripcion=\"El Festival Miradas Medell\u00edn invita a participar de su segunda edici\u00f3n a trav\u00e9s del Llamado de Pel\u00edculas de Colombia y Latinoam\u00e9rica.\" style=\"background-image:url('\/irj\/go\/km\/docs\/galerias\/Imagenes\/Galer\u00eda d\u00eda a d\u00eda 2022\/500_400\/20220601-festival-miradas-1.jpg')\"><\/div>\n<p class=\"pMetaDesc\">Foto: El Festival Miradas Medell\u00edn invita a participar de su segunda edici\u00f3n a trav\u00e9s del Llamado de Pel\u00edculas de Colombia y Latinoam\u00e9rica.<\/p>\n<p class=\"pMetaFotografo\">Fot\u00f3grafo: Foto Alcald\u00eda de Medell\u00edn<\/p>\n<\/div>\n<p class=\"fecha\"><span class=\"input_plantilla input_text\" data-input=\"fecha\">2022-06-01<\/span><\/p>\n<h1 itemprop=\"name\" class=\"input_plantilla input_text\" data-input=\"titulo\">El Festival Miradas Medell\u00edn invita a participar de su segunda edici\u00f3n a trav\u00e9s del Llamado de Pel\u00edculas de Colombia y Latinoam\u00e9rica<\/h1>\n<h5 class=\"input_plantilla input_text\" data-input=\"autor\">Por Nidia Stella Escobar Cruz<\/h5>\n<div class=\"cuerpo input_plantilla input_area\" data-input=\"contenido\">\n<p>.: Hasta el 31 de julio, producciones audiovisuales de Colombia y Latinoam\u00e9rica se postular\u00e1n para la segunda edici\u00f3n del evento.&nbsp;<\/p>\n<p>.: La Selecci\u00f3n de Cine Colombiano est\u00e1 dirigida a producciones nacionales y entregar\u00e1 reconocimientos a Mejor Largometraje, Mejor Cortometraje y la Favorita del P\u00fablico.&nbsp;<\/p>\n<p>.: El festival se abre al cine latinoamericano con una muestra de largometrajes y cortometrajes que har\u00e1 de Medell\u00edn un punto de encuentro en la regi\u00f3n y de nuevas miradas.&nbsp;<\/p>\n<p><a href=\"\/irj\/go\/km\/docs\/pccdesign\/medellin\/Temas\/Cultura\/Noticias\/Shared Content\/Documentos\/2022\/20220601-festival-miradas-01.mp3\" class=\"aContEnlace liMp3\" download=\"\" data-mce-href=\"\/irj\/go\/km\/docs\/pccdesign\/medellin\/Temas\/Cultura\/Noticias\/Shared Content\/Documentos\/2022\/20220601-festival-miradas-01.mp3\"><span>Palabras de Juan David Orozco, coordinador de la Comisi\u00f3n F\u00edlmica de Medell\u00edn.<\/span><span>607 Kb<\/span><\/a><\/p>\n<p><span><a href=\"\/irj\/go\/km\/docs\/pccdesign\/medellin\/Temas\/Cultura\/Noticias\/Shared Content\/Documentos\/2022\/20220601-festival-miradas-02.mp3\" class=\"aContEnlace liMp3\" download=\"\" data-mce-href=\"\/irj\/go\/km\/docs\/pccdesign\/medellin\/Temas\/Cultura\/Noticias\/Shared Content\/Documentos\/2022\/20220601-festival-miradas-02.mp3\"><span>Palabras de \u00c1lvaro Narv\u00e1ez D\u00edaz, secretario de Cultura Ciudadana.<\/span><span>1515 Kb<\/span><\/a><\/span><\/p>\n<p>En&nbsp; el marco de la Noche Extendida del Museo de Arte Moderno de Medell\u00edn se realiz\u00f3 el lanzamiento del Llamado de Pel\u00edculas para la segunda edici\u00f3n de Miradas Medell\u00edn &#8211; Festival de Cine y Artes Audiovisuales, que tendr\u00e1 lugar del 23 al 27 de noviembre en Medell\u00edn. Podr\u00e1n participar cortos, largometrajes y videoclips de cineastas colombianos residentes en todo el territorio nacional o de producci\u00f3n colombiana.&nbsp; &nbsp;<\/p>\n<p>Para la edici\u00f3n de este a\u00f1o, el festival se abre al cine latinoamericano, extendiendo este llamado a cineastas de Argentina, Bolivia, Brasil, Chile, Costa Rica, Cuba, Ecuador, El Salvador, Guatemala, Honduras, M\u00e9xico, Nicaragua, Panam\u00e1, Paraguay, Per\u00fa, Puerto Rico, Rep\u00fablica Dominicana, Uruguay y Venezuela.&nbsp;<\/p>\n<p><em>\u201cEsta vez hacemos un Llamado de Pel\u00edculas a que se vinculen y participen para hacer parte de este festival, que busca darle continuidad a las pol\u00edticas p\u00fablicas que hoy estamos impulsando, adem\u00e1s de reconocer los cambios que a trav\u00e9s del cine se han venido dando; reflexiones de los artistas y comunidades, incluso las m\u00e1s alejadas de Colombia, que hoy tienen la oportunidad de conectarse con Latinoam\u00e9rica\u201d<\/em>, afirm\u00f3 el secretario de Cultura Ciudadana, \u00c1lvaro Narv\u00e1ez D\u00edaz.<\/p>\n<p>Las categor\u00edas ser\u00e1n:&nbsp;<\/p>\n<ul>\n<li><strong>Selecci\u00f3n de Cine Colombiano<\/strong>&nbsp;<\/li>\n<\/ul>\n<p>Pueden participar largometrajes (de m\u00ednimo 60 minutos de duraci\u00f3n) y cortometrajes (de 5 a 30 minutos) de cualquier g\u00e9nero, finalizados o estrenados a partir del 1 de enero de 2021, de producci\u00f3n colombiana o dirigidos por cineastas colombianos.&nbsp;<\/p>\n<p>Para esta secci\u00f3n, un jurado de profesionales del sector audiovisual colombiano e internacional entregar\u00e1 reconocimientos a Mejor largometraje y Mejor cortometraje, y los asistentes a las funciones de las pel\u00edculas seleccionadas votar\u00e1n para entregar el reconocimiento a la favorita del p\u00fablico.&nbsp;<\/p>\n<ul>\n<li><strong>Muestra Latinoamericana&nbsp;<\/strong><\/li>\n<\/ul>\n<p>&nbsp;Pueden participar largometrajes (m\u00ednimo 60 minutos de duraci\u00f3n) y cortometrajes (m\u00ednimo 5 y m\u00e1ximo 30 minutos) de cualquier g\u00e9nero, finalizados o estrenados a partir del 1 de enero de 2020, producidos en Argentina, Bolivia, Brasil, Chile, Costa Rica, Cuba, Ecuador, El Salvador, Guatemala, Honduras, M\u00e9xico, Nicaragua, Panam\u00e1, Paraguay, Per\u00fa, Puerto Rico, Rep\u00fablica Dominicana, Uruguay y Venezuela, o dirigidos por cineastas de estos pa\u00edses.<\/p>\n<ul>\n<li><strong>Muestra de Videoclips Colombianos&nbsp;<\/strong><\/li>\n<\/ul>\n<p>&nbsp;Pueden participar videoclips finalizados o estrenados a partir del 1 de enero de 2021, de producci\u00f3n colombiana o dirigidos por cineastas colombianos.&nbsp;<\/p>\n<p><a href=\"https:\/\/www.medellin.gov.co\/irj\/go\/km\/docs\/galerias\/Imagenes\/Galer%C3%ADa%20d%C3%ADa%20a%20d%C3%ADa%202022\/20220601-festival-miradas-2.jpg\" target=\"_blank\" rel=\"noopener\" data-mce-href=\"https:\/\/www.medellin.gov.co\/irj\/go\/km\/docs\/galerias\/Imagenes\/Galer%C3%ADa%20d%C3%ADa%20a%20d%C3%ADa%202022\/20220601-festival-miradas-2.jpg\"><img src=\"https:\/\/www.medellin.gov.co\/irj\/go\/km\/docs\/galerias\/Imagenes\/Galer%C3%ADa%20d%C3%ADa%20a%20d%C3%ADa%202022\/1000_450\/20220601-festival-miradas-2.jpg\" alt=\"\" width=\"100%\" data-mce-src=\"https:\/\/www.medellin.gov.co\/irj\/go\/km\/docs\/galerias\/Imagenes\/Galer%C3%ADa%20d%C3%ADa%20a%20d%C3%ADa%202022\/1000_450\/20220601-festival-miradas-2.jpg\"><\/a><\/p>\n<p>Las inscripciones se realizar\u00e1n hasta el 31 de julio de 2022, a trav\u00e9s de la plataforma Festhome (<a href=\"https:\/\/festhome.com\/\" target=\"_blank\" rel=\"noopener\" data-mce-href=\"https:\/\/festhome.com\/\">https:\/\/festhome.com\/<\/a>) y las condiciones de participaci\u00f3n estar\u00e1n disponibles en: <a href=\"http:\/\/www.miradasmedellin.com\/\" target=\"_blank\" rel=\"noopener\" data-mce-href=\"http:\/\/www.miradasmedellin.com\/\">http:\/\/www.miradasmedellin.com<\/a>. Las obras inscritas ser\u00e1n sometidas a un proceso de selecci\u00f3n adelantado por el equipo de programaci\u00f3n del festival y los resultados se presentar\u00e1n la \u00faltima semana de octubre a trav\u00e9s de la p\u00e1gina web y en las redes Facebook, Twitter e Instagram del festival.&nbsp;&nbsp;<\/p>\n<p>Este es un llamado abierto a que todos los creadores audiovisuales <em>\u201ctraigan sus pel\u00edculas, el p\u00fablico de Medell\u00edn est\u00e1 siempre aprovech\u00e1ndolas para romper la soledad y para romper la exclusi\u00f3n\u201d<\/em>, afirm\u00f3 el cineasta V\u00edctor Gaviria, director art\u00edstico de la segunda edici\u00f3n de Miradas Medell\u00edn.&nbsp;<\/p>\n<p>En 2021, Miradas Medell\u00edn convoc\u00f3 a 14.500 asistentes con m\u00e1s de 80 proyecciones y 120 actividades en escenarios como el MAMM, la Red de Equipamientos de ciudad, el Palacio de la Cultura Rafael Uribe Uribe, el Teatro al Aire Libre Carlos Vieco. Adem\u00e1s, el cine lleg\u00f3 a los barrios y comunas de Medell\u00edn con las rutas Miradas en la Cuadra, que convoc\u00f3 a m\u00e1s de 500 ciudadanos para disfrutar de las muestras.&nbsp;<\/p>\n<p><em>\u201cEs una oportunidad para conocer sus obras, sus pel\u00edculas y proyectos, y tambi\u00e9n tendremos de nuevo un espacio de encuentro. Si tienen proyectos en desarrollo, si est\u00e1n buscando cofinanciaci\u00f3n, coproducci\u00f3n, nuevamente en Miradas Medell\u00edn tendremos un espacio para que sus proyectos crezcan, se proyecten y sigamos consolidando nuestra Medell\u00edn de Pel\u00edcula<\/em>\u201d, dijo el coordinador de la Comisi\u00f3n F\u00edlmica de Medell\u00edn, Juan David Orozco.&nbsp;&nbsp;<\/p>\n<p>En abril pasado, seis pel\u00edculas de Miradas Medell\u00edn se proyectaron en la sala Primavera Audiovisual en el Festival Internacional de Cine de Cartagena &#8211; FICCI, un espacio no solo de exhibici\u00f3n para el cine de Medell\u00edn, sino tambi\u00e9n de networking con profesionales del sector audiovisual de todo el mundo.&nbsp;&nbsp;<\/p>\n<p>Gracias a la articulaci\u00f3n de las dependencias de la Alcald\u00eda de Medell\u00edn, a trav\u00e9s del Despacho de la Gestora Social y la Secretar\u00eda de Cultura Ciudadana, y con el apoyo del \u00c1rea Metropolitana del Valle de Aburr\u00e1 y Fundaci\u00f3n EPM, Medell\u00edn se abre a todo el continente para generar un punto de encuentro, de miradas y de creatividad expresada a trav\u00e9s de la imagen en movimiento, apalancada por la transformaci\u00f3n educativa y cultural hacia el futuro del <em>#CineHechoenMedell\u00edn<\/em>.<\/p>\n<\/div>\n<div class=\"compartir\">Compartir en:<a title=\"\" href=\"http:\/\/www.facebook.com\/share.php?u=\" class=\"btCompartirFacebook btCompartir\" target=\"_blank\" rel=\"noopener\"><\/a><a title=\"\" href=\"http:\/\/twitter.com\/home?status=Haz%20clic%20para%20ver%20esta%20noticia%20en%20\" class=\"btCompartirTwitter btCompartir\"><\/a><a title=\"\" href=\"whatsapp:\/\/send?text=Haz%20clic%20para%20ver%20esta%20noticia%20en%20\" class=\"btCompartirWa btCompartir\"><\/a><\/div>\n<\/div>\n<p><script>try{comprobarImagen();fixBtnRedes();hitsMedellin();}catch(e){}<\/script><\/div>\n","protected":false},"excerpt":{"rendered":"<p>Foto: El Festival Miradas Medell\u00edn invita a participar de su segunda edici\u00f3n a trav\u00e9s del Llamado de Pel\u00edculas de Colombia y Latinoam\u00e9rica. Fot\u00f3grafo: Foto Alcald\u00eda de Medell\u00edn 2022-06-01 El Festival Miradas Medell\u00edn invita a participar &#8230;<\/p>\n","protected":false},"author":1,"featured_media":68848,"comment_status":"open","ping_status":"open","sticky":false,"template":"","format":"standard","meta":[],"categories":[31],"tags":[444,428,455],"formato_nota":[],"programas_tax":[],"acf":[],"_links":{"self":[{"href":"https:\/\/www.medellin.gov.co\/es\/wp-json\/wp\/v2\/posts\/68845"}],"collection":[{"href":"https:\/\/www.medellin.gov.co\/es\/wp-json\/wp\/v2\/posts"}],"about":[{"href":"https:\/\/www.medellin.gov.co\/es\/wp-json\/wp\/v2\/types\/post"}],"author":[{"embeddable":true,"href":"https:\/\/www.medellin.gov.co\/es\/wp-json\/wp\/v2\/users\/1"}],"replies":[{"embeddable":true,"href":"https:\/\/www.medellin.gov.co\/es\/wp-json\/wp\/v2\/comments?post=68845"}],"version-history":[{"count":0,"href":"https:\/\/www.medellin.gov.co\/es\/wp-json\/wp\/v2\/posts\/68845\/revisions"}],"wp:featuredmedia":[{"embeddable":true,"href":"https:\/\/www.medellin.gov.co\/es\/wp-json\/wp\/v2\/media\/68848"}],"wp:attachment":[{"href":"https:\/\/www.medellin.gov.co\/es\/wp-json\/wp\/v2\/media?parent=68845"}],"wp:term":[{"taxonomy":"category","embeddable":true,"href":"https:\/\/www.medellin.gov.co\/es\/wp-json\/wp\/v2\/categories?post=68845"},{"taxonomy":"post_tag","embeddable":true,"href":"https:\/\/www.medellin.gov.co\/es\/wp-json\/wp\/v2\/tags?post=68845"},{"taxonomy":"formato_nota","embeddable":true,"href":"https:\/\/www.medellin.gov.co\/es\/wp-json\/wp\/v2\/formato_nota?post=68845"},{"taxonomy":"programas_tax","embeddable":true,"href":"https:\/\/www.medellin.gov.co\/es\/wp-json\/wp\/v2\/programas_tax?post=68845"}],"curies":[{"name":"wp","href":"https:\/\/api.w.org\/{rel}","templated":true}]}}