{"id":68886,"date":"2022-05-31T00:00:00","date_gmt":"2022-05-31T05:00:00","guid":{"rendered":"https:\/\/www.medellin.gov.co\/es\/saladeprensa\/noticias\/el-nino-que-mira-las-nubes\/"},"modified":"2022-05-31T00:00:00","modified_gmt":"2022-05-31T05:00:00","slug":"el-nino-que-mira-las-nubes","status":"publish","type":"post","link":"https:\/\/www.medellin.gov.co\/es\/sala-de-prensa\/noticias\/el-nino-que-mira-las-nubes\/","title":{"rendered":"El ni\u00f1o que mira las nubes"},"content":{"rendered":"<div class=\"wrap contenido\">\n<div class=\"noticia\">\n<div class=\"imagen\">\n<div class=\"divContImageNoticia input_plantilla input_background\" data-input=\"fotografia\" ruta=\"\/galerias\/Imagenes\/Galer\u00eda d\u00eda a d\u00eda 2022\/500_400\/20220531-nubes-1.jpg\" fotografo=\"Foto Marcos Berm\u00fadez\" descripcion=\"El ni\u00f1o que mira las nubes. \" style=\"background-image:url('\/irj\/go\/km\/docs\/galerias\/Imagenes\/Galer\u00eda d\u00eda a d\u00eda 2022\/500_400\/20220531-nubes-1.jpg')\"><\/div>\n<p class=\"pMetaDesc\">Foto: El ni\u00f1o que mira las nubes. <\/p>\n<p class=\"pMetaFotografo\">Fot\u00f3grafo: Foto Marcos Berm\u00fadez<\/p>\n<\/div>\n<p class=\"fecha\"><span class=\"input_plantilla input_text\" data-input=\"fecha\">2022-05-31<\/span><\/p>\n<h1 itemprop=\"name\" class=\"input_plantilla input_text\" data-input=\"titulo\">El ni\u00f1o que mira las nubes<\/h1>\n<h5 class=\"input_plantilla input_text\" data-input=\"autor\">Por: Mauricio L\u00f3pez<\/h5>\n<div class=\"cuerpo input_plantilla input_area\" data-input=\"contenido\">\n<p><em>La Alcald\u00eda de Medell\u00edn, en 2021, disminuy\u00f3 en un 97 % las condiciones de vulnerabilidad de 15.504 ni\u00f1as, ni\u00f1os y adolescentes atendidos en prevenci\u00f3n de riesgos y acompa\u00f1amiento psicosocial. <\/em>&nbsp;<\/p>\n<p>S\u00ed. Fue un ni\u00f1o de la calle, uno que pudo haberse perdido en la oscuridad y hoy le gusta mirar al cielo.&nbsp;<\/p>\n<p>Jaime de Jes\u00fas Paniagua Fern\u00e1ndez encuentra sosiego al observar las nubes, descubrir las im\u00e1genes que forman y disfrutar del vaporoso paisaje que pasa por el firmamento. Tiene 19 a\u00f1os y una vida de muchos retos. Quiere ser m\u00e9dico o sic\u00f3logo, y piensa, tambi\u00e9n, en abrir un emprendimiento art\u00edstico y formar una familia, porque siempre, desde peque\u00f1o, la anhela.&nbsp;<\/p>\n<p>Sabe pintar, tocar guitarra y hasta compone letras hip hop. Su coeficiente intelectual es de 115, un nivel muy alto.&nbsp;<\/p>\n<p>\u201cMi vida de ni\u00f1o no fue f\u00e1cil, pero parte de mi recuperaci\u00f3n se debe a que he aprendido a aceptarla, a llevar ese peso y a perdonar a los que me hicieron da\u00f1o\u201d, cuenta tras un largo proceso con el Instituto de Bienestar Familiar y el Hogar Amar\u00e1s. Ahora vive con una familia sustituta, en espera de poder estudiar para independizarse y hacer su propia vida.&nbsp;<\/p>\n<p>Sus padres bil\u00f3gicos consum\u00edan alucin\u00f3genos y no lo trataban con cuidado y amor. Tanto \u00e9l, como sus hermanos, siempre estuvieron expuestos a circunstancias de abuso, irrespeto y soledad y, finalmente, todos quedaron en situaci\u00f3n de calle.&nbsp;<\/p>\n<p>\u201cQuiero ser m\u00e9dico y especializarme en Psiquiatr\u00eda. Me gustar\u00eda ayudar a ni\u00f1os, ni\u00f1as y adolescentes. La gente no sabe lo dif\u00edcil que son estas etapas y, a veces, los m\u00e1s peque\u00f1os no tienen el mejor acompa\u00f1amiento para superarlas\u201d, precisa.&nbsp;<\/p>\n<p>En Hogar Amar\u00e1s sinti\u00f3 que su vida comenzaba de nuevo y que ese pasado sombr\u00edo era solo parte de una terrible pesadilla. All\u00ed encontr\u00f3 amigos y muchos profesionales que siempre estuvieron atentos a sus preocupaciones, a sus dudas, a sus temores. Aprendi\u00f3 manualidades, a trabajar el campo y a tener disciplina. Ley\u00f3 mucho y conoci\u00f3 las historias de otros ni\u00f1os, quienes como \u00e9l, pasaron por verdaderos infiernos.&nbsp;<\/p>\n<p>\u201cQuiz\u00e1s, por eso, miro mucho las nubes, porque en Amar\u00e1s aprend\u00ed a so\u00f1ar y, hab\u00eda tanto campo, tanto aire limpio que era hermoso tirarse en el pasto a observar el cielo\u201d, explica.&nbsp;<\/p>\n<p>Ahora, pasa los d\u00edas ayud\u00e1ndole a Natalia, su madre sustituta, con las labores del hogar y con el cuidado de su hermanastro, un peque\u00f1o de apenas cinco a\u00f1os a quien le gusta jugar a los zombis.&nbsp;<\/p>\n<p>\u201c\u00c9l se la pasa conmigo jugando a los zombis, o a los h\u00e9roes, o a los carritos. A m\u00ed me ayuda porque me desestresa. Alg\u00fan d\u00eda tendr\u00e9 mi propia familia, vivir\u00e9 en el campo y ser\u00e9 muy feliz\u201d, asegura Jaime, agradecido, feliz por su sue\u00f1o, y por la semilla sembrada en su coraz\u00f3n.<\/p>\n<\/div>\n<div class=\"compartir\">Compartir en:<a title=\"\" href=\"http:\/\/www.facebook.com\/share.php?u=\" class=\"btCompartirFacebook btCompartir\" target=\"_blank\" rel=\"noopener\"><\/a><a title=\"\" href=\"http:\/\/twitter.com\/home?status=Haz%20clic%20para%20ver%20esta%20noticia%20en%20\" class=\"btCompartirTwitter btCompartir\"><\/a><a title=\"\" href=\"whatsapp:\/\/send?text=Haz%20clic%20para%20ver%20esta%20noticia%20en%20\" class=\"btCompartirWa btCompartir\"><\/a><\/div>\n<\/div>\n<p><script>try{comprobarImagen();fixBtnRedes();hitsMedellin();}catch(e){}<\/script><\/div>\n","protected":false},"excerpt":{"rendered":"<p>Foto: El ni\u00f1o que mira las nubes. Fot\u00f3grafo: Foto Marcos Berm\u00fadez 2022-05-31 El ni\u00f1o que mira las nubes Por: Mauricio L\u00f3pez La Alcald\u00eda de Medell\u00edn, en 2021, disminuy\u00f3 en un 97 % las condiciones de &#8230;<\/p>\n","protected":false},"author":1,"featured_media":68889,"comment_status":"open","ping_status":"open","sticky":false,"template":"","format":"standard","meta":[],"categories":[8],"tags":[444],"formato_nota":[],"programas_tax":[],"acf":[],"_links":{"self":[{"href":"https:\/\/www.medellin.gov.co\/es\/wp-json\/wp\/v2\/posts\/68886"}],"collection":[{"href":"https:\/\/www.medellin.gov.co\/es\/wp-json\/wp\/v2\/posts"}],"about":[{"href":"https:\/\/www.medellin.gov.co\/es\/wp-json\/wp\/v2\/types\/post"}],"author":[{"embeddable":true,"href":"https:\/\/www.medellin.gov.co\/es\/wp-json\/wp\/v2\/users\/1"}],"replies":[{"embeddable":true,"href":"https:\/\/www.medellin.gov.co\/es\/wp-json\/wp\/v2\/comments?post=68886"}],"version-history":[{"count":0,"href":"https:\/\/www.medellin.gov.co\/es\/wp-json\/wp\/v2\/posts\/68886\/revisions"}],"wp:featuredmedia":[{"embeddable":true,"href":"https:\/\/www.medellin.gov.co\/es\/wp-json\/wp\/v2\/media\/68889"}],"wp:attachment":[{"href":"https:\/\/www.medellin.gov.co\/es\/wp-json\/wp\/v2\/media?parent=68886"}],"wp:term":[{"taxonomy":"category","embeddable":true,"href":"https:\/\/www.medellin.gov.co\/es\/wp-json\/wp\/v2\/categories?post=68886"},{"taxonomy":"post_tag","embeddable":true,"href":"https:\/\/www.medellin.gov.co\/es\/wp-json\/wp\/v2\/tags?post=68886"},{"taxonomy":"formato_nota","embeddable":true,"href":"https:\/\/www.medellin.gov.co\/es\/wp-json\/wp\/v2\/formato_nota?post=68886"},{"taxonomy":"programas_tax","embeddable":true,"href":"https:\/\/www.medellin.gov.co\/es\/wp-json\/wp\/v2\/programas_tax?post=68886"}],"curies":[{"name":"wp","href":"https:\/\/api.w.org\/{rel}","templated":true}]}}