{"id":68898,"date":"2022-05-30T00:00:00","date_gmt":"2022-05-30T05:00:00","guid":{"rendered":"https:\/\/www.medellin.gov.co\/es\/saladeprensa\/noticias\/la-alcaldia-de-medellin-ha-capacitado-38-599-ciudadanos-en-conocimiento-y-reduccion-del-riesgo-de-desastres\/"},"modified":"2022-05-30T00:00:00","modified_gmt":"2022-05-30T05:00:00","slug":"la-alcaldia-de-medellin-ha-capacitado-38-599-ciudadanos-en-conocimiento-y-reduccion-del-riesgo-de-desastres","status":"publish","type":"post","link":"https:\/\/www.medellin.gov.co\/es\/sala-de-prensa\/noticias\/la-alcaldia-de-medellin-ha-capacitado-38-599-ciudadanos-en-conocimiento-y-reduccion-del-riesgo-de-desastres\/","title":{"rendered":"La Alcald\u00eda de Medell\u00edn ha capacitado 38.599 ciudadanos en conocimiento y reducci\u00f3n del riesgo de desastres"},"content":{"rendered":"<div class=\"wrap contenido\">\n<div class=\"noticia\">\n<div class=\"imagen\">\n<div class=\"divContImageNoticia input_plantilla input_background\" data-input=\"fotografia\" ruta=\"\/galerias\/Imagenes\/Galer\u00eda d\u00eda a d\u00eda 2022\/500_400\/20220530_Gestion_Riesgo.jpg\" fotografo=\"Foto Alcald\u00eda de Medell\u00edn\" descripcion=\"Capacitaci\u00f3n a ciudadanos en conocimiento y reducci\u00f3n del riesgo de desastres.\" style=\"background-image:url('\/irj\/go\/km\/docs\/galerias\/Imagenes\/Galer\u00eda d\u00eda a d\u00eda 2022\/500_400\/20220530_Gestion_Riesgo.jpg')\"><\/div>\n<p class=\"pMetaDesc\">Foto: Capacitaci\u00f3n a ciudadanos en conocimiento y reducci\u00f3n del riesgo de desastres.<\/p>\n<p class=\"pMetaFotografo\">Fot\u00f3grafo: Foto Alcald\u00eda de Medell\u00edn<\/p>\n<\/div>\n<p class=\"fecha\"><span class=\"input_plantilla input_text\" data-input=\"fecha\">2022-05-30<\/span><\/p>\n<h1 itemprop=\"name\" class=\"input_plantilla input_text\" data-input=\"titulo\">La Alcald\u00eda de Medell\u00edn ha capacitado 38.599 ciudadanos en conocimiento y reducci\u00f3n del riesgo de desastres<\/h1>\n<h5 class=\"input_plantilla input_text\" data-input=\"autor\">Por Wilmar Giraldo Bedoya<\/h5>\n<div class=\"cuerpo input_plantilla input_area\" data-input=\"contenido\">\n<p>&#8211; Se han realizado m\u00e1s de 640 actividades de este tipo durante 2022.<br \/>&#8211; Estos procesos se dirigen a las instituciones educativas p\u00fablicas y privadas, entes interinstitucionales, sector empresarial y peque\u00f1os comerciantes y ciudadan\u00eda en general.<\/p>\n<p><a href=\"\/irj\/go\/km\/docs\/etc\/PortalMedellin\/archivos\/gestion_del_riesgo\/20220530_Gestion_Desastres.mp3\" class=\"aContEnlace liMp3\" download=\"\" data-mce-href=\"\/irj\/go\/km\/docs\/etc\/PortalMedellin\/archivos\/gestion_del_riesgo\/20220530_Gestion_Desastres.mp3\"><span>Palabras de Laura Duarte Osorio, directora del DAGRD<\/span><span><\/span><span>470 Kb<\/span><\/a><\/p>\n<p>Entre enero y mayo de este a\u00f1o, 38.599 personas se capacitaron en gesti\u00f3n del riesgo de desastres, gracias al equipo social del Departamento Administrativo de Gesti\u00f3n del Riesgo de Desastres (DAGRD). La labor es realizada por profesionales de las ciencias sociales y humanas, quienes llevan sus saberes a los territorios, en tem\u00e1ticas relacionadas con la respuesta ante situaciones de emergencia, con un enfoque comunitario, empresarial, comercial, educativo y organizacional, tanto de lo p\u00fablico como de lo privado.<\/p>\n<p>\u201cNuestro trabajo con las comunidades es muy importante, porque consolida la gobernanza del riesgo en los territorios. El equipo social del DAGRD est\u00e1 compuesto por profesionales en las ciencias humanas que se encargan de instruir en el conocimiento y la reducci\u00f3n del riesgo, siendo puente entre la comunidad, la empresa y el Estado, y as\u00ed fortalecer el Sistema Municipal de Gesti\u00f3n del Riesgo de Desastres\u201d, indic\u00f3 la directora del DAGRD, Laura Duarte Osorio.<\/p>\n<p>Entre los talleres ofrecidos se encuentran: plan familiar de gesti\u00f3n del riesgo de desastres, Hogar Seguro, Sistemas de Alerta Temprana, Escuela Segura, simulacros y simulaciones, planes de ayuda mutua, escolares de gesti\u00f3n del riesgo de desastres, comunitarios de evacuaci\u00f3n y de emergencia.<\/p>\n<p>En las instituciones educativas locales se han desarrollado 143 procesos de formaci\u00f3n, 172 en comunas y corregimientos, 21 en empresas, 85 en secretar\u00edas, departamentos administrativos y gerencias de la Alcald\u00eda de Medell\u00edn y 25 en mesas interinstitucionales.<\/p>\n<p>&nbsp;\u201cLe quiero dar las gracias al DAGRD por las capacitaciones que nos est\u00e1 dando en este momento para nosotros ser los primeros respondientes en una emergencia y nosotros poder transmitir esta informaci\u00f3n a nuestras comunidades. Estar preparados y ser conscientes que el riesgo es inminente y que siempre debemos saber c\u00f3mo responder \u201d, expres\u00f3 Ely Urrego, coordinadora del Comit\u00e9 Comunitario de Gesti\u00f3n del Riesgo de Desastres de La Iguan\u00e1.<\/p>\n<p>La articulaci\u00f3n con otros entes territoriales, con el liderazgo de la Alcald\u00eda de Medell\u00edn, ha establecido un trabajo mancomunado con instituciones como el Sistema de Alertas Tempranas \u2013 Siata, el Departamento Administrativo de Planeaci\u00f3n, las secretar\u00edas de Inclusi\u00f3n Social, Familia y Derechos Humanos, Medio Ambiente, Buen Comienzo, proyectos como Edimburgo e Informarisk, que se desarrollan en alianza con universidades europeas, &nbsp;adem\u00e1s de otras gerencias y entes descentralizados de la Administraci\u00f3n Municipal.<\/p>\n<p>Una de las metas del DAGRD, a trav\u00e9s de su equipo t\u00e9cnico, es impactar a 300.000 ciudadanos en 2023 y formarlos en gesti\u00f3n del riesgo.<\/p>\n<\/div>\n<div class=\"compartir\">Compartir en:<a title=\"\" href=\"http:\/\/www.facebook.com\/share.php?u=\" class=\"btCompartirFacebook btCompartir\" target=\"_blank\" rel=\"noopener\"><\/a><a title=\"\" href=\"http:\/\/twitter.com\/home?status=Haz%20clic%20para%20ver%20esta%20noticia%20en%20\" class=\"btCompartirTwitter btCompartir\"><\/a><a title=\"\" href=\"whatsapp:\/\/send?text=Haz%20clic%20para%20ver%20esta%20noticia%20en%20\" class=\"btCompartirWa btCompartir\"><\/a><\/div>\n<\/div>\n<p><script>try{comprobarImagen();fixBtnRedes();hitsMedellin();}catch(e){}<\/script><\/div>\n","protected":false},"excerpt":{"rendered":"<p>Foto: Capacitaci\u00f3n a ciudadanos en conocimiento y reducci\u00f3n del riesgo de desastres. Fot\u00f3grafo: Foto Alcald\u00eda de Medell\u00edn 2022-05-30 La Alcald\u00eda de Medell\u00edn ha capacitado 38.599 ciudadanos en conocimiento y reducci\u00f3n del riesgo de desastres Por &#8230;<\/p>\n","protected":false},"author":1,"featured_media":68901,"comment_status":"open","ping_status":"open","sticky":false,"template":"","format":"standard","meta":[],"categories":[30],"tags":[431,435,436],"formato_nota":[],"programas_tax":[],"acf":[],"_links":{"self":[{"href":"https:\/\/www.medellin.gov.co\/es\/wp-json\/wp\/v2\/posts\/68898"}],"collection":[{"href":"https:\/\/www.medellin.gov.co\/es\/wp-json\/wp\/v2\/posts"}],"about":[{"href":"https:\/\/www.medellin.gov.co\/es\/wp-json\/wp\/v2\/types\/post"}],"author":[{"embeddable":true,"href":"https:\/\/www.medellin.gov.co\/es\/wp-json\/wp\/v2\/users\/1"}],"replies":[{"embeddable":true,"href":"https:\/\/www.medellin.gov.co\/es\/wp-json\/wp\/v2\/comments?post=68898"}],"version-history":[{"count":0,"href":"https:\/\/www.medellin.gov.co\/es\/wp-json\/wp\/v2\/posts\/68898\/revisions"}],"wp:featuredmedia":[{"embeddable":true,"href":"https:\/\/www.medellin.gov.co\/es\/wp-json\/wp\/v2\/media\/68901"}],"wp:attachment":[{"href":"https:\/\/www.medellin.gov.co\/es\/wp-json\/wp\/v2\/media?parent=68898"}],"wp:term":[{"taxonomy":"category","embeddable":true,"href":"https:\/\/www.medellin.gov.co\/es\/wp-json\/wp\/v2\/categories?post=68898"},{"taxonomy":"post_tag","embeddable":true,"href":"https:\/\/www.medellin.gov.co\/es\/wp-json\/wp\/v2\/tags?post=68898"},{"taxonomy":"formato_nota","embeddable":true,"href":"https:\/\/www.medellin.gov.co\/es\/wp-json\/wp\/v2\/formato_nota?post=68898"},{"taxonomy":"programas_tax","embeddable":true,"href":"https:\/\/www.medellin.gov.co\/es\/wp-json\/wp\/v2\/programas_tax?post=68898"}],"curies":[{"name":"wp","href":"https:\/\/api.w.org\/{rel}","templated":true}]}}