{"id":68984,"date":"2022-05-25T00:00:00","date_gmt":"2022-05-25T05:00:00","guid":{"rendered":"https:\/\/www.medellin.gov.co\/es\/saladeprensa\/noticias\/con-nueva-plataforma-de-la-alcaldia-de-medellin-675-establecimientos-escolares-han-digitalizado-sus-proyectos-educativos-institucionales\/"},"modified":"2022-07-07T18:43:55","modified_gmt":"2022-07-07T23:43:55","slug":"con-nueva-plataforma-de-la-alcaldia-de-medellin-675-establecimientos-escolares-han-digitalizado-sus-proyectos-educativos-institucionales","status":"publish","type":"post","link":"https:\/\/www.medellin.gov.co\/es\/sala-de-prensa\/noticias\/con-nueva-plataforma-de-la-alcaldia-de-medellin-675-establecimientos-escolares-han-digitalizado-sus-proyectos-educativos-institucionales\/","title":{"rendered":"Con nueva plataforma de la Alcald\u00eda de Medell\u00edn 675 establecimientos escolares han digitalizado sus Proyectos Educativos Institucionales"},"content":{"rendered":"<div class=\"wrap contenido\">\n<div class=\"noticia\">\n<div class=\"imagen\">\n<div class=\"divContImageNoticia input_plantilla input_background\" data-input=\"fotografia\" ruta=\"\/galerias\/Imagenes\/Galer\u00eda d\u00eda a d\u00eda 2022\/500_400\/20220525-plataforma-alcaldia-1.jpg\" fotografo=\"Foto Alcald\u00eda de Medell\u00edn\" descripcion=\"Con nueva plataforma de la Alcald\u00eda de Medell\u00edn 675 establecimientos escolares han digitalizado sus Proyectos Educativos Institucionales. \" style=\"background-image:url('\/irj\/go\/km\/docs\/galerias\/Imagenes\/Galer\u00eda d\u00eda a d\u00eda 2022\/500_400\/20220525-plataforma-alcaldia-1.jpg')\"><\/div>\n<p class=\"pMetaDesc\">Foto: Con nueva plataforma de la Alcald\u00eda de Medell\u00edn 675 establecimientos escolares han digitalizado sus Proyectos Educativos Institucionales. <\/p>\n<p class=\"pMetaFotografo\">Fot\u00f3grafo: Foto Alcald\u00eda de Medell\u00edn<\/p>\n<\/div>\n<p class=\"fecha\"><span class=\"input_plantilla input_text\" data-input=\"fecha\">2022-05-25<\/span><\/p>\n<h1 itemprop=\"name\" class=\"input_plantilla input_text\" data-input=\"titulo\">Con nueva plataforma de la Alcald\u00eda de Medell\u00edn 675 establecimientos escolares han digitalizado sus Proyectos Educativos Institucionales<\/h1>\n<h5 class=\"input_plantilla input_text\" data-input=\"autor\">Por Eduar Rend\u00f3n<\/h5>\n<div class=\"cuerpo input_plantilla input_area\" data-input=\"contenido\">\n<p>.: El sistema permite almacenar el Proyecto Educativo Institucional (PEI) y todos sus anexos en un solo archivo o subir estos por separado.<\/p>\n<p>.: La plataforma seguir\u00e1 en funcionamiento indefinidamente para as\u00ed garantizar el almacenamiento de las actualizaciones de la documentaci\u00f3n.<\/p>\n<p>.: Los rectores pueden acceder al siguiente enlace <a href=\"https:\/\/bit.ly\/3ahwa85\" target=\"_blank\" rel=\"noopener\" data-mce-href=\"https:\/\/bit.ly\/3ahwa85\">https:\/\/bit.ly\/3ahwa85<\/a> para cargar los documentos.<\/p>\n<p><a href=\"\/irj\/go\/km\/docs\/pccdesign\/medellin\/Temas\/NuestroGobierno\/Noticias_0\/Shared Content\/Documentos\/2022\/20220525-plataforma-alcaldia-01.mp3\" class=\"aContEnlace liMp3\" download=\"\" data-mce-href=\"\/irj\/go\/km\/docs\/pccdesign\/medellin\/Temas\/NuestroGobierno\/Noticias_0\/Shared Content\/Documentos\/2022\/20220525-plataforma-alcaldia-01.mp3\"><span>Palabras de Alexandra Agudelo, secretaria de Educaci\u00f3n.<\/span><span>1052 Kb<\/span><\/a><\/p>\n<p>La Alcald\u00eda de Medell\u00edn avanza en el desarrollo del <em>Valle del Software<\/em> con la habilitaci\u00f3n de una plataforma para que las directivas de las 229 instituciones educativas oficiales, los 337 colegios privados y 49 de cobertura suban, cada uno, su proyecto educativo institucional \u2013PEI, sin tener que desplazarse. Hasta la fecha se han cargado m\u00e1s de 1.000 documentos.<\/p>\n<p>En el PEI se especifican los principios y fines del establecimiento escolar, los recursos docentes y did\u00e1cticos disponibles y necesarios, la estrategia pedag\u00f3gica, el reglamento para docentes y estudiantes, el sistema de gesti\u00f3n, entre otros.<\/p>\n<p><em>\u201cDentro de la Transformaci\u00f3n Educativa tambi\u00e9n estamos haciendo la transformaci\u00f3n curricular en cada uno de los colegios de Medell\u00edn. Hemos habilitado una plataforma, un espacio para subir todos los PEI, las actualizaciones de los Proyectos Educativos Institucionales de cada colegio en Medell\u00edn para agilizar as\u00ed su tr\u00e1mite y visibilizar lo que estamos haciendo en t\u00e9rminos de curr\u00edculo, la diferencia, el curr\u00edculo en contexto\u201d, <\/em>afirm\u00f3 la secretaria de Educaci\u00f3n, Alexandra Agudelo Ruiz.<\/p>\n<p>Gracias a esta nueva herramienta se evita el desplazamiento hasta las oficinas de la Secretar\u00eda de Educaci\u00f3n para la entrega de informaci\u00f3n f\u00edsica o en un medio de almacenamiento, se tienen al alcance, y de forma permanente, las actualizaciones y documentaci\u00f3n de los PEI y est\u00e1 la posibilidad de recoger en un solo espacio diversos documentos institucionales, facilitando as\u00ed su revisi\u00f3n en cualquier momento. Adem\u00e1s, aporta a la estrategia de <em>Ecociudad<\/em> de la Administraci\u00f3n Municipal con eliminaci\u00f3n de los impresos.<\/p>\n<p><em>\u201cEs una plataforma sencilla, intuitiva y f\u00e1cil de manejar para subir toda la documentaci\u00f3n legal de las instituciones educativas que se construyen por toda la comunidad en el gobierno escolar y son aprobados por el consejo directivo a trav\u00e9s de acuerdos y resoluciones rectorales\u201d, <\/em>asegur\u00f3 el rector de la Instituci\u00f3n Educativa El Pedregal, Edwin Ferney Montoya Vela\u00b4squez.<\/p>\n<p>La plataforma tambi\u00e9n est\u00e1 disponible para las instituciones para el Trabajo y el Desarrollo Humano -ETDH. En ella se pueden cargar los manuales de convivencia, el Sistema Institucional de Evaluaci\u00f3n de los Estudiantes -SIEE, y los planes de \u00e1rea, entre otros. Para acceder, los rectores de las instituciones deben ingresar al siguiente enlace <a href=\"https:\/\/bit.ly\/3ahwa85.\" target=\"_blank\" rel=\"noopener\" data-mce-href=\"https:\/\/bit.ly\/3ahwa85.\"><strong>https:\/\/bit.ly\/3ahwa85.<\/strong><\/a><\/p>\n<\/div>\n<div class=\"compartir\">Compartir en:<a title=\"\" href=\"http:\/\/www.facebook.com\/share.php?u=\" class=\"btCompartirFacebook btCompartir\" target=\"_blank\" rel=\"noopener\"><\/a><a title=\"\" href=\"http:\/\/twitter.com\/home?status=Haz%20clic%20para%20ver%20esta%20noticia%20en%20\" class=\"btCompartirTwitter btCompartir\"><\/a><a title=\"\" href=\"whatsapp:\/\/send?text=Haz%20clic%20para%20ver%20esta%20noticia%20en%20\" class=\"btCompartirWa btCompartir\"><\/a><\/div>\n<\/div>\n<p><script>try{comprobarImagen();fixBtnRedes();hitsMedellin();}catch(e){}<\/script><\/div>\n","protected":false},"excerpt":{"rendered":"<p>Foto: Con nueva plataforma de la Alcald\u00eda de Medell\u00edn 675 establecimientos escolares han digitalizado sus Proyectos Educativos Institucionales. Fot\u00f3grafo: Foto Alcald\u00eda de Medell\u00edn 2022-05-25 Con nueva plataforma de la Alcald\u00eda de Medell\u00edn 675 establecimientos escolares &#8230;<\/p>\n","protected":false},"author":1,"featured_media":68987,"comment_status":"open","ping_status":"open","sticky":false,"template":"","format":"standard","meta":[],"categories":[4],"tags":[431],"formato_nota":[],"programas_tax":[],"acf":[],"_links":{"self":[{"href":"https:\/\/www.medellin.gov.co\/es\/wp-json\/wp\/v2\/posts\/68984"}],"collection":[{"href":"https:\/\/www.medellin.gov.co\/es\/wp-json\/wp\/v2\/posts"}],"about":[{"href":"https:\/\/www.medellin.gov.co\/es\/wp-json\/wp\/v2\/types\/post"}],"author":[{"embeddable":true,"href":"https:\/\/www.medellin.gov.co\/es\/wp-json\/wp\/v2\/users\/1"}],"replies":[{"embeddable":true,"href":"https:\/\/www.medellin.gov.co\/es\/wp-json\/wp\/v2\/comments?post=68984"}],"version-history":[{"count":1,"href":"https:\/\/www.medellin.gov.co\/es\/wp-json\/wp\/v2\/posts\/68984\/revisions"}],"predecessor-version":[{"id":69019,"href":"https:\/\/www.medellin.gov.co\/es\/wp-json\/wp\/v2\/posts\/68984\/revisions\/69019"}],"wp:featuredmedia":[{"embeddable":true,"href":"https:\/\/www.medellin.gov.co\/es\/wp-json\/wp\/v2\/media\/68987"}],"wp:attachment":[{"href":"https:\/\/www.medellin.gov.co\/es\/wp-json\/wp\/v2\/media?parent=68984"}],"wp:term":[{"taxonomy":"category","embeddable":true,"href":"https:\/\/www.medellin.gov.co\/es\/wp-json\/wp\/v2\/categories?post=68984"},{"taxonomy":"post_tag","embeddable":true,"href":"https:\/\/www.medellin.gov.co\/es\/wp-json\/wp\/v2\/tags?post=68984"},{"taxonomy":"formato_nota","embeddable":true,"href":"https:\/\/www.medellin.gov.co\/es\/wp-json\/wp\/v2\/formato_nota?post=68984"},{"taxonomy":"programas_tax","embeddable":true,"href":"https:\/\/www.medellin.gov.co\/es\/wp-json\/wp\/v2\/programas_tax?post=68984"}],"curies":[{"name":"wp","href":"https:\/\/api.w.org\/{rel}","templated":true}]}}