{"id":69014,"date":"2022-05-25T00:00:00","date_gmt":"2022-05-25T05:00:00","guid":{"rendered":"https:\/\/www.medellin.gov.co\/es\/saladeprensa\/noticias\/el-estadio-atanasio-girardot-se-sigue-consolidando-como-escenario-de-grandes-eventos-de-ciudad\/"},"modified":"2022-05-25T00:00:00","modified_gmt":"2022-05-25T05:00:00","slug":"el-estadio-atanasio-girardot-se-sigue-consolidando-como-escenario-de-grandes-eventos-de-ciudad","status":"publish","type":"post","link":"https:\/\/www.medellin.gov.co\/es\/sala-de-prensa\/noticias\/el-estadio-atanasio-girardot-se-sigue-consolidando-como-escenario-de-grandes-eventos-de-ciudad\/","title":{"rendered":"El estadio Atanasio Girardot se sigue consolidando como escenario de grandes eventos de ciudad"},"content":{"rendered":"<div class=\"wrap contenido\">\n<div class=\"noticia\">\n<div class=\"imagen\">\n<div class=\"divContImageNoticia input_plantilla input_background\" data-input=\"fotografia\" ruta=\"\/galerias\/Imagenes\/Galer\u00eda d\u00eda a d\u00eda 2022\/500_400\/20220525-eventos-de-ciudad-1.jpg\" fotografo=\"Foto Alcald\u00eda de Medell\u00edn\" descripcion=\"El estadio Atanasio Girardot se sigue consolidando como escenario de grandes eventos de ciudad. \" style=\"background-image:url('\/irj\/go\/km\/docs\/galerias\/Imagenes\/Galer\u00eda d\u00eda a d\u00eda 2022\/500_400\/20220525-eventos-de-ciudad-1.jpg')\"><\/div>\n<p class=\"pMetaDesc\">Foto: El estadio Atanasio Girardot se sigue consolidando como escenario de grandes eventos de ciudad. <\/p>\n<p class=\"pMetaFotografo\">Fot\u00f3grafo: Foto Alcald\u00eda de Medell\u00edn<\/p>\n<\/div>\n<p class=\"fecha\"><span class=\"input_plantilla input_text\" data-input=\"fecha\">2022-05-25<\/span><\/p>\n<h1 itemprop=\"name\" class=\"input_plantilla input_text\" data-input=\"titulo\">El estadio Atanasio Girardot se sigue consolidando como escenario de grandes eventos de ciudad<\/h1>\n<h5 class=\"input_plantilla input_text\" data-input=\"autor\">Por Diego Giraldo<\/h5>\n<div class=\"cuerpo input_plantilla input_area\" data-input=\"contenido\">\n<p>.: All\u00ed, no solo se recibe al F\u00fatbol Profesional Colombiano, sino que se presentan conciertos que permiten consolidar la reactivaci\u00f3n econ\u00f3mica de la ciudad.&nbsp;<\/p>\n<p>.: El pr\u00f3ximo viernes 27 de mayo, se realizar\u00e1 el concierto de reguet\u00f3n \u201cEl Choli se muda a Medell\u00edn\u201d, que contar\u00e1 con artistas nacionales e internacionales.&nbsp;<\/p>\n<p>.: El INDER Medell\u00edn, administrador del estadio, activ\u00f3 el protocolo de cuidado del gramado para el espect\u00e1culo.&nbsp;<\/p>\n<p><a href=\"\/irj\/go\/km\/docs\/pccdesign\/medellin\/Temas\/NuestroGobierno\/Noticias_0\/Shared Content\/Documentos\/2022\/20220525-eventos-de-ciudad-01.mp3\" class=\"aContEnlace liMp3\" download=\"\" data-mce-href=\"\/irj\/go\/km\/docs\/pccdesign\/medellin\/Temas\/NuestroGobierno\/Noticias_0\/Shared Content\/Documentos\/2022\/20220525-eventos-de-ciudad-01.mp3\"><span>Palabras de Cristian S\u00e1nchez, director del INDER Medell\u00edn.<\/span><span>4637 Kb<\/span><\/a><\/p>\n<p><span><a href=\"\/irj\/go\/km\/docs\/pccdesign\/medellin\/Temas\/NuestroGobierno\/Noticias_0\/Shared Content\/Documentos\/2022\/20220525-eventos-de-ciudad-02.mp3\" class=\"aContEnlace liMp3\" download=\"\" data-mce-href=\"\/irj\/go\/km\/docs\/pccdesign\/medellin\/Temas\/NuestroGobierno\/Noticias_0\/Shared Content\/Documentos\/2022\/20220525-eventos-de-ciudad-02.mp3\"><span>Palabras de Alejandro Arias, secretario de Desarrollo Econ\u00f3mico.<\/span><span>887 Kb<\/span><\/a><\/span><\/p>\n<p>Como los grandes estadios del mundo, el Atanasio Girardot es epicentro de importantes eventos, no solo deportivos sino culturales como los conciertos. Esta semana, previo al descanso de los cuadrangulares de la liga profesional debido a las&nbsp; elecciones presidenciales, el escenario recibir\u00e1 \u201cEl Choli se muda a Medell\u00edn\u201d, espect\u00e1culo de reguet\u00f3n con artistas nacionales e internacionales.&nbsp;<\/p>\n<p>Para ello, el INDER Medell\u00edn dispuso un protocolo de cuidado del gramado, que incluye la instalaci\u00f3n de estibas, as\u00ed como la aplicaci\u00f3n de abonos y fertilizantes, entre otros. La tarima no tocar\u00e1 la grama y se instalar\u00e1 en el sector occidental.&nbsp;<\/p>\n<p><em>\u201cHemos creado un comit\u00e9 de eventos para tener previamente los requerimientos t\u00e9cnicos, log\u00edsticos y econ\u00f3micos para no afectar la grama y que la posici\u00f3n de la tarima sea la mejor para su instalaci\u00f3n y retiro del escenario. Esto nos posibilita presentar un concierto el viernes y jugar un partido el martes 31 de mayo\u201d<\/em>, expres\u00f3 el director del INDER Medell\u00edn, Cristian S\u00e1nchez.&nbsp;<\/p>\n<p>La realizaci\u00f3n de estos espect\u00e1culos ratifica a la capital antioque\u00f1a como una ciudad muy atractiva para la industria del entretenimiento, entre otros aspectos por la modernizaci\u00f3n y simplificaci\u00f3n de la Ventanilla \u00danica de forma digital, al centralizar pagos y etapas del proceso de cara a la normativa vigente.&nbsp;<\/p>\n<p><a href=\"https:\/\/www.medellin.gov.co\/irj\/go\/km\/docs\/galerias\/Imagenes\/Galer%C3%ADa%20d%C3%ADa%20a%20d%C3%ADa%202022\/20220525-eventos-de-ciudad-2.jpg\" target=\"_blank\" rel=\"noopener\" data-mce-href=\"https:\/\/www.medellin.gov.co\/irj\/go\/km\/docs\/galerias\/Imagenes\/Galer%C3%ADa%20d%C3%ADa%20a%20d%C3%ADa%202022\/20220525-eventos-de-ciudad-2.jpg\"><img src=\"https:\/\/www.medellin.gov.co\/irj\/go\/km\/docs\/galerias\/Imagenes\/Galer%C3%ADa%20d%C3%ADa%20a%20d%C3%ADa%202022\/1000_450\/20220525-eventos-de-ciudad-2.jpg\" alt=\"\" width=\"100%\" data-mce-src=\"https:\/\/www.medellin.gov.co\/irj\/go\/km\/docs\/galerias\/Imagenes\/Galer%C3%ADa%20d%C3%ADa%20a%20d%C3%ADa%202022\/1000_450\/20220525-eventos-de-ciudad-2.jpg\"><\/a><\/p>\n<p>Para el segundo semestre del a\u00f1o, se han programado eventos con artistas nacionales e internacionales como Daddy Yankee, el 14 y 15 de octubre; y Bad Bunny, el 18 y 19 de noviembre. Adem\u00e1s, para el 29 de julio, se confirm\u00f3 el \u201cConcierto de Conciertos Viva la Salsa\u201d con cantantes como V\u00edctor Manuel, Tito Nieves y Jerry Rivera, entre otros.&nbsp;<\/p>\n<p><em>\u201cMedell\u00edn cuenta con uno de los escenarios m\u00e1s importantes del pa\u00eds: hemos tenido la capacidad de presentar conciertos el fin de semana y a la semana siguiente tener f\u00fatbol y estamos preparados desde la experiencia para el cuidado de la grama. Medell\u00edn se ha convertido en una ciudad de eventos<\/em>\u201d, a\u00f1adi\u00f3 el director.&nbsp;<\/p>\n<p>Estos eventos dinamizan la econom\u00eda local en hoteler\u00eda, transporte, bares y restaurantes. Seg\u00fan cifras de la Secretar\u00eda de Desarrollo Econ\u00f3mico, los m\u00e1s de seis espect\u00e1culos culturales programados en la ciudad durante mayo representar\u00e1n una ocupaci\u00f3n hotelera del 85 %.&nbsp;<\/p>\n<p>\u201c<em>Nuestra ciudad se est\u00e1 consolidando como la capital de los eventos culturales en Colombia. Lo demostramos con Karol G el a\u00f1o pasado y este a\u00f1o con Maluma, conciertos que dejaron una derrama econ\u00f3mica de m\u00e1s de 18 millones de d\u00f3lares para nuestra ciudad y ocupaciones hoteleras por encima del 95%<\/em>\u201d, puntualiz\u00f3 Alejandro Arias, secretario de Desarrollo Econ\u00f3mico de Medell\u00edn.&nbsp;<\/p>\n<p>All\u00ed, en temas deportivos, el pr\u00f3ximo partido ser\u00e1 el 31 de mayo cuando jueguen Nacional y Millonarios a las 8:05 p. m.<\/p>\n<\/div>\n<div class=\"compartir\">Compartir en:<a title=\"\" href=\"http:\/\/www.facebook.com\/share.php?u=\" class=\"btCompartirFacebook btCompartir\" target=\"_blank\" rel=\"noopener\"><\/a><a title=\"\" href=\"http:\/\/twitter.com\/home?status=Haz%20clic%20para%20ver%20esta%20noticia%20en%20\" class=\"btCompartirTwitter btCompartir\"><\/a><a title=\"\" href=\"whatsapp:\/\/send?text=Haz%20clic%20para%20ver%20esta%20noticia%20en%20\" class=\"btCompartirWa btCompartir\"><\/a><\/div>\n<\/div>\n<p><script>try{comprobarImagen();fixBtnRedes();hitsMedellin();}catch(e){}<\/script><\/div>\n","protected":false},"excerpt":{"rendered":"<p>Foto: El estadio Atanasio Girardot se sigue consolidando como escenario de grandes eventos de ciudad. Fot\u00f3grafo: Foto Alcald\u00eda de Medell\u00edn 2022-05-25 El estadio Atanasio Girardot se sigue consolidando como escenario de grandes eventos de ciudad &#8230;<\/p>\n","protected":false},"author":1,"featured_media":69017,"comment_status":"open","ping_status":"open","sticky":false,"template":"","format":"standard","meta":[],"categories":[17],"tags":[440,428],"formato_nota":[],"programas_tax":[],"acf":[],"_links":{"self":[{"href":"https:\/\/www.medellin.gov.co\/es\/wp-json\/wp\/v2\/posts\/69014"}],"collection":[{"href":"https:\/\/www.medellin.gov.co\/es\/wp-json\/wp\/v2\/posts"}],"about":[{"href":"https:\/\/www.medellin.gov.co\/es\/wp-json\/wp\/v2\/types\/post"}],"author":[{"embeddable":true,"href":"https:\/\/www.medellin.gov.co\/es\/wp-json\/wp\/v2\/users\/1"}],"replies":[{"embeddable":true,"href":"https:\/\/www.medellin.gov.co\/es\/wp-json\/wp\/v2\/comments?post=69014"}],"version-history":[{"count":0,"href":"https:\/\/www.medellin.gov.co\/es\/wp-json\/wp\/v2\/posts\/69014\/revisions"}],"wp:featuredmedia":[{"embeddable":true,"href":"https:\/\/www.medellin.gov.co\/es\/wp-json\/wp\/v2\/media\/69017"}],"wp:attachment":[{"href":"https:\/\/www.medellin.gov.co\/es\/wp-json\/wp\/v2\/media?parent=69014"}],"wp:term":[{"taxonomy":"category","embeddable":true,"href":"https:\/\/www.medellin.gov.co\/es\/wp-json\/wp\/v2\/categories?post=69014"},{"taxonomy":"post_tag","embeddable":true,"href":"https:\/\/www.medellin.gov.co\/es\/wp-json\/wp\/v2\/tags?post=69014"},{"taxonomy":"formato_nota","embeddable":true,"href":"https:\/\/www.medellin.gov.co\/es\/wp-json\/wp\/v2\/formato_nota?post=69014"},{"taxonomy":"programas_tax","embeddable":true,"href":"https:\/\/www.medellin.gov.co\/es\/wp-json\/wp\/v2\/programas_tax?post=69014"}],"curies":[{"name":"wp","href":"https:\/\/api.w.org\/{rel}","templated":true}]}}