{"id":69022,"date":"2022-05-24T00:00:00","date_gmt":"2022-05-24T05:00:00","guid":{"rendered":"https:\/\/www.medellin.gov.co\/es\/saladeprensa\/noticias\/9-700-habitantes-del-barrio-olaya-herrera-en-robledo-se-benefician-con-obra-de-mitigacion-entregada-por-la-alcaldia-de-medellin\/"},"modified":"2022-05-24T00:00:00","modified_gmt":"2022-05-24T05:00:00","slug":"9-700-habitantes-del-barrio-olaya-herrera-en-robledo-se-benefician-con-obra-de-mitigacion-entregada-por-la-alcaldia-de-medellin","status":"publish","type":"post","link":"https:\/\/www.medellin.gov.co\/es\/sala-de-prensa\/noticias\/9-700-habitantes-del-barrio-olaya-herrera-en-robledo-se-benefician-con-obra-de-mitigacion-entregada-por-la-alcaldia-de-medellin\/","title":{"rendered":"9.700 habitantes del barrio Olaya Herrera, en Robledo, se benefician con obra de mitigaci\u00f3n entregada por la Alcald\u00eda de Medell\u00edn"},"content":{"rendered":"<div class=\"wrap contenido\">\n<div class=\"noticia\">\n<div class=\"imagen\">\n<div class=\"divContImageNoticia input_plantilla input_background\" data-input=\"fotografia\" ruta=\"\/galerias\/Imagenes\/Galer\u00eda d\u00eda a d\u00eda 2022\/500_400\/20220524-Obras-de-Mitigacion-1.jpg\" fotografo=\"Foto Alcald\u00eda de Medell\u00edn\" descripcion=\"9.700 habitantes del barrio Olaya Herrera, en Robledo, se benefician con obra de mitigaci\u00f3n entregada por la Alcald\u00eda de Medell\u00edn.\" style=\"background-image:url('\/irj\/go\/km\/docs\/galerias\/Imagenes\/Galer\u00eda d\u00eda a d\u00eda 2022\/500_400\/20220524-Obras-de-Mitigacion-1.jpg')\"><\/div>\n<p class=\"pMetaDesc\">Foto: 9.700 habitantes del barrio Olaya Herrera, en Robledo, se benefician con obra de mitigaci\u00f3n entregada por la Alcald\u00eda de Medell\u00edn.<\/p>\n<p class=\"pMetaFotografo\">Fot\u00f3grafo: Foto Alcald\u00eda de Medell\u00edn<\/p>\n<\/div>\n<p class=\"fecha\"><span class=\"input_plantilla input_text\" data-input=\"fecha\">2022-05-24<\/span><\/p>\n<h1 itemprop=\"name\" class=\"input_plantilla input_text\" data-input=\"titulo\">9.700 habitantes del barrio Olaya Herrera, en Robledo, se benefician con obra de mitigaci\u00f3n entregada por la Alcald\u00eda de Medell\u00edn<\/h1>\n<h5 class=\"input_plantilla input_text\" data-input=\"autor\">Por Wilmar Giraldo Bedoya<\/h5>\n<div class=\"cuerpo input_plantilla input_area\" data-input=\"contenido\">\n<p>.: En la zona, se hab\u00eda registrado un movimiento en masa que afect\u00f3 la estabilidad de las unidades habitacionales.<\/p>\n<p>.: La inversi\u00f3n fue de $1.500 millones.<\/p>\n<p>.: El 79 % de la mano de obra no calificada contratada fue de la comunidad.<\/p>\n<p><a href=\"\/irj\/go\/km\/docs\/etc\/PortalMedellin\/archivos\/gestion_del_riesgo\/20220524-Obras-de-Mitigacion-01.mp3\" class=\"aContEnlace liMp3\" download=\"\" data-mce-href=\"\/irj\/go\/km\/docs\/etc\/PortalMedellin\/archivos\/gestion_del_riesgo\/20220524-Obras-de-Mitigacion-01.mp3\"><span>Palabras de Walter P\u00e9rez, subdirector de Conocimiento y Reducci\u00f3n del Riesgo de Desastres.<\/span><span><\/span><span>726 Kb<\/span><\/a><\/p>\n<p><a href=\"\/irj\/go\/km\/docs\/etc\/PortalMedellin\/archivos\/gestion_del_riesgo\/20220524-Obras-de-Mitigacion-02.mp3\" class=\"aContEnlace liMp3\" download=\"\" data-mce-href=\"\/irj\/go\/km\/docs\/etc\/PortalMedellin\/archivos\/gestion_del_riesgo\/20220524-Obras-de-Mitigacion-02.mp3\"><span>Palabras de Silvia Monta\u00f1o, l\u00edder social del barrio Olaya Herrera.<\/span><span><\/span><span>1848 Kb<\/span><\/a><\/p>\n<p>El Departamento Administrativo de Gesti\u00f3n del Riesgo de Desastres \u2013Dagrd entreg\u00f3 una obra de mitigaci\u00f3n con la que se estabiliz\u00f3 y rehabilit\u00f3 la infraestructura vial en la comuna 7-Robledo, y que reducir\u00e1 los riesgos por movimientos en masa en la calle 58, en el barrio Olaya Herrera. Esta obra beneficiar\u00e1 a 9.700 habitantes del sector.<\/p>\n<p>La construcci\u00f3n se inici\u00f3 en octubre de 2021, despu\u00e9s de que el equipo t\u00e9cnico del Dagrd recomend\u00f3 la evacuaci\u00f3n definitiva de 56 viviendas y, de forma temporal de 17, tras un movimiento en masa generado por las precipitaciones y que ocasion\u00f3 el colapso estructural de las unidades habitacionales ubicadas en la zona.<\/p>\n<p>Luego, se declar\u00f3 la Calamidad P\u00fablica y la Urgencia Manifiesta para realizar un estudio geol\u00f3gico-geot\u00e9cnico, la demolici\u00f3n de las unidades habitacionales afectadas y el dise\u00f1o de la obra de estabilidad.<\/p>\n<p><a data-mce-href=\"\/irj\/go\/km\/docs\/galerias\/Imagenes\/Galer%C3%ADa%20d%C3%ADa%20a%20d%C3%ADa%202022\/20220524-Obras-de-Mitigacion-2.jpg\" href=\"\/irj\/go\/km\/docs\/galerias\/Imagenes\/Galer%C3%ADa%20d%C3%ADa%20a%20d%C3%ADa%202022\/20220524-Obras-de-Mitigacion-2.jpg\" title=\"9.700 habitantes del barrio Olaya Herrera, en Robledo, se benefician con obra de mitigaci\u00f3n entregada por la Alcald\u00eda de Medell\u00edn\" target=\"_blank\" rel=\"noopener\"><img src=\"\/irj\/go\/km\/docs\/galerias\/Imagenes\/Galer%C3%ADa%20d%C3%ADa%20a%20d%C3%ADa%202022\/1000_450\/20220524-Obras-de-Mitigacion-2.jpg\" alt=\"9.700 habitantes del barrio Olaya Herrera, en Robledo, se benefician con obra de mitigaci\u00f3n entregada por la Alcald\u00eda de Medell\u00edn\" width=\"100%\"><\/a><br data-mce-bogus=\"1\"><\/p>\n<p>El subdirector de Conocimiento y Reducci\u00f3n del Riesgo de Desastres, Walter P\u00e9rez Betancur, hizo un llamado a la ciudadan\u00eda para no urbanizar el pol\u00edgono: \u201c<em>Es importante tener la zona libre de construcciones, en funci\u00f3n de la condici\u00f3n de amenaza alta por movimiento en masa que tenemos en este lugar, de manera que se pueda garantizar la integridad f\u00edsica y la vida de los habitantes del sector<\/em>\u201d.<\/p>\n<p>La inversi\u00f3n que realiz\u00f3 el Dagrd fue de $1.500 millones y las familias que tuvieron que evacuar sus viviendas recibieron el apoyo de la Administraci\u00f3n Distrital que, desde la comisi\u00f3n social, activ\u00f3 la ruta para la atenci\u00f3n y dispuso la oferta institucional.<\/p>\n<p>Silvia Monta\u00f1o, l\u00edder social del barrio Olaya Herrera, celebr\u00f3 la entrega de la obra de mitigaci\u00f3n. \u201c<em>Le damos muchas gracias al DAGRD ya que el d\u00eda que se produjo el deslizamiento, de inmediato acudieron al barrio y desde ese momento inici\u00f3 el estudio, hicieron evacuaci\u00f3n de las familias y se recogieron los escombros<\/em>\u201d, dijo.<\/p>\n<p>Esta obra tambi\u00e9n impact\u00f3 positivamente al barrio Olaya Herrera, en t\u00e9rminos econ\u00f3micos y laborales, dado que gener\u00f3 empleo para sus habitantes. En total, 54 personas fueron contratadas para la ejecuci\u00f3n del proyecto.<\/p>\n<\/div>\n<div class=\"compartir\">Compartir en:<a title=\"\" href=\"http:\/\/www.facebook.com\/share.php?u=\" class=\"btCompartirFacebook btCompartir\" target=\"_blank\" rel=\"noopener\"><\/a><a title=\"\" href=\"http:\/\/twitter.com\/home?status=Haz%20clic%20para%20ver%20esta%20noticia%20en%20\" class=\"btCompartirTwitter btCompartir\"><\/a><a title=\"\" href=\"whatsapp:\/\/send?text=Haz%20clic%20para%20ver%20esta%20noticia%20en%20\" class=\"btCompartirWa btCompartir\"><\/a><\/div>\n<\/div>\n<p><script>try{comprobarImagen();fixBtnRedes();hitsMedellin();}catch(e){}<\/script><\/div>\n","protected":false},"excerpt":{"rendered":"<p>Foto: 9.700 habitantes del barrio Olaya Herrera, en Robledo, se benefician con obra de mitigaci\u00f3n entregada por la Alcald\u00eda de Medell\u00edn. Fot\u00f3grafo: Foto Alcald\u00eda de Medell\u00edn 2022-05-24 9.700 habitantes del barrio Olaya Herrera, en Robledo, &#8230;<\/p>\n","protected":false},"author":1,"featured_media":69025,"comment_status":"open","ping_status":"open","sticky":false,"template":"","format":"standard","meta":[],"categories":[30],"tags":[451,435,442],"formato_nota":[],"programas_tax":[],"acf":[],"_links":{"self":[{"href":"https:\/\/www.medellin.gov.co\/es\/wp-json\/wp\/v2\/posts\/69022"}],"collection":[{"href":"https:\/\/www.medellin.gov.co\/es\/wp-json\/wp\/v2\/posts"}],"about":[{"href":"https:\/\/www.medellin.gov.co\/es\/wp-json\/wp\/v2\/types\/post"}],"author":[{"embeddable":true,"href":"https:\/\/www.medellin.gov.co\/es\/wp-json\/wp\/v2\/users\/1"}],"replies":[{"embeddable":true,"href":"https:\/\/www.medellin.gov.co\/es\/wp-json\/wp\/v2\/comments?post=69022"}],"version-history":[{"count":0,"href":"https:\/\/www.medellin.gov.co\/es\/wp-json\/wp\/v2\/posts\/69022\/revisions"}],"wp:featuredmedia":[{"embeddable":true,"href":"https:\/\/www.medellin.gov.co\/es\/wp-json\/wp\/v2\/media\/69025"}],"wp:attachment":[{"href":"https:\/\/www.medellin.gov.co\/es\/wp-json\/wp\/v2\/media?parent=69022"}],"wp:term":[{"taxonomy":"category","embeddable":true,"href":"https:\/\/www.medellin.gov.co\/es\/wp-json\/wp\/v2\/categories?post=69022"},{"taxonomy":"post_tag","embeddable":true,"href":"https:\/\/www.medellin.gov.co\/es\/wp-json\/wp\/v2\/tags?post=69022"},{"taxonomy":"formato_nota","embeddable":true,"href":"https:\/\/www.medellin.gov.co\/es\/wp-json\/wp\/v2\/formato_nota?post=69022"},{"taxonomy":"programas_tax","embeddable":true,"href":"https:\/\/www.medellin.gov.co\/es\/wp-json\/wp\/v2\/programas_tax?post=69022"}],"curies":[{"name":"wp","href":"https:\/\/api.w.org\/{rel}","templated":true}]}}