{"id":69058,"date":"2022-05-24T00:00:00","date_gmt":"2022-05-24T05:00:00","guid":{"rendered":"https:\/\/www.medellin.gov.co\/es\/saladeprensa\/noticias\/con-la-construccion-de-tres-nuevas-vias-mejoro-la-movilidad-para-mas-de-19-800-habitantes-de-la-comuna-3-manrique\/"},"modified":"2022-05-24T00:00:00","modified_gmt":"2022-05-24T05:00:00","slug":"con-la-construccion-de-tres-nuevas-vias-mejoro-la-movilidad-para-mas-de-19-800-habitantes-de-la-comuna-3-manrique","status":"publish","type":"post","link":"https:\/\/www.medellin.gov.co\/es\/sala-de-prensa\/noticias\/con-la-construccion-de-tres-nuevas-vias-mejoro-la-movilidad-para-mas-de-19-800-habitantes-de-la-comuna-3-manrique\/","title":{"rendered":"Con la construcci\u00f3n de tres nuevas v\u00edas mejor\u00f3 la movilidad para m\u00e1s de 19.800 habitantes de la comuna 3-Manrique"},"content":{"rendered":"<div class=\"wrap contenido\">\n<div class=\"noticia\">\n<div class=\"imagen\">\n<div class=\"divContImageNoticia input_plantilla input_background\" data-input=\"fotografia\" ruta=\"\/galerias\/Imagenes\/Galer\u00eda d\u00eda a d\u00eda 2022\/500_400\/20220524-Nuevas-Vias-Manrique-1.jpg\" fotografo=\"Foto Alcald\u00eda de Medell\u00edn\" descripcion=\"Con la construcci\u00f3n de tres nuevas v\u00edas mejor\u00f3 la movilidad para m\u00e1s de 19.800 habitantes de la comuna 3-Manrique.\" style=\"background-image:url('\/irj\/go\/km\/docs\/galerias\/Imagenes\/Galer\u00eda d\u00eda a d\u00eda 2022\/500_400\/20220524-Nuevas-Vias-Manrique-1.jpg')\"><\/div>\n<p class=\"pMetaDesc\">Foto: Con la construcci\u00f3n de tres nuevas v\u00edas mejor\u00f3 la movilidad para m\u00e1s de 19.800 habitantes de la comuna 3-Manrique.<\/p>\n<p class=\"pMetaFotografo\">Fot\u00f3grafo: Foto Alcald\u00eda de Medell\u00edn<\/p>\n<\/div>\n<p class=\"fecha\"><span class=\"input_plantilla input_text\" data-input=\"fecha\">2022-05-24<\/span><\/p>\n<h1 itemprop=\"name\" class=\"input_plantilla input_text\" data-input=\"titulo\">Con la construcci\u00f3n de tres nuevas v\u00edas mejor\u00f3 la movilidad para m\u00e1s de 19.800 habitantes de la comuna 3-Manrique<\/h1>\n<h5 class=\"input_plantilla input_text\" data-input=\"autor\">Por Byron Garc\u00eda Correa<\/h5>\n<div class=\"cuerpo input_plantilla input_area\" data-input=\"contenido\">\n<p>.: Una de las v\u00edas tiene 532 metros de longitud y fue construida en el barrio Versalles II. Otra, de 536 metros, ya beneficia a los habitantes del barrio Bello Oriente.<\/p>\n<p>.: La tercera, de 231 metros de longitud, est\u00e1 en la parte alta del barrio La Cruz y ya entr\u00f3 en servicio.<\/p>\n<p>.: La inversi\u00f3n realizada para la construcci\u00f3n de las tres fue de $1.100 millones. Los recursos se priorizaron a trav\u00e9s de Presupuesto Participativo.<\/p>\n<p><a href=\"\/irj\/go\/km\/docs\/etc\/PortalMedellin\/archivos\/infraestructura_fisica\/20220524-Nuevas-Vias-Manrique-01.mp3\" class=\"aContEnlace liMp3\" download=\"\" data-mce-href=\"\/irj\/go\/km\/docs\/etc\/PortalMedellin\/archivos\/infraestructura_fisica\/20220524-Nuevas-Vias-Manrique-01.mp3\"><span>Palabras de Natalia Urrego, secretaria de Infraestructura F\u00edsica.<\/span><span><\/span><span>2166 Kb<\/span><\/a><\/p>\n<p><a href=\"\/irj\/go\/km\/docs\/etc\/PortalMedellin\/archivos\/infraestructura_fisica\/20220524-Nuevas-Vias-Manrique-02.mp3\" class=\"aContEnlace liMp3\" download=\"\" data-mce-href=\"\/irj\/go\/km\/docs\/etc\/PortalMedellin\/archivos\/infraestructura_fisica\/20220524-Nuevas-Vias-Manrique-02.mp3\"><span>Palabras de Abelardo Marulanda, habitante del barrio La Cruz.<\/span><span><\/span><span>947 Kb<\/span><\/a><\/p>\n<p>Medell\u00edn avanza con obras de infraestructura f\u00edsica en diferentes barrios para mejorar la calidad de vida e impulsar transformaciones sociales. Esta vez, en la comuna 3-Manrique, la Administraci\u00f3n Municipal construy\u00f3 tres nuevas v\u00edas que facilitan la movilidad en el nororiente de la ciudad y benefician, de manera directa, a m\u00e1s de 19.800 personas.<\/p>\n<p>Una de ellas est\u00e1 ubicada en la calle 71AB con la carrera 24, en el barrio Versalles II. All\u00ed, se hizo la conformaci\u00f3n y pavimentaci\u00f3n de un tramo de 532 metros de longitud para permitir el paso vehicular por una zona que era intransitable. Adem\u00e1s, se adelantaron acciones complementarias, como la construcci\u00f3n de andenes, bordillos y sumideros.<\/p>\n<p>\u201c<em>Para construir la Medell\u00edn Futuro es indispensable escuchar las necesidades de la gente. Gracias a ello, desde la Alcald\u00eda de Medell\u00edn, no solo impulsamos los grandes proyectos sino que tambi\u00e9n ejecutamos acciones puntuales en los barrios, las cuales tienen un impacto social alt\u00edsimo. Por ejemplo, en estos sectores de la comuna 3 era muy dif\u00edcil trasladar a un enfermo o llegar con un mercado. Con la conformaci\u00f3n de estas nuevas v\u00edas cambia por completo el panorama para las familias que est\u00e1n ubicadas all\u00ed<\/em>\u201d, explic\u00f3 la secretaria de Infraestructura F\u00edsica, Natalia Urrego Arias.<\/p>\n<p><a data-mce-href=\"\/irj\/go\/km\/docs\/galerias\/Imagenes\/Galer%C3%ADa%20d%C3%ADa%20a%20d%C3%ADa%202022\/20220524-Nuevas-Vias-Manrique-2.jpg\" href=\"\/irj\/go\/km\/docs\/galerias\/Imagenes\/Galer%C3%ADa%20d%C3%ADa%20a%20d%C3%ADa%202022\/20220524-Nuevas-Vias-Manrique-2.jpg\" title=\"Con la construcci\u00f3n de tres nuevas v\u00edas mejor\u00f3 la movilidad para m\u00e1s de 19.800 habitantes de la comuna 3-Manrique\" target=\"_blank\" rel=\"noopener\"><img src=\"\/irj\/go\/km\/docs\/galerias\/Imagenes\/Galer%C3%ADa%20d%C3%ADa%20a%20d%C3%ADa%202022\/1000_450\/20220524-Nuevas-Vias-Manrique-2.jpg\" alt=\"Con la construcci\u00f3n de tres nuevas v\u00edas mejor\u00f3 la movilidad para m\u00e1s de 19.800 habitantes de la comuna 3-Manrique\" width=\"100%\"><\/a><br data-mce-bogus=\"1\"><\/p>\n<p>En el barrio Bello Oriente se adelant\u00f3 la construcci\u00f3n de una nueva v\u00eda de 536 metros de longitud, un tramo que permite el tr\u00e1nsito vehicular por la calle 84B, entre las carreras 22 y 23B. En el barrio La Cruz, parte alta, se construy\u00f3 una v\u00eda de 231 metros de longitud; adem\u00e1s, se hicieron muros de contenci\u00f3n y cordones.<\/p>\n<p>\u201c<em>Llevo quince a\u00f1os en este barrio y es la primera vez que lo veo tan hermoso, con una v\u00edas tan lindas. Antes estaban demasiado malas, pero lleg\u00f3 el Alcalde y las organiz\u00f3. Para nosotros es un alivio<\/em>\u201d, agreg\u00f3 Abelardo Marulanda, habitante del barrio La Cruz.<\/p>\n<p>En total fueron intervenidos 1.33 kil\u00f3metros para mejorar la movilidad y facilitar desplazamientos seguros. La inversi\u00f3n, priorizada con recursos de Presupuesto Participativo, fue de $1.100 millones. Con las obras, se generaron 33 empleos que aportan a la reactivaci\u00f3n econ\u00f3mica de la ciudad. La mayor\u00eda de ellos fueron aprovechados por personas de las zonas intervenidas.<\/p>\n<\/div>\n<div class=\"compartir\">Compartir en:<a title=\"\" href=\"http:\/\/www.facebook.com\/share.php?u=\" class=\"btCompartirFacebook btCompartir\" target=\"_blank\" rel=\"noopener\"><\/a><a title=\"\" href=\"http:\/\/twitter.com\/home?status=Haz%20clic%20para%20ver%20esta%20noticia%20en%20\" class=\"btCompartirTwitter btCompartir\"><\/a><a title=\"\" href=\"whatsapp:\/\/send?text=Haz%20clic%20para%20ver%20esta%20noticia%20en%20\" class=\"btCompartirWa btCompartir\"><\/a><\/div>\n<\/div>\n<p><script>try{comprobarImagen();fixBtnRedes();hitsMedellin();}catch(e){}<\/script><\/div>\n","protected":false},"excerpt":{"rendered":"<p>Foto: Con la construcci\u00f3n de tres nuevas v\u00edas mejor\u00f3 la movilidad para m\u00e1s de 19.800 habitantes de la comuna 3-Manrique. Fot\u00f3grafo: Foto Alcald\u00eda de Medell\u00edn 2022-05-24 Con la construcci\u00f3n de tres nuevas v\u00edas mejor\u00f3 la &#8230;<\/p>\n","protected":false},"author":1,"featured_media":69061,"comment_status":"open","ping_status":"open","sticky":false,"template":"","format":"standard","meta":[],"categories":[11,14],"tags":[453,447,442],"formato_nota":[],"programas_tax":[],"acf":[],"_links":{"self":[{"href":"https:\/\/www.medellin.gov.co\/es\/wp-json\/wp\/v2\/posts\/69058"}],"collection":[{"href":"https:\/\/www.medellin.gov.co\/es\/wp-json\/wp\/v2\/posts"}],"about":[{"href":"https:\/\/www.medellin.gov.co\/es\/wp-json\/wp\/v2\/types\/post"}],"author":[{"embeddable":true,"href":"https:\/\/www.medellin.gov.co\/es\/wp-json\/wp\/v2\/users\/1"}],"replies":[{"embeddable":true,"href":"https:\/\/www.medellin.gov.co\/es\/wp-json\/wp\/v2\/comments?post=69058"}],"version-history":[{"count":0,"href":"https:\/\/www.medellin.gov.co\/es\/wp-json\/wp\/v2\/posts\/69058\/revisions"}],"wp:featuredmedia":[{"embeddable":true,"href":"https:\/\/www.medellin.gov.co\/es\/wp-json\/wp\/v2\/media\/69061"}],"wp:attachment":[{"href":"https:\/\/www.medellin.gov.co\/es\/wp-json\/wp\/v2\/media?parent=69058"}],"wp:term":[{"taxonomy":"category","embeddable":true,"href":"https:\/\/www.medellin.gov.co\/es\/wp-json\/wp\/v2\/categories?post=69058"},{"taxonomy":"post_tag","embeddable":true,"href":"https:\/\/www.medellin.gov.co\/es\/wp-json\/wp\/v2\/tags?post=69058"},{"taxonomy":"formato_nota","embeddable":true,"href":"https:\/\/www.medellin.gov.co\/es\/wp-json\/wp\/v2\/formato_nota?post=69058"},{"taxonomy":"programas_tax","embeddable":true,"href":"https:\/\/www.medellin.gov.co\/es\/wp-json\/wp\/v2\/programas_tax?post=69058"}],"curies":[{"name":"wp","href":"https:\/\/api.w.org\/{rel}","templated":true}]}}