{"id":69064,"date":"2022-05-23T00:00:00","date_gmt":"2022-05-23T05:00:00","guid":{"rendered":"https:\/\/www.medellin.gov.co\/es\/saladeprensa\/noticias\/en-el-cerro-nutibara-nace-la-primera-edicion-del-festival-sol-de-eclipse\/"},"modified":"2022-07-07T18:45:41","modified_gmt":"2022-07-07T23:45:41","slug":"en-el-cerro-nutibara-nace-la-primera-edicion-del-festival-sol-de-eclipse","status":"publish","type":"post","link":"https:\/\/www.medellin.gov.co\/es\/sala-de-prensa\/noticias\/en-el-cerro-nutibara-nace-la-primera-edicion-del-festival-sol-de-eclipse\/","title":{"rendered":"En el Cerro Nutibara nace la primera edici\u00f3n del Festival Sol de Eclipse"},"content":{"rendered":"<div class=\"wrap contenido\">\n<div class=\"noticia\">\n<div class=\"imagen\">\n<div class=\"divContImageNoticia input_plantilla input_background\" data-input=\"fotografia\" ruta=\"\/galerias\/Imagenes\/Galer\u00eda d\u00eda a d\u00eda 2022\/500_400\/20220523-cerro-nutibara-1.jpg\" fotografo=\"Foto Alcald\u00eda de Medell\u00edn\" descripcion=\"En el Cerro Nutibara nace la primera edici\u00f3n del Festival Sol de Eclipse. \" style=\"background-image:url('\/irj\/go\/km\/docs\/galerias\/Imagenes\/Galer\u00eda d\u00eda a d\u00eda 2022\/500_400\/20220523-cerro-nutibara-1.jpg')\"><\/div>\n<p class=\"pMetaDesc\">Foto: En el Cerro Nutibara nace la primera edici\u00f3n del Festival Sol de Eclipse. <\/p>\n<p class=\"pMetaFotografo\">Fot\u00f3grafo: Foto Alcald\u00eda de Medell\u00edn<\/p>\n<\/div>\n<p class=\"fecha\"><span class=\"input_plantilla input_text\" data-input=\"fecha\">2022-05-23<\/span><\/p>\n<h1 itemprop=\"name\" class=\"input_plantilla input_text\" data-input=\"titulo\">En el Cerro Nutibara nace la primera edici\u00f3n del Festival Sol de Eclipse<\/h1>\n<h5 class=\"input_plantilla input_text\" data-input=\"autor\">Por Nidia Stella Escobar Cruz<\/h5>\n<div class=\"cuerpo input_plantilla input_area\" data-input=\"contenido\">\n<p>.: El festival reunir\u00e1 la m\u00fasica indie, rock y sonidos electr\u00f3nicos en el teatro Carlos Vieco.&nbsp;<\/p>\n<p>.: El Laboratorio de Producci\u00f3n Sonora Los Alc\u00e1zares, Indub Music y cuatro bandas con sonido vanguardista local se unen para hacer la primera edici\u00f3n del festival.&nbsp;<\/p>\n<p>.: La Alcald\u00eda de Medell\u00edn le apuesta a la circulaci\u00f3n local de artistas y al reconocimiento de espacios que permitan la experimentaci\u00f3n visual y la creaci\u00f3n sonora.&nbsp;<\/p>\n<p><a href=\"\/irj\/go\/km\/docs\/pccdesign\/medellin\/Temas\/Cultura\/Noticias\/Shared Content\/Documentos\/2022\/20220523-cerro-nutibara-01.mp3\" class=\"aContEnlace liMp3\" download=\"\" data-mce-href=\"\/irj\/go\/km\/docs\/pccdesign\/medellin\/Temas\/Cultura\/Noticias\/Shared Content\/Documentos\/2022\/20220523-cerro-nutibara-01.mp3\"><span>Palabras de \u00c1lvaro Narv\u00e1ez D\u00edaz, secretario de Cultura Ciudadana.<\/span><span>886 Kb<\/span><\/a><\/p>\n<p>M\u00e1s de 1.000 espectadores disfrutar\u00e1n este viernes 27 de mayo, desde las 5:00 p. m., de la primera edici\u00f3n del Festival Sol de Eclipse en el Teatro Carlos Vieco Ortiz. El evento ser\u00e1 de entrada libre con inscripci\u00f3n previa.&nbsp;<\/p>\n<p>Dos espacios de creaci\u00f3n de la Red E-Crea, el Laboratorio de Producci\u00f3n Sonora Los Alc\u00e1zares, ubicado en la comuna 13, y el teatro al aire libre Carlos Vieco Ortiz, se unen con Indub Music y cuatro proyectos con sonido vanguardista local: Ferales, Ocupante, Los Vidriosos y Agatha I, para crear un espect\u00e1culo donde los participantes acceder\u00e1n a toda una experiencia sensorial con un montaje de primer nivel.&nbsp;<\/p>\n<p><em>\u201cSeguimos apostando a ese talento local, a esos artistas que le siguen apostando a la transformaci\u00f3n de Medell\u00edn hac\u00eda un futuro. Seguimos aportando al arte, la tecnolog\u00eda, la integraci\u00f3n y sobre todo a la construcci\u00f3n de una ciudadan\u00eda para una Medell\u00edn Futuro. Nos mueve la cultura, nos mueve la Red E-Crea, nos mueven los Laboratorios de Producci\u00f3n Sonora &#8211; LPS para construir esta ciudad\u201d<\/em>, dijo el secretario de Cultura Ciudadana, \u00c1lvaro Narv\u00e1ez D\u00edaz.&nbsp;<\/p>\n<p>Esta es una nueva propuesta para los amantes de los conciertos al aire libre. Nace para celebrar el encuentro, la m\u00fasica, las artes visuales y la experimentaci\u00f3n con lo digital a trav\u00e9s de un viaje sonoro que har\u00e1 transitar a los espectadores por el rock, la electr\u00f3nica y lo experimental.&nbsp;<\/p>\n<p>El integrante de la banda Ocupante, Andr\u00e9s Su\u00e1rez, expres\u00f3: <em>\u201cTodo esto se logr\u00f3 gracias al equipo de E-Crea, Laboratorios de Producci\u00f3n Sonora y obviamente a la Alcald\u00eda de Medell\u00edn, que est\u00e1n muy atentos a la movida cultural y todo lo que est\u00e1 pasando desde la parte musical\u201d<\/em>.&nbsp;<\/p>\n<p>Medell\u00edn se consolida como una ciudad donde los eventos son posibles y le apuesta a la circulaci\u00f3n local de artistas y al reconocimiento de espacios que permitan la experimentaci\u00f3n visual y la creaci\u00f3n sonora. Mayores informes en Facebook e Instagram de la Red E-Crea (@EcreaRed).<\/p>\n<\/div>\n<div class=\"compartir\">Compartir en:<a title=\"\" href=\"http:\/\/www.facebook.com\/share.php?u=\" class=\"btCompartirFacebook btCompartir\" target=\"_blank\" rel=\"noopener\"><\/a><a title=\"\" href=\"http:\/\/twitter.com\/home?status=Haz%20clic%20para%20ver%20esta%20noticia%20en%20\" class=\"btCompartirTwitter btCompartir\"><\/a><a title=\"\" href=\"whatsapp:\/\/send?text=Haz%20clic%20para%20ver%20esta%20noticia%20en%20\" class=\"btCompartirWa btCompartir\"><\/a><\/div>\n<\/div>\n<p><script>try{comprobarImagen();fixBtnRedes();hitsMedellin();}catch(e){}<\/script><\/div>\n","protected":false},"excerpt":{"rendered":"<p>Foto: En el Cerro Nutibara nace la primera edici\u00f3n del Festival Sol de Eclipse. Fot\u00f3grafo: Foto Alcald\u00eda de Medell\u00edn 2022-05-23 En el Cerro Nutibara nace la primera edici\u00f3n del Festival Sol de Eclipse Por Nidia &#8230;<\/p>\n","protected":false},"author":1,"featured_media":69067,"comment_status":"open","ping_status":"open","sticky":false,"template":"","format":"standard","meta":[],"categories":[31,13],"tags":[444,428,441,436],"formato_nota":[],"programas_tax":[],"acf":[],"_links":{"self":[{"href":"https:\/\/www.medellin.gov.co\/es\/wp-json\/wp\/v2\/posts\/69064"}],"collection":[{"href":"https:\/\/www.medellin.gov.co\/es\/wp-json\/wp\/v2\/posts"}],"about":[{"href":"https:\/\/www.medellin.gov.co\/es\/wp-json\/wp\/v2\/types\/post"}],"author":[{"embeddable":true,"href":"https:\/\/www.medellin.gov.co\/es\/wp-json\/wp\/v2\/users\/1"}],"replies":[{"embeddable":true,"href":"https:\/\/www.medellin.gov.co\/es\/wp-json\/wp\/v2\/comments?post=69064"}],"version-history":[{"count":1,"href":"https:\/\/www.medellin.gov.co\/es\/wp-json\/wp\/v2\/posts\/69064\/revisions"}],"predecessor-version":[{"id":69084,"href":"https:\/\/www.medellin.gov.co\/es\/wp-json\/wp\/v2\/posts\/69064\/revisions\/69084"}],"wp:featuredmedia":[{"embeddable":true,"href":"https:\/\/www.medellin.gov.co\/es\/wp-json\/wp\/v2\/media\/69067"}],"wp:attachment":[{"href":"https:\/\/www.medellin.gov.co\/es\/wp-json\/wp\/v2\/media?parent=69064"}],"wp:term":[{"taxonomy":"category","embeddable":true,"href":"https:\/\/www.medellin.gov.co\/es\/wp-json\/wp\/v2\/categories?post=69064"},{"taxonomy":"post_tag","embeddable":true,"href":"https:\/\/www.medellin.gov.co\/es\/wp-json\/wp\/v2\/tags?post=69064"},{"taxonomy":"formato_nota","embeddable":true,"href":"https:\/\/www.medellin.gov.co\/es\/wp-json\/wp\/v2\/formato_nota?post=69064"},{"taxonomy":"programas_tax","embeddable":true,"href":"https:\/\/www.medellin.gov.co\/es\/wp-json\/wp\/v2\/programas_tax?post=69064"}],"curies":[{"name":"wp","href":"https:\/\/api.w.org\/{rel}","templated":true}]}}