{"id":69075,"date":"2022-05-23T00:00:00","date_gmt":"2022-05-23T05:00:00","guid":{"rendered":"https:\/\/www.medellin.gov.co\/es\/saladeprensa\/noticias\/las-obras-del-intercambio-vial-de-san-juan-llegaron-al-80-de-avance\/"},"modified":"2022-05-23T00:00:00","modified_gmt":"2022-05-23T05:00:00","slug":"las-obras-del-intercambio-vial-de-san-juan-llegaron-al-80-de-avance","status":"publish","type":"post","link":"https:\/\/www.medellin.gov.co\/es\/sala-de-prensa\/noticias\/las-obras-del-intercambio-vial-de-san-juan-llegaron-al-80-de-avance\/","title":{"rendered":"Las obras del intercambio vial de San Juan llegaron al 80 % de avance"},"content":{"rendered":"<div class=\"wrap contenido\">\n<div class=\"noticia\">\n<div class=\"imagen\">\n<div class=\"divContImageNoticia input_plantilla input_background\" data-input=\"fotografia\" ruta=\"\/galerias\/Imagenes\/Galer\u00eda d\u00eda a d\u00eda 2022\/500_400\/20220523-intercambio-vial-1.jpg\" fotografo=\"Foto Alcald\u00eda de Medell\u00edn\" descripcion=\"Las obras del intercambio vial de San Juan llegaron al 80 % de avance. \" style=\"background-image:url('\/irj\/go\/km\/docs\/galerias\/Imagenes\/Galer\u00eda d\u00eda a d\u00eda 2022\/500_400\/20220523-intercambio-vial-1.jpg')\"><\/div>\n<p class=\"pMetaDesc\">Foto: Las obras del intercambio vial de San Juan llegaron al 80 % de avance. <\/p>\n<p class=\"pMetaFotografo\">Fot\u00f3grafo: Foto Alcald\u00eda de Medell\u00edn<\/p>\n<\/div>\n<p class=\"fecha\"><span class=\"input_plantilla input_text\" data-input=\"fecha\">2022-05-23<\/span><\/p>\n<h1 itemprop=\"name\" class=\"input_plantilla input_text\" data-input=\"titulo\">Las obras del intercambio vial de San Juan llegaron al 80 % de avance<\/h1>\n<h5 class=\"input_plantilla input_text\" data-input=\"autor\">Por Sergio Zuluaga<\/h5>\n<div class=\"cuerpo input_plantilla input_area\" data-input=\"contenido\">\n<p>.: Actualmente, los trabajos se concentran en la construcci\u00f3n de los accesos al nuevo puente.&nbsp;<\/p>\n<p>.: Con la ejecuci\u00f3n del intercambio se han generado 970 empleos.&nbsp;<\/p>\n<p>.: Como se dio con el intercambio de la calle Colombia, se espera que primero se habilite el paso vehicular. &nbsp;<\/p>\n<p><a href=\"\/irj\/go\/km\/docs\/pccdesign\/medellin\/Temas\/InfraestructuraFisica\/Noticias\/Shared Content\/Documentos\/2022\/20220523-intercambio-vial-01.mp3\" class=\"aContEnlace liMp3\" download=\"\" data-mce-href=\"\/irj\/go\/km\/docs\/pccdesign\/medellin\/Temas\/InfraestructuraFisica\/Noticias\/Shared Content\/Documentos\/2022\/20220523-intercambio-vial-01.mp3\"><span>Palabras de Mar\u00eda Camila Villamizar, secretaria de Gobierno.<\/span><span>1580 Kb<\/span><\/a><\/p>\n<p>Con tres frentes de obra activos y la estructura del puente elevado casi terminada, la ejecuci\u00f3n del intercambio vial de San Juan con la Avenida 80 entr\u00f3 en su etapa final. As\u00ed lo anunci\u00f3 la secretaria de Gobierno de Medell\u00edn, Mar\u00eda Camila Villamizar, quien visit\u00f3 la construcci\u00f3n de este gran proyecto de ciudad que le dar\u00e1 paso al Metro de la 80.&nbsp;<\/p>\n<p>Actualmente, las labores en este intercambio vial alcanzaron el 80 % y se concentran en la construcci\u00f3n de los accesos al puente, el espacio p\u00fablico, las v\u00edas aleda\u00f1as y las redes de servicios p\u00fablicos.<em>&nbsp;<\/em><\/p>\n<p><em>\u00abEste intercambio representa una inversi\u00f3n de m\u00e1s de $51.000 millones. Vamos a tener m\u00e1s espacio p\u00fablico para la comunidad, 8.550 metros de espacio p\u00fablico. Esto es gracias a la uni\u00f3n y la fuerza de trabajadores, comunidad, la Administraci\u00f3n Municipal, la EDU y que hemos estado trabajando sin descanso. Esto que dec\u00edan que era imposible, lo estamos haciendo posible. La ciudadan\u00eda eligi\u00f3 un cambio y por eso estamos ac\u00e1 haciendo parte de la transformaci\u00f3n\u00bb<\/em>, dijo la secretaria de Gobierno, Mar\u00eda Camila Villamizar.&nbsp;<\/p>\n<p>El gerente de la Empresa de Desarrollo Urbano, EDU, Wilder Echavarr\u00eda Arango, se\u00f1al\u00f3 que tal y como se hizo con el intercambio de Colombia, la meta es lograr habilitar primero el paso vehicular para mitigar los impactos en la movilidad.&nbsp;<\/p>\n<p><em>\u201cCon el contratista tenemos varios frentes activos para terminar la obra en el tercer trimestre de este a\u00f1o. Primero habilitar\u00edamos el paso vehicular y luego entregar\u00edamos algunos andenes, ya que es una zona con mucho comercio que se ha visto afectado por la ejecuci\u00f3n del proyecto\u201d<\/em>, indic\u00f3 el Gerente&nbsp;<\/p>\n<p>Adem\u00e1s, destac\u00f3 que Empresas P\u00fablicas de Medell\u00edn ya instal\u00f3 el alumbrado p\u00fablico, lo que permitir\u00e1 que el puente elevado, de 268 metros, se ponga en funcionamiento las 24 horas.&nbsp;<\/p>\n<p>A la par de las obras viales y el espacio p\u00fablico, se adelantan las intervenciones forestales en el corredor. Se est\u00e1n sembrando 70 \u00e1rboles y se hace seguimiento a los 154 \u00e1rboles sembrados en el corredor y en zona aleda\u00f1as y a los 95 \u00e1rboles en conservaci\u00f3n que est\u00e1n en San Juan.&nbsp;<\/p>\n<p>Con la ejecuci\u00f3n de este intercambio vial se han generado 970 empleos. Se destaca que el 25 % de la mano de obra ha sido empleo joven y el 12 % mujeres.&nbsp;<\/p>\n<\/div>\n<div class=\"compartir\">Compartir en:<a title=\"\" href=\"http:\/\/www.facebook.com\/share.php?u=\" class=\"btCompartirFacebook btCompartir\" target=\"_blank\" rel=\"noopener\"><\/a><a title=\"\" href=\"http:\/\/twitter.com\/home?status=Haz%20clic%20para%20ver%20esta%20noticia%20en%20\" class=\"btCompartirTwitter btCompartir\"><\/a><a title=\"\" href=\"whatsapp:\/\/send?text=Haz%20clic%20para%20ver%20esta%20noticia%20en%20\" class=\"btCompartirWa btCompartir\"><\/a><\/div>\n<\/div>\n<p><script>try{comprobarImagen();fixBtnRedes();hitsMedellin();}catch(e){}<\/script><\/div>\n","protected":false},"excerpt":{"rendered":"<p>Foto: Las obras del intercambio vial de San Juan llegaron al 80 % de avance. Fot\u00f3grafo: Foto Alcald\u00eda de Medell\u00edn 2022-05-23 Las obras del intercambio vial de San Juan llegaron al 80 % de avance &#8230;<\/p>\n","protected":false},"author":1,"featured_media":69078,"comment_status":"open","ping_status":"open","sticky":false,"template":"","format":"standard","meta":[],"categories":[11,14],"tags":[453,447,442],"formato_nota":[],"programas_tax":[],"acf":[],"_links":{"self":[{"href":"https:\/\/www.medellin.gov.co\/es\/wp-json\/wp\/v2\/posts\/69075"}],"collection":[{"href":"https:\/\/www.medellin.gov.co\/es\/wp-json\/wp\/v2\/posts"}],"about":[{"href":"https:\/\/www.medellin.gov.co\/es\/wp-json\/wp\/v2\/types\/post"}],"author":[{"embeddable":true,"href":"https:\/\/www.medellin.gov.co\/es\/wp-json\/wp\/v2\/users\/1"}],"replies":[{"embeddable":true,"href":"https:\/\/www.medellin.gov.co\/es\/wp-json\/wp\/v2\/comments?post=69075"}],"version-history":[{"count":0,"href":"https:\/\/www.medellin.gov.co\/es\/wp-json\/wp\/v2\/posts\/69075\/revisions"}],"wp:featuredmedia":[{"embeddable":true,"href":"https:\/\/www.medellin.gov.co\/es\/wp-json\/wp\/v2\/media\/69078"}],"wp:attachment":[{"href":"https:\/\/www.medellin.gov.co\/es\/wp-json\/wp\/v2\/media?parent=69075"}],"wp:term":[{"taxonomy":"category","embeddable":true,"href":"https:\/\/www.medellin.gov.co\/es\/wp-json\/wp\/v2\/categories?post=69075"},{"taxonomy":"post_tag","embeddable":true,"href":"https:\/\/www.medellin.gov.co\/es\/wp-json\/wp\/v2\/tags?post=69075"},{"taxonomy":"formato_nota","embeddable":true,"href":"https:\/\/www.medellin.gov.co\/es\/wp-json\/wp\/v2\/formato_nota?post=69075"},{"taxonomy":"programas_tax","embeddable":true,"href":"https:\/\/www.medellin.gov.co\/es\/wp-json\/wp\/v2\/programas_tax?post=69075"}],"curies":[{"name":"wp","href":"https:\/\/api.w.org\/{rel}","templated":true}]}}