{"id":69105,"date":"2022-05-22T00:00:00","date_gmt":"2022-05-22T05:00:00","guid":{"rendered":"https:\/\/www.medellin.gov.co\/es\/saladeprensa\/noticias\/con-mas-de-1500-asistentes-al-festival-menstruamos-medellin-celebro-la-dignidad-menstrual-de-sus-mujeres\/"},"modified":"2022-05-22T00:00:00","modified_gmt":"2022-05-22T05:00:00","slug":"con-mas-de-1500-asistentes-al-festival-menstruamos-medellin-celebro-la-dignidad-menstrual-de-sus-mujeres","status":"publish","type":"post","link":"https:\/\/www.medellin.gov.co\/es\/sala-de-prensa\/noticias\/con-mas-de-1500-asistentes-al-festival-menstruamos-medellin-celebro-la-dignidad-menstrual-de-sus-mujeres\/","title":{"rendered":"Con m\u00e1s de 1500 asistentes al Festival Menstruamos, Medell\u00edn celebr\u00f3 la dignidad menstrual de sus mujeres"},"content":{"rendered":"<div class=\"wrap contenido\">\n<div class=\"noticia\">\n<div class=\"imagen\">\n<div class=\"divContImageNoticia input_plantilla input_background\" data-input=\"fotografia\" ruta=\"\/galerias\/Imagenes\/Galer\u00eda d\u00eda a d\u00eda 2022\/500_400\/20220521-Festival-Menstruamos-1-.jpg\" fotografo=\"Foto Alcald\u00eda de Medell\u00edn\" descripcion=\"Con m\u00e1s de 1500 asistentes al Festival Menstruamos, Medell\u00edn celebr\u00f3 la dignidad menstrual de sus mujeres.\" style=\"background-image:url('\/irj\/go\/km\/docs\/galerias\/Imagenes\/Galer\u00eda d\u00eda a d\u00eda 2022\/500_400\/20220521-Festival-Menstruamos-1-.jpg')\"><\/div>\n<p class=\"pMetaDesc\">Foto: Con m\u00e1s de 1500 asistentes al Festival Menstruamos, Medell\u00edn celebr\u00f3 la dignidad menstrual de sus mujeres.<\/p>\n<p class=\"pMetaFotografo\">Fot\u00f3grafo: Foto Alcald\u00eda de Medell\u00edn<\/p>\n<\/div>\n<p class=\"fecha\"><span class=\"input_plantilla input_text\" data-input=\"fecha\">2022-05-22<\/span><\/p>\n<h1 itemprop=\"name\" class=\"input_plantilla input_text\" data-input=\"titulo\">Con m\u00e1s de 1500 asistentes al Festival Menstruamos, Medell\u00edn celebr\u00f3 la dignidad menstrual de sus mujeres<\/h1>\n<h5 class=\"input_plantilla input_text\" data-input=\"autor\">Por Secretar\u00eda de las Mujeres<\/h5>\n<div class=\"cuerpo input_plantilla input_area\" data-input=\"contenido\">\n<p>.: Este 20 de mayo se celebr\u00f3 la segunda edici\u00f3n de este festival, el \u00fanico realizado con recursos p\u00fablicos entre pa\u00edses hispanos.<\/p>\n<p>.: La Alcald\u00eda de Medell\u00edn reafirma su compromiso con la promoci\u00f3n del derecho de las mujeres a menstruar dignamente.<\/p>\n<p>.: Como estrategia alterna y de continuidad de la iniciativa, este a\u00f1o la meta es entregar 4.000 insumos reutilizables de gesti\u00f3n del sangrado menstrual.<\/p>\n<p><a href=\"\/irj\/go\/km\/docs\/etc\/PortalMedellin\/archivos\/equidad_de_genero\/20220521-Festival-Menstruamos-01.mp3\" class=\"aContEnlace liMp3\" download=\"\" data-mce-href=\"\/irj\/go\/km\/docs\/etc\/PortalMedellin\/archivos\/equidad_de_genero\/20220521-Festival-Menstruamos-01.mp3\"><span>Palabras de Ana Mar\u00eda Valle Villegas, secretaria de las Mujeres.<\/span><span><\/span><span>1241 Kb<\/span><\/a><\/p>\n<p><a href=\"\/irj\/go\/km\/docs\/etc\/PortalMedellin\/archivos\/equidad_de_genero\/20220521-Festival-Menstruamos-02.mp3\" class=\"aContEnlace liMp3\" download=\"\" data-mce-href=\"\/irj\/go\/km\/docs\/etc\/PortalMedellin\/archivos\/equidad_de_genero\/20220521-Festival-Menstruamos-02.mp3\"><span>Palabras de Mar\u00eda Alejandra P\u00e1ramo, habitante de la comuna 9.&nbsp;&nbsp;&nbsp;&nbsp;&nbsp;&nbsp;&nbsp;&nbsp;&nbsp;&nbsp;<\/span><span><\/span><span>1273 Kb<\/span><\/a>M\u00e1s de 1.500 personas disfrutaron del segundo Festival de Salud Menstrual: \u201cMenstruamos\u201d que estuvo compuesto por actividades l\u00fadicas y pedag\u00f3gicas en torno a la dignidad menstrual, la desestigmatizaci\u00f3n de la menstruaci\u00f3n y la reflexi\u00f3n acerca de las narrativas que existen sobre ella; adem\u00e1s de espacios de conversaci\u00f3n a cargo de expertas en el tema y un concierto de cierre con la reconocida rapera guatemalteca, Rebeca Lane.<\/p>\n<p>\u201c<em>Nos llena de emoci\u00f3n ver los rostros de las ni\u00f1as y las adolescentes que asist\u00edan despu\u00e9s de salir de sus jornadas escolares, de las madres con sus ni\u00f1as peque\u00f1as recorriendo el lugar, de los padres de familia, de todas y todos quienes se interesan y se suman a este camino de la lucha por la dignidad menstrual\u201d dijo la secretaria de las Mujeres, Ana Mar\u00eda Valle Villegas.<\/em><\/p>\n<p><em>La salud menstrual es una<\/em> de las apuestas que tiene la Alcald\u00eda de Medell\u00edn por el derecho de las mujeres a hacerlo dignamente. Esta es una de las estrategias para identificar y visibilizar las din\u00e1micas sociales, mitos y tab\u00faes que existen alrededor de la menstruaci\u00f3n y las limitaciones que estos causan en la vida de las mujeres, ni\u00f1as y personas menstruantes.<\/p>\n<p><a data-mce-href=\"\/irj\/go\/km\/docs\/galerias\/Imagenes\/Galer%C3%ADa%20d%C3%ADa%20a%20d%C3%ADa%202022\/20220521-Festival-Menstruamos-2.jpg\" href=\"\/irj\/go\/km\/docs\/galerias\/Imagenes\/Galer%C3%ADa%20d%C3%ADa%20a%20d%C3%ADa%202022\/20220521-Festival-Menstruamos-2.jpg\" title=\"Con m\u00e1s de 1500 asistentes al Festival Menstruamos, Medell\u00edn celebr\u00f3 la dignidad menstrual de sus mujeres\" target=\"_blank\" rel=\"noopener\"><img src=\"\/irj\/go\/km\/docs\/galerias\/Imagenes\/Galer%C3%ADa%20d%C3%ADa%20a%20d%C3%ADa%202022\/1000_450\/20220521-Festival-Menstruamos-2.jpg\" alt=\"Con m\u00e1s de 1500 asistentes al Festival Menstruamos, Medell\u00edn celebr\u00f3 la dignidad menstrual de sus mujeres\" width=\"100%\"><\/a><br data-mce-bogus=\"1\"><\/p>\n<p>Mar\u00eda Alejandra P\u00e1ramo, habitante de la comuna 9, expres\u00f3 que \u201c<em>es muy necesario resignificar la menstruaci\u00f3n, es muy bonito que las chicas m\u00e1s peque\u00f1as est\u00e9n en estos espacios y puedan compartir en ellos, porque esto es algo que debemos aprender y normalizar. Nuestra menstruaci\u00f3n es magia, nosotras somos magia<\/em>\u00ab.<\/p>\n<p>Como estrategia alterna y de continuidad de la iniciativa, este a\u00f1o la Alcald\u00eda de Medell\u00edn se propone entregar 4.000 insumos reutilizables de gesti\u00f3n del sangrado menstrual a mujeres priorizadas por condici\u00f3n de pobreza y pobreza extrema, privaci\u00f3n de la libertad y habitancia de calle, con el prop\u00f3sito de alcanzar la meta de 25.000 mujeres beneficiadas en el cuatrienio. Asimismo, contin\u00faa la atenci\u00f3n de mujeres en riesgo de ausentismo escolar, en situaci\u00f3n de discapacidad, v\u00edctimas del conflicto armado, recicladoras de oficio y mujeres Negras, Afros, Raizales y. Palenqueras &#8211; NARP y migrantes.<\/p>\n<\/div>\n<div class=\"compartir\">Compartir en:<a title=\"\" href=\"http:\/\/www.facebook.com\/share.php?u=\" class=\"btCompartirFacebook btCompartir\" target=\"_blank\" rel=\"noopener\"><\/a><a title=\"\" href=\"http:\/\/twitter.com\/home?status=Haz%20clic%20para%20ver%20esta%20noticia%20en%20\" class=\"btCompartirTwitter btCompartir\"><\/a><a title=\"\" href=\"whatsapp:\/\/send?text=Haz%20clic%20para%20ver%20esta%20noticia%20en%20\" class=\"btCompartirWa btCompartir\"><\/a><\/div>\n<\/div>\n<p><script>try{comprobarImagen();fixBtnRedes();hitsMedellin();}catch(e){}<\/script><\/div>\n","protected":false},"excerpt":{"rendered":"<p>Foto: Con m\u00e1s de 1500 asistentes al Festival Menstruamos, Medell\u00edn celebr\u00f3 la dignidad menstrual de sus mujeres. Fot\u00f3grafo: Foto Alcald\u00eda de Medell\u00edn 2022-05-22 Con m\u00e1s de 1500 asistentes al Festival Menstruamos, Medell\u00edn celebr\u00f3 la dignidad &#8230;<\/p>\n","protected":false},"author":1,"featured_media":69108,"comment_status":"open","ping_status":"open","sticky":false,"template":"","format":"standard","meta":[],"categories":[15],"tags":[451,444,428,435,452],"formato_nota":[],"programas_tax":[],"acf":[],"_links":{"self":[{"href":"https:\/\/www.medellin.gov.co\/es\/wp-json\/wp\/v2\/posts\/69105"}],"collection":[{"href":"https:\/\/www.medellin.gov.co\/es\/wp-json\/wp\/v2\/posts"}],"about":[{"href":"https:\/\/www.medellin.gov.co\/es\/wp-json\/wp\/v2\/types\/post"}],"author":[{"embeddable":true,"href":"https:\/\/www.medellin.gov.co\/es\/wp-json\/wp\/v2\/users\/1"}],"replies":[{"embeddable":true,"href":"https:\/\/www.medellin.gov.co\/es\/wp-json\/wp\/v2\/comments?post=69105"}],"version-history":[{"count":0,"href":"https:\/\/www.medellin.gov.co\/es\/wp-json\/wp\/v2\/posts\/69105\/revisions"}],"wp:featuredmedia":[{"embeddable":true,"href":"https:\/\/www.medellin.gov.co\/es\/wp-json\/wp\/v2\/media\/69108"}],"wp:attachment":[{"href":"https:\/\/www.medellin.gov.co\/es\/wp-json\/wp\/v2\/media?parent=69105"}],"wp:term":[{"taxonomy":"category","embeddable":true,"href":"https:\/\/www.medellin.gov.co\/es\/wp-json\/wp\/v2\/categories?post=69105"},{"taxonomy":"post_tag","embeddable":true,"href":"https:\/\/www.medellin.gov.co\/es\/wp-json\/wp\/v2\/tags?post=69105"},{"taxonomy":"formato_nota","embeddable":true,"href":"https:\/\/www.medellin.gov.co\/es\/wp-json\/wp\/v2\/formato_nota?post=69105"},{"taxonomy":"programas_tax","embeddable":true,"href":"https:\/\/www.medellin.gov.co\/es\/wp-json\/wp\/v2\/programas_tax?post=69105"}],"curies":[{"name":"wp","href":"https:\/\/api.w.org\/{rel}","templated":true}]}}