{"id":69175,"date":"2022-05-19T00:00:00","date_gmt":"2022-05-19T05:00:00","guid":{"rendered":"https:\/\/www.medellin.gov.co\/es\/saladeprensa\/noticias\/ya-estan-publicadas-las-condiciones-del-contrato-de-interventoria-para-la-construccion-del-metro-de-la-80\/"},"modified":"2022-05-19T00:00:00","modified_gmt":"2022-05-19T05:00:00","slug":"ya-estan-publicadas-las-condiciones-del-contrato-de-interventoria-para-la-construccion-del-metro-de-la-80","status":"publish","type":"post","link":"https:\/\/www.medellin.gov.co\/es\/sala-de-prensa\/noticias\/ya-estan-publicadas-las-condiciones-del-contrato-de-interventoria-para-la-construccion-del-metro-de-la-80\/","title":{"rendered":"Ya est\u00e1n publicadas las condiciones del contrato de interventor\u00eda para la construcci\u00f3n del Metro de la 80"},"content":{"rendered":"<div class=\"wrap contenido\">\n<div class=\"noticia\">\n<div class=\"imagen\">\n<div class=\"divContImageNoticia input_plantilla input_background\" data-input=\"fotografia\" ruta=\"\/galerias\/Imagenes\/Galer\u00eda d\u00eda a d\u00eda 2022\/500_400\/20220519-metro-de-la-80-1.jpg\" fotografo=\"Foto Alcald\u00eda de Medell\u00edn\" descripcion=\"Ya est\u00e1n publicadas las condiciones del contrato de interventor\u00eda para la construcci\u00f3n del Metro de la 80. \" style=\"background-image:url('\/irj\/go\/km\/docs\/galerias\/Imagenes\/Galer\u00eda d\u00eda a d\u00eda 2022\/500_400\/20220519-metro-de-la-80-1.jpg')\"><\/div>\n<p class=\"pMetaDesc\">Foto: Ya est\u00e1n publicadas las condiciones del contrato de interventor\u00eda para la construcci\u00f3n del Metro de la 80. <\/p>\n<p class=\"pMetaFotografo\">Fot\u00f3grafo: Foto Alcald\u00eda de Medell\u00edn<\/p>\n<\/div>\n<p class=\"fecha\"><span class=\"input_plantilla input_text\" data-input=\"fecha\">2022-05-19<\/span><\/p>\n<h1 itemprop=\"name\" class=\"input_plantilla input_text\" data-input=\"titulo\">Ya est\u00e1n publicadas las condiciones del contrato de interventor\u00eda para la construcci\u00f3n del Metro de la 80<\/h1>\n<h5 class=\"input_plantilla input_text\" data-input=\"autor\">Por Metro de Medell\u00edn<\/h5>\n<div class=\"cuerpo input_plantilla input_area\" data-input=\"contenido\">\n<p>.: Se trata del segundo contrato m\u00e1s importante que se publica despu\u00e9s del principal, lo que constituye un nuevo hito para el proyecto.&nbsp;<\/p>\n<p>.:&nbsp; Toda la informaci\u00f3n relacionada est\u00e1 disponible en <a href=\"http:\/\/www.metrodemedellin.gov.co\" target=\"_blank\" rel=\"noopener\" data-mce-href=\"http:\/\/www.metrodemedellin.gov.co\">www.metrodemedellin.gov.co<\/a> y en <a href=\"https:\/\/proveedoresmetro.suplos.com\/\" target=\"_blank\" rel=\"noopener\" data-mce-href=\"https:\/\/proveedoresmetro.suplos.com\/\">https:\/\/proveedoresmetro.suplos.com\/<\/a><\/p>\n<p>.:&nbsp; En junio se realizar\u00e1 una reuni\u00f3n informativa con los interesados y se espera adjudicar el contrato en septiembre de este a\u00f1o.&nbsp;<\/p>\n<p><a href=\"\/irj\/go\/km\/docs\/pccdesign\/medellin\/Temas\/NuestroGobierno\/Noticias_0\/Shared Content\/Documentos\/2022\/20220519-metro-de-la-80-01.mp3\" class=\"aContEnlace liMp3\" download=\"\" data-mce-href=\"\/irj\/go\/km\/docs\/pccdesign\/medellin\/Temas\/NuestroGobierno\/Noticias_0\/Shared Content\/Documentos\/2022\/20220519-metro-de-la-80-01.mp3\"><span>Palabras de Sergio L\u00f3pez, director del Departamento Administrativo de Planeaci\u00f3n. <\/span><span>1564 Kb<\/span><\/a><\/p>\n<p>La selecci\u00f3n de la interventor\u00eda del Metro de la 80 constituye el segundo proceso contractual m\u00e1s importante del proyecto. Este permitir\u00e1 contar con las garant\u00edas de transparencia y rigurosidad para el control y seguimiento a la ejecuci\u00f3n de los recursos y el cumplimiento de las condiciones t\u00e9cnicas requeridas.&nbsp;<\/p>\n<p>El director del Departamento Administrativo de Planeaci\u00f3n (DAP), Sergio L\u00f3pez Mu\u00f1oz, explic\u00f3 que el contrato de&nbsp; interventor\u00eda es crucial porque <em>\u201cel Metro de la 80 es la obra de infraestructura m\u00e1s grande de Medell\u00edn que va a trascender administraciones y por esa raz\u00f3n necesitamos tener una interventor\u00eda que acompa\u00f1e a la ciudadan\u00eda, que acompa\u00f1e el cumplimiento de las obras y, lo m\u00e1s importante a\u00fan, que haya transparencia\u201d.<\/em>&nbsp;<\/p>\n<p>Los pliegos para contratar la interventor\u00eda para el Metro de la 80 est\u00e1n disponibles en la p\u00e1gina web <a href=\"http:\/\/www.metrodemedellin.gov.co\" target=\"_blank\" rel=\"noopener\" data-mce-href=\"http:\/\/www.metrodemedellin.gov.co\">www.metrodemedellin.gov.co<\/a> y en <a href=\"https:\/\/proveedoresmetro.suplos.com\/\" target=\"_blank\" rel=\"noopener\" data-mce-href=\"https:\/\/proveedoresmetro.suplos.com\/\">https:\/\/proveedoresmetro.suplos.com\/<\/a>.&nbsp;<\/p>\n<p>La interventor\u00eda tendr\u00e1 como responsabilidad, entre otras cosas, realizar la vigilancia t\u00e9cnica, administrativa, financiera, contable, legal, social y ambiental, as\u00ed como vigilar el cumplimiento y atenci\u00f3n de los riesgos, la seguridad y la salud en el trabajo como parte de las obligaciones del contratista al que se le adjudique la construcci\u00f3n del Metro de la 80.&nbsp;<\/p>\n<p>Puede participar cualquier empresa nacional o internacional que cumpla con los requisitos.&nbsp;<\/p>\n<p>El presupuesto es de $146.058.000.000 (ciento cuarenta y seis mil cincuenta y ocho millones de pesos constantes de 2020, incluido el IVA) y tendr\u00e1 una duraci\u00f3n de 84 meses, garantizando que se cubra el tiempo de ejecuci\u00f3n de la obra y su entrega a satisfacci\u00f3n.&nbsp;<\/p>\n<p>Luego de la publicaci\u00f3n, en junio se realizar\u00e1 una reuni\u00f3n informativa (presencial y virtual) para aclarar inquietudes de los interesados. El proceso se cerrar\u00e1 en julio y su adjudicaci\u00f3n est\u00e1 prevista para septiembre pr\u00f3ximo.<\/p>\n<\/div>\n<div class=\"compartir\">Compartir en:<a title=\"\" href=\"http:\/\/www.facebook.com\/share.php?u=\" class=\"btCompartirFacebook btCompartir\" target=\"_blank\" rel=\"noopener\"><\/a><a title=\"\" href=\"http:\/\/twitter.com\/home?status=Haz%20clic%20para%20ver%20esta%20noticia%20en%20\" class=\"btCompartirTwitter btCompartir\"><\/a><a title=\"\" href=\"whatsapp:\/\/send?text=Haz%20clic%20para%20ver%20esta%20noticia%20en%20\" class=\"btCompartirWa btCompartir\"><\/a><\/div>\n<\/div>\n<p><script>try{comprobarImagen();fixBtnRedes();hitsMedellin();}catch(e){}<\/script><\/div>\n","protected":false},"excerpt":{"rendered":"<p>Foto: Ya est\u00e1n publicadas las condiciones del contrato de interventor\u00eda para la construcci\u00f3n del Metro de la 80. Fot\u00f3grafo: Foto Alcald\u00eda de Medell\u00edn 2022-05-19 Ya est\u00e1n publicadas las condiciones del contrato de interventor\u00eda para la &#8230;<\/p>\n","protected":false},"author":1,"featured_media":69178,"comment_status":"open","ping_status":"open","sticky":false,"template":"","format":"standard","meta":[],"categories":[26,11,14],"tags":[440,447,442,443],"formato_nota":[],"programas_tax":[],"acf":[],"_links":{"self":[{"href":"https:\/\/www.medellin.gov.co\/es\/wp-json\/wp\/v2\/posts\/69175"}],"collection":[{"href":"https:\/\/www.medellin.gov.co\/es\/wp-json\/wp\/v2\/posts"}],"about":[{"href":"https:\/\/www.medellin.gov.co\/es\/wp-json\/wp\/v2\/types\/post"}],"author":[{"embeddable":true,"href":"https:\/\/www.medellin.gov.co\/es\/wp-json\/wp\/v2\/users\/1"}],"replies":[{"embeddable":true,"href":"https:\/\/www.medellin.gov.co\/es\/wp-json\/wp\/v2\/comments?post=69175"}],"version-history":[{"count":0,"href":"https:\/\/www.medellin.gov.co\/es\/wp-json\/wp\/v2\/posts\/69175\/revisions"}],"wp:featuredmedia":[{"embeddable":true,"href":"https:\/\/www.medellin.gov.co\/es\/wp-json\/wp\/v2\/media\/69178"}],"wp:attachment":[{"href":"https:\/\/www.medellin.gov.co\/es\/wp-json\/wp\/v2\/media?parent=69175"}],"wp:term":[{"taxonomy":"category","embeddable":true,"href":"https:\/\/www.medellin.gov.co\/es\/wp-json\/wp\/v2\/categories?post=69175"},{"taxonomy":"post_tag","embeddable":true,"href":"https:\/\/www.medellin.gov.co\/es\/wp-json\/wp\/v2\/tags?post=69175"},{"taxonomy":"formato_nota","embeddable":true,"href":"https:\/\/www.medellin.gov.co\/es\/wp-json\/wp\/v2\/formato_nota?post=69175"},{"taxonomy":"programas_tax","embeddable":true,"href":"https:\/\/www.medellin.gov.co\/es\/wp-json\/wp\/v2\/programas_tax?post=69175"}],"curies":[{"name":"wp","href":"https:\/\/api.w.org\/{rel}","templated":true}]}}