{"id":69260,"date":"2022-05-17T00:00:00","date_gmt":"2022-05-17T05:00:00","guid":{"rendered":"https:\/\/www.medellin.gov.co\/es\/saladeprensa\/noticias\/759-victimas-del-conflicto-armado-consiguieron-trabajo-gracias-a-la-oficina-publica-de-empleo-de-la-alcaldia-de-medellin\/"},"modified":"2022-05-17T00:00:00","modified_gmt":"2022-05-17T05:00:00","slug":"759-victimas-del-conflicto-armado-consiguieron-trabajo-gracias-a-la-oficina-publica-de-empleo-de-la-alcaldia-de-medellin","status":"publish","type":"post","link":"https:\/\/www.medellin.gov.co\/es\/sala-de-prensa\/noticias\/759-victimas-del-conflicto-armado-consiguieron-trabajo-gracias-a-la-oficina-publica-de-empleo-de-la-alcaldia-de-medellin\/","title":{"rendered":"759 v\u00edctimas del conflicto armado consiguieron trabajo gracias a la Oficina P\u00fablica de Empleo de la Alcald\u00eda de Medell\u00edn"},"content":{"rendered":"<div class=\"wrap contenido\">\n<div class=\"noticia\">\n<div class=\"imagen\">\n<div class=\"divContImageNoticia input_plantilla input_background\" data-input=\"fotografia\" ruta=\"\/galerias\/Imagenes\/Galer\u00eda d\u00eda a d\u00eda 2022\/500_400\/20220517-oficina-publica-1.jpg\" fotografo=\"Foto Alcald\u00eda de Medell\u00edn\" descripcion=\"759 v\u00edctimas del conflicto armado consiguieron trabajo gracias a la Oficina P\u00fablica de Empleo de la Alcald\u00eda de Medell\u00edn. \" style=\"background-image:url('\/irj\/go\/km\/docs\/galerias\/Imagenes\/Galer\u00eda d\u00eda a d\u00eda 2022\/500_400\/20220517-oficina-publica-1.jpg')\"><\/div>\n<p class=\"pMetaDesc\">Foto: 759 v\u00edctimas del conflicto armado consiguieron trabajo gracias a la Oficina P\u00fablica de Empleo de la Alcald\u00eda de Medell\u00edn. <\/p>\n<p class=\"pMetaFotografo\">Fot\u00f3grafo: Foto Alcald\u00eda de Medell\u00edn<\/p>\n<\/div>\n<p class=\"fecha\"><span class=\"input_plantilla input_text\" data-input=\"fecha\">2022-05-17<\/span><\/p>\n<h1 itemprop=\"name\" class=\"input_plantilla input_text\" data-input=\"titulo\">759 v\u00edctimas del conflicto armado consiguieron trabajo gracias a la Oficina P\u00fablica de Empleo de la Alcald\u00eda de Medell\u00edn<\/h1>\n<h5 class=\"input_plantilla input_text\" data-input=\"autor\">Por Gisela Saldarriaga<\/h5>\n<div class=\"cuerpo input_plantilla input_area\" data-input=\"contenido\">\n<p>.: Esto se logr\u00f3 a trav\u00e9s de una alianza entre la Organizaci\u00f3n de Estados Iberoamericanos y el Servicio P\u00fablico de Empleo de Colombia.<\/p>\n<p>.:&nbsp; Con la estrategia, Medell\u00edn recibi\u00f3 m\u00e1s de $1.700 millones en incentivos que fueron entregados a las empresas que le apuestan a la inclusi\u00f3n.<\/p>\n<p>.:&nbsp; Las personas ocupan cargos en servicio al cliente, oficios varios, gesti\u00f3n administrativa, entre otros.<\/p>\n<p><a href=\"\/irj\/go\/km\/docs\/pccdesign\/medellin\/Temas\/DesarrolloEconomico\/Noticias\/Shared Content\/Documentos\/2022\/20220517-oficina-publica-01.mp3\" class=\"aContEnlace liMp3\" download=\"\" data-mce-href=\"\/irj\/go\/km\/docs\/pccdesign\/medellin\/Temas\/DesarrolloEconomico\/Noticias\/Shared Content\/Documentos\/2022\/20220517-oficina-publica-01.mp3\"><span>Palabras de Mauricio Valencia, subsecretario de Creaci\u00f3n y Fortalecimiento Empresarial.<\/span><span>740 Kb<\/span><\/a><\/p>\n<p>La Oficina P\u00fablica de Empleo de Medell\u00edn -OPE, en alianza con la Organizaci\u00f3n de Estados Iberoamericanos -OEI y el Servicio P\u00fablico de Empleo de Colombia, logr\u00f3 que 759 v\u00edctimas del conflicto armado se vincularan laboralmente a empresas p\u00fablicas y privadas de la ciudad.<\/p>\n<p>Los beneficiarios ocupan puestos en \u00e1reas administrativas, operativas, de servicio al cliente y de oficios varios, entre otras, y trabajan en ocho compa\u00f1\u00edas que le apuestan a la inclusi\u00f3n, como Asear S.A., Coopsana, supermercados La Vaquita, Multienlace, Konecta, OneLink, Microcinco y Construmater.<\/p>\n<p><em>\u201cEstamos trabajando con grandes aliados nacionales e internacionales para acercar oportunidades laborales a la poblaci\u00f3n m\u00e1s vulnerable de Medell\u00edn. Esto no lo lograr\u00edamos si no fuera de la mano de nuestros empresarios que le apuestan a la inclusi\u00f3n y que se suman a este gran objetivo que tenemos como ciudad por disminuir la tasa de desempleo y brindarles mejor calidad de vida a los ciudadanos. Lo estamos haciendo bien y las cifras lo demuestran. Seg\u00fan el \u00faltimo informe del DANE, Medell\u00edn est\u00e1 entre las siete ciudades con menor desempleo del pa\u00eds. Queremos seguir trabajando por disminuir esa cifra y de la mano de los empresarios\u201d<\/em>, asegur\u00f3 el subsecretario de Creaci\u00f3n y Fortalecimiento Empresarial, Mauricio Valencia.<\/p>\n<p>Esta vinculaci\u00f3n se llev\u00f3 a cabo a trav\u00e9s de la iniciativa de la Organizaci\u00f3n de Estados Iberoamericanos, que dispone de 2.700 incentivos en el pa\u00eds para que cada ciudad acceda a ellos, lo que demuestra el compromiso de conectar la oferta con la demanda laboral. Cada empresa que contrate a una persona v\u00edctima del conflicto armado recibe $1.522.000 como incentivo, m\u00e1s $800.000 para dotaci\u00f3n del empleado con uniformes, cascos y camisas, entre otros.<\/p>\n<p>Gracias a la OPE, la capital antioque\u00f1a gestion\u00f3 casi el 30 % de la totalidad de los beneficios, lo que signific\u00f3 un reconocimiento de $1.762 millones por parte de la OEI, que se dividi\u00f3 entre las empresas que le apuestan a la inclusi\u00f3n y le ofrecen nuevas oportunidades de empleo a la poblaci\u00f3n vulnerable.<\/p>\n<p>John David \u00c1lvarez, fue vinculado a la empresa ONE LINK hace dos meses,<em> \u201cyo creo que esto es muy buena iniciativa de la Alcald\u00eda debido a que ayuda al talento joven a conseguir empleo, esto permite que podamos crecer laboralmente y a sumar experiencia a si hoja de vida, tal como a mi me ha servido mucho\u201d<\/em> manifest\u00f3.<\/p>\n<p>En la construcci\u00f3n de la Medell\u00edn Futuro, la Administraci\u00f3n Municipal contin\u00faa acercando opciones laborales a los ciudadanos, con el objetivo de seguir disminuyendo los indicadores de desempleo y mejorar la calidad de vida.<\/p>\n<\/div>\n<div class=\"compartir\">Compartir en:<a title=\"\" href=\"http:\/\/www.facebook.com\/share.php?u=\" class=\"btCompartirFacebook btCompartir\" target=\"_blank\" rel=\"noopener\"><\/a><a title=\"\" href=\"http:\/\/twitter.com\/home?status=Haz%20clic%20para%20ver%20esta%20noticia%20en%20\" class=\"btCompartirTwitter btCompartir\"><\/a><a title=\"\" href=\"whatsapp:\/\/send?text=Haz%20clic%20para%20ver%20esta%20noticia%20en%20\" class=\"btCompartirWa btCompartir\"><\/a><\/div>\n<\/div>\n<p><script>try{comprobarImagen();fixBtnRedes();hitsMedellin();}catch(e){}<\/script><\/div>\n","protected":false},"excerpt":{"rendered":"<p>Foto: 759 v\u00edctimas del conflicto armado consiguieron trabajo gracias a la Oficina P\u00fablica de Empleo de la Alcald\u00eda de Medell\u00edn. Fot\u00f3grafo: Foto Alcald\u00eda de Medell\u00edn 2022-05-17 759 v\u00edctimas del conflicto armado consiguieron trabajo gracias a &#8230;<\/p>\n","protected":false},"author":1,"featured_media":69263,"comment_status":"open","ping_status":"open","sticky":false,"template":"","format":"standard","meta":[],"categories":[3,20],"tags":[433,435],"formato_nota":[],"programas_tax":[],"acf":[],"_links":{"self":[{"href":"https:\/\/www.medellin.gov.co\/es\/wp-json\/wp\/v2\/posts\/69260"}],"collection":[{"href":"https:\/\/www.medellin.gov.co\/es\/wp-json\/wp\/v2\/posts"}],"about":[{"href":"https:\/\/www.medellin.gov.co\/es\/wp-json\/wp\/v2\/types\/post"}],"author":[{"embeddable":true,"href":"https:\/\/www.medellin.gov.co\/es\/wp-json\/wp\/v2\/users\/1"}],"replies":[{"embeddable":true,"href":"https:\/\/www.medellin.gov.co\/es\/wp-json\/wp\/v2\/comments?post=69260"}],"version-history":[{"count":0,"href":"https:\/\/www.medellin.gov.co\/es\/wp-json\/wp\/v2\/posts\/69260\/revisions"}],"wp:featuredmedia":[{"embeddable":true,"href":"https:\/\/www.medellin.gov.co\/es\/wp-json\/wp\/v2\/media\/69263"}],"wp:attachment":[{"href":"https:\/\/www.medellin.gov.co\/es\/wp-json\/wp\/v2\/media?parent=69260"}],"wp:term":[{"taxonomy":"category","embeddable":true,"href":"https:\/\/www.medellin.gov.co\/es\/wp-json\/wp\/v2\/categories?post=69260"},{"taxonomy":"post_tag","embeddable":true,"href":"https:\/\/www.medellin.gov.co\/es\/wp-json\/wp\/v2\/tags?post=69260"},{"taxonomy":"formato_nota","embeddable":true,"href":"https:\/\/www.medellin.gov.co\/es\/wp-json\/wp\/v2\/formato_nota?post=69260"},{"taxonomy":"programas_tax","embeddable":true,"href":"https:\/\/www.medellin.gov.co\/es\/wp-json\/wp\/v2\/programas_tax?post=69260"}],"curies":[{"name":"wp","href":"https:\/\/api.w.org\/{rel}","templated":true}]}}