{"id":69539,"date":"2022-05-04T00:00:00","date_gmt":"2022-05-04T05:00:00","guid":{"rendered":"https:\/\/www.medellin.gov.co\/es\/saladeprensa\/noticias\/560-familias-estrenaran-casa-con-la-apertura-de-la-convocatoria-en-el-proyecto-habitacional-brezze\/"},"modified":"2022-05-04T00:00:00","modified_gmt":"2022-05-04T05:00:00","slug":"560-familias-estrenaran-casa-con-la-apertura-de-la-convocatoria-en-el-proyecto-habitacional-brezze","status":"publish","type":"post","link":"https:\/\/www.medellin.gov.co\/es\/sala-de-prensa\/noticias\/560-familias-estrenaran-casa-con-la-apertura-de-la-convocatoria-en-el-proyecto-habitacional-brezze\/","title":{"rendered":"560 familias estrenar\u00e1n casa con la apertura de la convocatoria en el proyecto habitacional Brezze"},"content":{"rendered":"<div class=\"wrap contenido\">\n<div class=\"noticia\">\n<div class=\"imagen\">\n<div class=\"divContImageNoticia input_plantilla input_background\" data-input=\"fotografia\" ruta=\"\/galerias\/Imagenes\/Galer\u00eda d\u00eda a d\u00eda 2022\/500_400\/20220504-Proyecto-Habitacional-Brezze-1.jpg\" fotografo=\"Foto Alcald\u00eda de Medell\u00edn\" descripcion=\"560 familias estrenar\u00e1n casa con la apertura de la convocatoria en el proyecto habitacional Brezze.\" style=\"background-image:url('\/irj\/go\/km\/docs\/galerias\/Imagenes\/Galer\u00eda d\u00eda a d\u00eda 2022\/500_400\/20220504-Proyecto-Habitacional-Brezze-1.jpg')\"><\/div>\n<p class=\"pMetaDesc\">Foto: 560 familias estrenar\u00e1n casa con la apertura de la convocatoria en el proyecto habitacional Brezze.<\/p>\n<p class=\"pMetaFotografo\">Fot\u00f3grafo: Foto Alcald\u00eda de Medell\u00edn<\/p>\n<\/div>\n<p class=\"fecha\"><span class=\"input_plantilla input_text\" data-input=\"fecha\">2022-05-04<\/span><\/p>\n<h1 itemprop=\"name\" class=\"input_plantilla input_text\" data-input=\"titulo\">560 familias estrenar\u00e1n casa con la apertura de la convocatoria en el proyecto habitacional Brezze<\/h1>\n<h5 class=\"input_plantilla input_text\" data-input=\"autor\">Por Elisa Miranda Garc\u00eda<\/h5>\n<div class=\"cuerpo input_plantilla input_area\" data-input=\"contenido\">\n<p>.: Cada unidad habitacional, como proyecto de Vivienda de Inter\u00e9s Social (VIS), costar\u00e1 150 salarios m\u00ednimos legales mensuales vigentes (SMLMV) a la fecha de escrituraci\u00f3n.<\/p>\n<p>.: El subsidio ser\u00e1 de hasta 23 SMLMV y aplicar\u00e1 \u00fanicamente para el proyecto Brezze.<\/p>\n<p>.: El proyecto habitacional Brezze hace parte del Plan Parcial Pajarito y tendr\u00e1 1.120 apartamentos.<\/p>\n<p><a href=\"\/irj\/go\/km\/docs\/etc\/PortalMedellin\/archivos\/nuestro_gobierno\/20220504-Proyecto-Habitacional-Brezze-01.mp3\" class=\"aContEnlace liMp3\" download=\"\" data-mce-href=\"\/irj\/go\/km\/docs\/etc\/PortalMedellin\/archivos\/nuestro_gobierno\/20220504-Proyecto-Habitacional-Brezze-01.mp3\"><span>Palabras de Ren\u00e9 Hoyos Hoyos, director del Isvimed.<\/span><span><\/span><span>938 Kb<\/span><\/a><\/p>\n<p>La Alcald\u00eda de Medell\u00edn, a trav\u00e9s del Instituto Social de Vivienda y H\u00e1bitat de Medell\u00edn (Isvimed), abrir\u00e1 el lunes 9 de mayo las inscripciones para que 560 familias accedan a un subsidio de vivienda municipal de hasta 23 salarios m\u00ednimos legales mensuales vigentes, el cual ser\u00e1 aplicado \u00fanicamente para el proyecto habitacional Brezze, ubicado en Ciudadela Nuevo Occidente, en el corregimiento de San Crist\u00f3bal.<\/p>\n<p>Inicialmente, el proyecto de Vivienda de Inter\u00e9s Social (VIS) contar\u00e1 con una inversi\u00f3n superior a los $16.000 millones para las primeras tres torres que suman un total de 672 apartamentos.<\/p>\n<p>\u201c<em>Invitamos a ingresar a nuestra p\u00e1gina web www.isvimed.gov.co, a partir del 9 de mayo, a las familias que cumplen con los requisitos para inscribirse en la convocatoria. Las personas interesadas deben tener en cuenta que es necesario tener capacidad de endeudamiento o el valor restante del proyecto que es hasta 120 Salarios M\u00ednimos Legales Mensuales Vigentes para cumplir con el cierre financiero del proyecto habitacional con la constructora y ser acreedor finalmente del subsidio<\/em>\u201d, resalt\u00f3 el director del Isvimed, Ren\u00e9 Hoyos Hoyos.<\/p>\n<p><a data-mce-href=\"\/irj\/go\/km\/docs\/galerias\/Imagenes\/Galer%C3%ADa%20d%C3%ADa%20a%20d%C3%ADa%202022\/20220504-Proyecto-Habitacional-Brezze-2.jpg\" href=\"\/irj\/go\/km\/docs\/galerias\/Imagenes\/Galer%C3%ADa%20d%C3%ADa%20a%20d%C3%ADa%202022\/20220504-Proyecto-Habitacional-Brezze-2.jpg\" title=\"560 familias estrenar\u00e1n casa con la apertura de la convocatoria en el proyecto habitacional Brezze\" target=\"_blank\" rel=\"noopener\"><img src=\"\/irj\/go\/km\/docs\/galerias\/Imagenes\/Galer%C3%ADa%20d%C3%ADa%20a%20d%C3%ADa%202022\/1000_450\/20220504-Proyecto-Habitacional-Brezze-2.jpg\" alt=\"560 familias estrenar\u00e1n casa con la apertura de la convocatoria en el proyecto habitacional Brezze\" width=\"100%\" data-mce-src=\"\/irj\/go\/km\/docs\/galerias\/Imagenes\/Galer%C3%ADa%20d%C3%ADa%20a%20d%C3%ADa%202022\/1000_450\/20220504-Proyecto-Habitacional-Brezze-2.jpg\"><\/a><\/p>\n<p>Al realizar la inscripci\u00f3n, los interesados deben tener m\u00e1s de 18 a\u00f1os, el hogar debe ganar entre uno y cuatro salarios m\u00ednimos legales mensuales vigentes, vivir en Medell\u00edn hace m\u00e1s de seis a\u00f1os, no tener otro inmueble en el pa\u00eds, contar con un ahorro programado para vivienda en una entidad financiera y\/o cesant\u00edas inmovilizadas para este fin por un valor m\u00ednimo de $8.268.750, no tener un subsidio similar aplicado, y anexar la fotocopia de la c\u00e9dula y el certificado del ahorro programado para vivienda de la entidad financiera (banco o cooperativa) y\/o cesant\u00edas inmovilizadas para vivienda en el formulario.<\/p>\n<p>El proyecto habitacional Brezze, que hace parte del Plan Parcial Pajarito, tendr\u00e1 1.120 apartamentos distribuidos en cinco torres de 28 pisos. Cada nivel contar\u00e1 con ocho apartamentos y dos ascensores por torre. Igualmente, el proyecto que ser\u00e1 una unidad cerrada, tiene parqueaderos comunes para carros y motos, porter\u00eda, cancha polideportiva, dos salones sociales, gimnasio al aire libre y zona de coworking.<\/p>\n<p>La convocatoria estar\u00e1 abierta hasta el 23 de mayo de 2022 o hasta completar el n\u00famero de personas convocadas, es decir, 560 inscripciones.&nbsp;<\/p>\n<p>La Administraci\u00f3n Municipal construye un futuro con nuevas oportunidades habitacionales para los medellinenses. En caso de dudas, est\u00e1 disponible la l\u00ednea de atenci\u00f3n al ciudadano (604) 4304310, extensi\u00f3n 180, o la p\u00e1gina <a href=\"http:\/\/www.isvimed.gov.co\" data-mce-href=\"http:\/\/www.isvimed.gov.co\">www.isvimed.gov.co<\/a>.<\/p>\n<\/div>\n<div class=\"compartir\">Compartir en:<a title=\"\" href=\"http:\/\/www.facebook.com\/share.php?u=\" class=\"btCompartirFacebook btCompartir\" target=\"_blank\" rel=\"noopener\"><\/a><a title=\"\" href=\"http:\/\/twitter.com\/home?status=Haz%20clic%20para%20ver%20esta%20noticia%20en%20\" class=\"btCompartirTwitter btCompartir\"><\/a><a title=\"\" href=\"whatsapp:\/\/send?text=Haz%20clic%20para%20ver%20esta%20noticia%20en%20\" class=\"btCompartirWa btCompartir\"><\/a><\/div>\n<\/div>\n<p><script>try{comprobarImagen();fixBtnRedes();hitsMedellin();}catch(e){}<\/script><\/div>\n","protected":false},"excerpt":{"rendered":"<p>Foto: 560 familias estrenar\u00e1n casa con la apertura de la convocatoria en el proyecto habitacional Brezze. Fot\u00f3grafo: Foto Alcald\u00eda de Medell\u00edn 2022-05-04 560 familias estrenar\u00e1n casa con la apertura de la convocatoria en el proyecto &#8230;<\/p>\n","protected":false},"author":1,"featured_media":69542,"comment_status":"open","ping_status":"open","sticky":false,"template":"","format":"standard","meta":[],"categories":[17],"tags":[428,435],"formato_nota":[],"programas_tax":[],"acf":[],"_links":{"self":[{"href":"https:\/\/www.medellin.gov.co\/es\/wp-json\/wp\/v2\/posts\/69539"}],"collection":[{"href":"https:\/\/www.medellin.gov.co\/es\/wp-json\/wp\/v2\/posts"}],"about":[{"href":"https:\/\/www.medellin.gov.co\/es\/wp-json\/wp\/v2\/types\/post"}],"author":[{"embeddable":true,"href":"https:\/\/www.medellin.gov.co\/es\/wp-json\/wp\/v2\/users\/1"}],"replies":[{"embeddable":true,"href":"https:\/\/www.medellin.gov.co\/es\/wp-json\/wp\/v2\/comments?post=69539"}],"version-history":[{"count":0,"href":"https:\/\/www.medellin.gov.co\/es\/wp-json\/wp\/v2\/posts\/69539\/revisions"}],"wp:featuredmedia":[{"embeddable":true,"href":"https:\/\/www.medellin.gov.co\/es\/wp-json\/wp\/v2\/media\/69542"}],"wp:attachment":[{"href":"https:\/\/www.medellin.gov.co\/es\/wp-json\/wp\/v2\/media?parent=69539"}],"wp:term":[{"taxonomy":"category","embeddable":true,"href":"https:\/\/www.medellin.gov.co\/es\/wp-json\/wp\/v2\/categories?post=69539"},{"taxonomy":"post_tag","embeddable":true,"href":"https:\/\/www.medellin.gov.co\/es\/wp-json\/wp\/v2\/tags?post=69539"},{"taxonomy":"formato_nota","embeddable":true,"href":"https:\/\/www.medellin.gov.co\/es\/wp-json\/wp\/v2\/formato_nota?post=69539"},{"taxonomy":"programas_tax","embeddable":true,"href":"https:\/\/www.medellin.gov.co\/es\/wp-json\/wp\/v2\/programas_tax?post=69539"}],"curies":[{"name":"wp","href":"https:\/\/api.w.org\/{rel}","templated":true}]}}