{"id":69772,"date":"2022-04-27T00:00:00","date_gmt":"2022-04-27T05:00:00","guid":{"rendered":"https:\/\/www.medellin.gov.co\/es\/saladeprensa\/noticias\/medellin-vivira-desde-este-miercoles-el-encuentro-de-las-americas-de-turismo-social\/"},"modified":"2022-04-27T00:00:00","modified_gmt":"2022-04-27T05:00:00","slug":"medellin-vivira-desde-este-miercoles-el-encuentro-de-las-americas-de-turismo-social","status":"publish","type":"post","link":"https:\/\/www.medellin.gov.co\/es\/sala-de-prensa\/noticias\/medellin-vivira-desde-este-miercoles-el-encuentro-de-las-americas-de-turismo-social\/","title":{"rendered":"Medell\u00edn vivir\u00e1 desde este mi\u00e9rcoles el Encuentro de las Am\u00e9ricas de Turismo Social"},"content":{"rendered":"<div class=\"wrap contenido\">\n<div class=\"noticia\">\n<div class=\"imagen\">\n<div class=\"divContImageNoticia input_plantilla input_background\" data-input=\"fotografia\" ruta=\"\/galerias\/Imagenes\/Galer\u00eda d\u00eda a d\u00eda 2022\/500_400\/20220427-turismo-social-1.jpg\" fotografo=\"Foto Alcald\u00eda de Medell\u00edn\" descripcion=\"Medell\u00edn vivir\u00e1 desde este mi\u00e9rcoles el Encuentro de las Am\u00e9ricas de Turismo Social. \" style=\"background-image:url('\/irj\/go\/km\/docs\/galerias\/Imagenes\/Galer\u00eda d\u00eda a d\u00eda 2022\/500_400\/20220427-turismo-social-1.jpg')\"><\/div>\n<p class=\"pMetaDesc\">Foto: Medell\u00edn vivir\u00e1 desde este mi\u00e9rcoles el Encuentro de las Am\u00e9ricas de Turismo Social. <\/p>\n<p class=\"pMetaFotografo\">Fot\u00f3grafo: Foto Alcald\u00eda de Medell\u00edn<\/p>\n<\/div>\n<p class=\"fecha\"><span class=\"input_plantilla input_text\" data-input=\"fecha\">2022-04-27<\/span><\/p>\n<h1 itemprop=\"name\" class=\"input_plantilla input_text\" data-input=\"titulo\">Medell\u00edn vivir\u00e1 desde este mi\u00e9rcoles el Encuentro de las Am\u00e9ricas de Turismo Social<\/h1>\n<h5 class=\"input_plantilla input_text\" data-input=\"autor\">Por Gisela Saldarriaga<\/h5>\n<div class=\"cuerpo input_plantilla input_area\" data-input=\"contenido\">\n<p>.: La cita ser\u00e1 hasta el s\u00e1bado 30 de abril con cerca 300 actores del sector y representantes de 15 pa\u00edses de las Am\u00e9ricas.&nbsp;<\/p>\n<p>.: Se encontrar\u00e1n autoridades locales, regionales y nacionales de turismo, operadores tur\u00edsticos, asociaciones y gremios, instituciones acad\u00e9micas y organizaciones civiles.&nbsp;<\/p>\n<p>.: La agenda acad\u00e9mica incluye conferencias, paneles y talleres. Se puede consultar en <a href=\"https:\/\/istocolombia.com\/\" target=\"_blank\" rel=\"noopener\" data-mce-href=\"https:\/\/istocolombia.com\/\">https:\/\/istocolombia.com\/<\/a>.<\/p>\n<p><a href=\"\/irj\/go\/km\/docs\/pccdesign\/medellin\/Temas\/DesarrolloEconomico\/Noticias\/Shared Content\/Documentos\/2022\/20220427-turismo-social-01.mp3\" class=\"aContEnlace liMp3\" download=\"\" data-mce-href=\"\/irj\/go\/km\/docs\/pccdesign\/medellin\/Temas\/DesarrolloEconomico\/Noticias\/Shared Content\/Documentos\/2022\/20220427-turismo-social-01.mp3\"><span>Palabras de Alejandro Arias Garc\u00eda, secretario de Desarrollo Econ\u00f3mico.<\/span><span>784 Kb<\/span><\/a><\/p>\n<p>Por primera vez, Medell\u00edn y Bogot\u00e1 acoger\u00e1n de manera conjunta el tercer Encuentro de las Am\u00e9ricas de Turismo Social 2022, de la Organizaci\u00f3n Internacional de Turismo Social (ISTO), evento que se adelanta cada dos a\u00f1os y que en esta oportunidad eligi\u00f3 a estas dos ciudades como sede.<\/p>\n<p>En la capital antioque\u00f1a, el encuentro se llevar\u00e1 a cabo del 27 al 30 de abril en el Teatro Metropolitano Jos\u00e9 Guti\u00e9rrez G\u00f3mez, donde participar\u00e1n cerca de 300 actores del sector entre los que se encuentran representantes de autoridades locales, regionales y nacionales de turismo, operadores tur\u00edsticos, asociaciones y gremios, instituciones acad\u00e9micas y organizaciones civiles de 15 pa\u00edses del continente americano.<\/p>\n<p><em>\u201cLos ojos del mundo nuevamente est\u00e1n puestos en Medell\u00edn, en esta oportunidad con el Encuentro de las Am\u00e9ricas de Turismo Social. Aqu\u00ed estamos compartiendo las experiencias exitosas alrededor del turismo social, esto no solo fortalece el ecosistema de turismo tradicional sino que tambi\u00e9n le estamos dando visibilizaci\u00f3n al turismo comunitario, lo que nos permite promocionar lugares m\u00e1gicos que tenemos en la ciudad como la Comuna 13, Moravia La Comuna 8 y los corregimientos de la ciudad\u201d<\/em>, asegur\u00f3 el secretario de Desarrollo Econ\u00f3mico, Alejandro Arias Garc\u00eda.<\/p>\n<p>Durante el evento, los emprendedores locales exhibir\u00e1n productos y servicios que promueven el turismo social. Adem\u00e1s, podr\u00e1n establecer enlaces y comunicaci\u00f3n con otros empresarios del sector, a nivel regional, nacional e internacional.<\/p>\n<p>As\u00ed mismo, los asistentes disfrutar\u00e1n de conferencias, paneles y talleres. La agenda acad\u00e9mica se puede consultar en <a href=\"https:\/\/istocolombia.com\/\" target=\"_blank\" rel=\"noopener\" data-mce-href=\"https:\/\/istocolombia.com\/\">https:\/\/istocolombia.com\/<\/a>.<\/p>\n<p>En Medell\u00edn, el turismo social se asocia con el comunitario y se enfoca en el fortalecimiento de los territorios y el empoderamiento de la poblaci\u00f3n para desarrollar nuevos productos y servicios de manera formal.&nbsp;<\/p>\n<p><a href=\"https:\/\/www.medellin.gov.co\/irj\/go\/km\/docs\/galerias\/Imagenes\/Galer%C3%ADa%20d%C3%ADa%20a%20d%C3%ADa%202022\/20220427-turismo-social-2.jpg\" target=\"_blank\" rel=\"noopener\" data-mce-href=\"https:\/\/www.medellin.gov.co\/irj\/go\/km\/docs\/galerias\/Imagenes\/Galer%C3%ADa%20d%C3%ADa%20a%20d%C3%ADa%202022\/20220427-turismo-social-2.jpg\"><img src=\"https:\/\/www.medellin.gov.co\/irj\/go\/km\/docs\/galerias\/Imagenes\/Galer%C3%ADa%20d%C3%ADa%20a%20d%C3%ADa%202022\/1000_450\/20220427-turismo-social-2.jpg\" alt=\"\" width=\"100%\" data-mce-src=\"https:\/\/www.medellin.gov.co\/irj\/go\/km\/docs\/galerias\/Imagenes\/Galer%C3%ADa%20d%C3%ADa%20a%20d%C3%ADa%202022\/1000_450\/20220427-turismo-social-2.jpg\"><\/a><\/p>\n<p>El encuentro se logra gracias a la Alcald\u00eda de Medell\u00edn, el Instituto Distrital de Turismo de Bogot\u00e1 (IDT) y Comfenalco Antioquia, con el respaldo del Bureau, y es una oportunidad para que la ciudad haga visibles las buenas pr\u00e1cticas en el turismo comunitario como oportunidad de desarrollo econ\u00f3mico.&nbsp;<\/p>\n<p><em>\u201cEstamos realizando este evento ac\u00e1 en Medell\u00edn porque es una ciudad muy importante en materia de turismo a nivel mundial y nacional, adem\u00e1s representa un simbolo muy fuerte por el compromiso que desde diferentes entidades han tenido con el desarrollo del turismo social y el bienestar de todas las personas, as\u00ed que muy agradecidos con la Alcald\u00eda de Medell\u00edn y con Comfenalco\u201d<\/em>, se\u00f1al\u00f3 la Presidenta de la Organizaci\u00f3n Internacional de Turismo Social&nbsp; Itso, Isabel Novoa.&nbsp;<\/p>\n<p>La Organizaci\u00f3n Internacional de Turismo Social (ISTO) es una asociaci\u00f3n internacional sin fines de lucro creada en 1963, que re\u00fane a los actores del turismo social, responsable, solidario y sostenible del mundo entero.&nbsp;<\/p>\n<p>Es la primera vez que Colombia organiza este encuentro internacional y la primera edici\u00f3n que se hace en dos ciudades: Bogot\u00e1 y Medell\u00edn. Este espacio, donde se re\u00fanen los socios y aliados de ISTO, permitir\u00e1 mostrar los avances en materia de turismo social, incluyente, responsable y sostenible.<\/p>\n<\/div>\n<div class=\"compartir\">Compartir en:<a title=\"\" href=\"http:\/\/www.facebook.com\/share.php?u=\" class=\"btCompartirFacebook btCompartir\" target=\"_blank\" rel=\"noopener\"><\/a><a title=\"\" href=\"http:\/\/twitter.com\/home?status=Haz%20clic%20para%20ver%20esta%20noticia%20en%20\" class=\"btCompartirTwitter btCompartir\"><\/a><a title=\"\" href=\"whatsapp:\/\/send?text=Haz%20clic%20para%20ver%20esta%20noticia%20en%20\" class=\"btCompartirWa btCompartir\"><\/a><\/div>\n<\/div>\n<p><script>try{comprobarImagen();fixBtnRedes();hitsMedellin();}catch(e){}<\/script><\/div>\n","protected":false},"excerpt":{"rendered":"<p>Foto: Medell\u00edn vivir\u00e1 desde este mi\u00e9rcoles el Encuentro de las Am\u00e9ricas de Turismo Social. Fot\u00f3grafo: Foto Alcald\u00eda de Medell\u00edn 2022-04-27 Medell\u00edn vivir\u00e1 desde este mi\u00e9rcoles el Encuentro de las Am\u00e9ricas de Turismo Social Por Gisela &#8230;<\/p>\n","protected":false},"author":1,"featured_media":69775,"comment_status":"open","ping_status":"open","sticky":false,"template":"","format":"standard","meta":[],"categories":[3],"tags":[428,430],"formato_nota":[],"programas_tax":[],"acf":[],"_links":{"self":[{"href":"https:\/\/www.medellin.gov.co\/es\/wp-json\/wp\/v2\/posts\/69772"}],"collection":[{"href":"https:\/\/www.medellin.gov.co\/es\/wp-json\/wp\/v2\/posts"}],"about":[{"href":"https:\/\/www.medellin.gov.co\/es\/wp-json\/wp\/v2\/types\/post"}],"author":[{"embeddable":true,"href":"https:\/\/www.medellin.gov.co\/es\/wp-json\/wp\/v2\/users\/1"}],"replies":[{"embeddable":true,"href":"https:\/\/www.medellin.gov.co\/es\/wp-json\/wp\/v2\/comments?post=69772"}],"version-history":[{"count":0,"href":"https:\/\/www.medellin.gov.co\/es\/wp-json\/wp\/v2\/posts\/69772\/revisions"}],"wp:featuredmedia":[{"embeddable":true,"href":"https:\/\/www.medellin.gov.co\/es\/wp-json\/wp\/v2\/media\/69775"}],"wp:attachment":[{"href":"https:\/\/www.medellin.gov.co\/es\/wp-json\/wp\/v2\/media?parent=69772"}],"wp:term":[{"taxonomy":"category","embeddable":true,"href":"https:\/\/www.medellin.gov.co\/es\/wp-json\/wp\/v2\/categories?post=69772"},{"taxonomy":"post_tag","embeddable":true,"href":"https:\/\/www.medellin.gov.co\/es\/wp-json\/wp\/v2\/tags?post=69772"},{"taxonomy":"formato_nota","embeddable":true,"href":"https:\/\/www.medellin.gov.co\/es\/wp-json\/wp\/v2\/formato_nota?post=69772"},{"taxonomy":"programas_tax","embeddable":true,"href":"https:\/\/www.medellin.gov.co\/es\/wp-json\/wp\/v2\/programas_tax?post=69772"}],"curies":[{"name":"wp","href":"https:\/\/api.w.org\/{rel}","templated":true}]}}