{"id":69778,"date":"2022-04-26T00:00:00","date_gmt":"2022-04-26T05:00:00","guid":{"rendered":"https:\/\/www.medellin.gov.co\/es\/saladeprensa\/noticias\/mas-de-1-600-familias-de-medellin-aprenderan-a-detectar-cuando-ninos-y-ninas-sean-victimas-de-vulneracion-de-derechos\/"},"modified":"2022-04-26T00:00:00","modified_gmt":"2022-04-26T05:00:00","slug":"mas-de-1-600-familias-de-medellin-aprenderan-a-detectar-cuando-ninos-y-ninas-sean-victimas-de-vulneracion-de-derechos","status":"publish","type":"post","link":"https:\/\/www.medellin.gov.co\/es\/sala-de-prensa\/noticias\/mas-de-1-600-familias-de-medellin-aprenderan-a-detectar-cuando-ninos-y-ninas-sean-victimas-de-vulneracion-de-derechos\/","title":{"rendered":"M\u00e1s de 1.600 familias de Medell\u00edn aprender\u00e1n a detectar cuando ni\u00f1os y ni\u00f1as sean v\u00edctimas de vulneraci\u00f3n de derechos"},"content":{"rendered":"<div class=\"wrap contenido\">\n<div class=\"noticia\">\n<div class=\"imagen\">\n<div class=\"divContImageNoticia input_plantilla input_background\" data-input=\"fotografia\" ruta=\"\/galerias\/Imagenes\/Galer\u00eda d\u00eda a d\u00eda 2022\/500_400\/20220426-Ni\u00f1os-Victimas-1.jpg\" fotografo=\"Foto Alcald\u00eda de Medell\u00edn\" descripcion=\"M\u00e1s de 1.600 familias de Medell\u00edn aprender\u00e1n a detectar cuando ni\u00f1os y ni\u00f1as sean v\u00edctimas de vulneraci\u00f3n de derechos.\" style=\"background-image:url('\/irj\/go\/km\/docs\/galerias\/Imagenes\/Galer\u00eda d\u00eda a d\u00eda 2022\/500_400\/20220426-Ni\u00f1os-Victimas-1.jpg')\"><\/div>\n<p class=\"pMetaDesc\">Foto: M\u00e1s de 1.600 familias de Medell\u00edn aprender\u00e1n a detectar cuando ni\u00f1os y ni\u00f1as sean v\u00edctimas de vulneraci\u00f3n de derechos.<\/p>\n<p class=\"pMetaFotografo\">Fot\u00f3grafo: Foto Alcald\u00eda de Medell\u00edn<\/p>\n<\/div>\n<p class=\"fecha\"><span class=\"input_plantilla input_text\" data-input=\"fecha\">2022-04-26<\/span><\/p>\n<h1 itemprop=\"name\" class=\"input_plantilla input_text\" data-input=\"titulo\">M\u00e1s de 1.600 familias de Medell\u00edn aprender\u00e1n a detectar cuando ni\u00f1os y ni\u00f1as sean v\u00edctimas de vulneraci\u00f3n de derechos<\/h1>\n<h5 class=\"input_plantilla input_text\" data-input=\"autor\">Por Mar\u00eda Victoria Caicedo G.<\/h5>\n<div class=\"cuerpo input_plantilla input_area\" data-input=\"contenido\">\n<p>.: La estrategia promover\u00e1 entornos comunitarios, familiares e institucionales; as\u00ed como los derechos de los ni\u00f1os y las ni\u00f1as, el fortalecimiento de factores protectores y la prevenci\u00f3n de vulneraciones.<\/p>\n<p>.: El proyecto se denomina \u201cTe protejo para un Buen Comienzo\u201d y garantizar\u00e1 una oportuna reacci\u00f3n y atenci\u00f3n en caso de que la familia detecte la vulneraci\u00f3n de los derechos de sus hijos.<\/p>\n<p>.: En los centros demostrativos se har\u00e1 uso de tecnolog\u00eda con sentido, mediante equipos como l\u00e1piz e impresora 3D y de reconocimiento facial.<\/p>\n<p><a href=\"\/irj\/go\/km\/docs\/etc\/PortalMedellin\/archivos\/inclusion_social,_familia_y_ddhh\/20220426-Ni\u00f1os-Victimas-01.mp3\" class=\"aContEnlace liMp3\" download=\"\" data-mce-href=\"\/irj\/go\/km\/docs\/etc\/PortalMedellin\/archivos\/inclusion_social,_familia_y_ddhh\/20220426-Ni\u00f1os-Victimas-01.mp3\"><span>Palabras de Higo D\u00edaz, director de la Unidad Administrativa Especial Buen Comienzo.<\/span><span><\/span><span>933 Kb<\/span><\/a><\/p>\n<p><a href=\"\/irj\/go\/km\/docs\/etc\/PortalMedellin\/archivos\/inclusion_social,_familia_y_ddhh\/20220426-Ni\u00f1os-Victimas-02.mp3\" class=\"aContEnlace liMp3\" download=\"\" data-mce-href=\"\/irj\/go\/km\/docs\/etc\/PortalMedellin\/archivos\/inclusion_social,_familia_y_ddhh\/20220426-Ni\u00f1os-Victimas-02.mp3\"><span>Palabras de Ricardo Consuegra, psiquiatra del Hospital Mental de Antioquia.<\/span><span><\/span><span>734 Kb<\/span><\/a><\/p>\n<p><a href=\"\/irj\/go\/km\/docs\/etc\/PortalMedellin\/archivos\/inclusion_social,_familia_y_ddhh\/20220426-Ni\u00f1os-Victimas-03.mp3\" class=\"aContEnlace liMp3\" download=\"\" data-mce-href=\"\/irj\/go\/km\/docs\/etc\/PortalMedellin\/archivos\/inclusion_social,_familia_y_ddhh\/20220426-Ni\u00f1os-Victimas-03.mp3\"><span>Palabras de Viviana Fern\u00e1ndez, directora de impacto United Way.<\/span><span><\/span><span>487 Kb<\/span><\/a><\/p>\n<p>La Unidad Administrativa Especial Buen Comienzo puso en marcha la estrategia \u201c<em>Te protejo para un Buen Comienzo<\/em>\u201d, un programa de formaci\u00f3n dirigido a padres de familia a trav\u00e9s del cual se fortalecer\u00e1n factores protectores, crianza humanizada, identificaci\u00f3n de riesgos de vulneraci\u00f3n de derechos y activaci\u00f3n de rutas.<\/p>\n<p>La estrategia se lleva a cabo en articulaci\u00f3n con el Hospital Mental de Antioquia en donde se dispone de talento humano especializado que se encargar\u00e1 de liderar los encuentros de formaci\u00f3n para 1.600 familias. En ellos, se promover\u00e1n entornos comunitarios, familiares e institucionales y los derechos de los ni\u00f1os y las ni\u00f1as, adem\u00e1s del fortalecimiento de factores protectores y de prevenci\u00f3n de vulneraciones.<\/p>\n<p>Este proyecto garantizar\u00e1 una oportuna reacci\u00f3n y atenci\u00f3n en caso de que la familia detecte la vulneraci\u00f3n de los derechos de sus hijos y garantizar\u00e1 intervenciones de calidad para la promoci\u00f3n del desarrollo. Las familias beneficiarias fueron identificadas, a trav\u00e9s de un proceso de caracterizaci\u00f3n por parte de los profesionales de Buen Comienzo y del Hospital Mental de Antioquia.<\/p>\n<p>\u201c<em>Hoy presentamos dos estrategias que empezamos a implementar dentro de la garant\u00eda de los derechos de los ni\u00f1os y las ni\u00f1as. La primera es \u201cTe protejo para un Buen Comienzo\u201d, una estrategia que busca generar escenarios de protecci\u00f3n desde el hogar para nuestros ni\u00f1os y ni\u00f1as y que todos actuemos en pro de la defensa a partir de la identificaci\u00f3n de factores de riesgo y dos la implementaci\u00f3n de centros demostrativos de ciencia, tecnolog\u00eda e Innovaci\u00f3n. En total ser\u00e1n 18 centros que permiten el acercamiento de los ni\u00f1os a las nuevas tecnolog\u00edas<\/em>\u201d, dijo el director de la Unidad Administrativa Especial Buen Comienzo, Hugo D\u00edaz.<\/p>\n<p>Para la Alcald\u00eda de Medell\u00edn es prioridad garantizar la protecci\u00f3n integral de los ni\u00f1os y las ni\u00f1as de la ciudad y la promoci\u00f3n de su desarrollo integral mediante la implementaci\u00f3n de rutas integrales de atenci\u00f3n con intervenciones oportunas y de calidad.<\/p>\n<p><a data-mce-href=\"\/irj\/go\/km\/docs\/galerias\/Imagenes\/Galer%C3%ADa%20d%C3%ADa%20a%20d%C3%ADa%202022\/20220426-Ni\u00f1os-Victimas-2.jpg\" href=\"\/irj\/go\/km\/docs\/galerias\/Imagenes\/Galer%C3%ADa%20d%C3%ADa%20a%20d%C3%ADa%202022\/20220426-Ni\u00f1os-Victimas-2.jpg\" title=\"M\u00e1s de 1.600 familias de Medell\u00edn aprender\u00e1n a detectar cuando ni\u00f1os y ni\u00f1as sean v\u00edctimas de vulneraci\u00f3n de derechos\" target=\"_blank\" rel=\"noopener\"><img src=\"\/irj\/go\/km\/docs\/galerias\/Imagenes\/Galer%C3%ADa%20d%C3%ADa%20a%20d%C3%ADa%202022\/1000_450\/20220426-Ni\u00f1os-Victimas-2.jpg\" alt=\"M\u00e1s de 1.600 familias de Medell\u00edn aprender\u00e1n a detectar cuando ni\u00f1os y ni\u00f1as sean v\u00edctimas de vulneraci\u00f3n de derechos\" width=\"100%\"><\/a><br data-mce-bogus=\"1\"><\/p>\n<p>\u201c<em>Esta articulaci\u00f3n es muy importante porque se est\u00e1 abriendo la oportunidad de que los ni\u00f1os con necesidades espciales, con discapacidad intelectual, trastorno del espectro autista est\u00e9n incluidos en la estrategia de Buen Comienzo y que adem\u00e1s de eso sean valorados por un equipo que tenga la adecuada cualificaci\u00f3n para su intervenci\u00f3n<\/em>\u201d, explic\u00f3 Ricardo Consuegra, psiquiatra del Hospital Mental de Antioquia.<\/p>\n<p>Buen Comienzo sigue dando apertura a espacios para el desarrollo socioemocional y de generaci\u00f3n de habilidades del siglo XXI para la primera infancia, con el prop\u00f3sito de elevar la calidad en la atenci\u00f3n a esta poblaci\u00f3n. En ese sentido, se crea la red de innovaci\u00f3n y demostraci\u00f3n para ni\u00f1os y ni\u00f1as, que vincula a jardines, centros infantiles y ludotecas, y que consolida ecosistemas de innovaci\u00f3n en la educaci\u00f3n inicial en Medell\u00edn.<\/p>\n<p>La construcci\u00f3n de dicho ecosistema contempla acciones de cualificaci\u00f3n y acompa\u00f1amiento a los agentes educativos con enfoque en innovaci\u00f3n, apropiaci\u00f3n tecnol\u00f3gica con intencionalidad pedag\u00f3gica, aprendizaje a trav\u00e9s del juego, investigaci\u00f3n en primera infancia y aprendizaje socioemocional. La red impactar\u00e1 a 620 agentes educativos y a 8.060 ni\u00f1os y ni\u00f1as, as\u00ed como a 7.500 familias.<\/p>\n<p>La alianza, que se extender\u00e1 durante todo 2022 con proyecci\u00f3n a 2023, tiene una inversi\u00f3n de $2.062 millones, as\u00ed: $861 millones de la Fundaci\u00f3n United Way Colombia y $1.200 millones de la Alcald\u00eda de Medell\u00edn por medio de la Unidad Administrativa Especial Buen Comienzo.<\/p>\n<p>\u201c<em>Desde United way Colombia venimos trabajando desde hace algunos a\u00f1os por mejorar experiencias desde la primera infancia, en este caso en uni\u00f3n con la Alcald\u00eda de Medell\u00edn qu\u00e9 con toda la voluntad pol\u00edtica se uni\u00f3 a esta apuesta para la primera infancia en innovaci\u00f3n y la tecnolog\u00eda para que sean ni\u00f1os y ni\u00f1as con competencias que respondan a los retos del Siglo XXI como lo es el pensamiento cr\u00edtico, la resoluci\u00f3n de problemas, la creatividad y la Innovaci\u00f3n<\/em>\u201d, afirm\u00f3, Viviana Fern\u00e1ndez, directora de impacto United Way.<\/p>\n<p>Adicional al tema metodol\u00f3gico, la iniciativa cuenta con equipos tecnol\u00f3gicos que estimulan habilidades del siglo XXI en los ni\u00f1os y las ni\u00f1as. Entre estos, se destaca el sistema de reconocimiento facial que arroja el nombre del menor que ingresa, su talla y su peso. Los datos tienen uso interno de seguimiento a los participantes y agiliza el proceso de valoraci\u00f3n nutricional o tamizaje.<\/p>\n<\/div>\n<div class=\"compartir\">Compartir en:<a title=\"\" href=\"http:\/\/www.facebook.com\/share.php?u=\" class=\"btCompartirFacebook btCompartir\" target=\"_blank\" rel=\"noopener\"><\/a><a title=\"\" href=\"http:\/\/twitter.com\/home?status=Haz%20clic%20para%20ver%20esta%20noticia%20en%20\" class=\"btCompartirTwitter btCompartir\"><\/a><a title=\"\" href=\"whatsapp:\/\/send?text=Haz%20clic%20para%20ver%20esta%20noticia%20en%20\" class=\"btCompartirWa btCompartir\"><\/a><\/div>\n<\/div>\n<p><script>try{comprobarImagen();fixBtnRedes();hitsMedellin();}catch(e){}<\/script><\/div>\n","protected":false},"excerpt":{"rendered":"<p>Foto: M\u00e1s de 1.600 familias de Medell\u00edn aprender\u00e1n a detectar cuando ni\u00f1os y ni\u00f1as sean v\u00edctimas de vulneraci\u00f3n de derechos. Fot\u00f3grafo: Foto Alcald\u00eda de Medell\u00edn 2022-04-26 M\u00e1s de 1.600 familias de Medell\u00edn aprender\u00e1n a detectar &#8230;<\/p>\n","protected":false},"author":1,"featured_media":69781,"comment_status":"open","ping_status":"open","sticky":false,"template":"","format":"standard","meta":[],"categories":[1],"tags":[451,431,435],"formato_nota":[],"programas_tax":[],"acf":[],"_links":{"self":[{"href":"https:\/\/www.medellin.gov.co\/es\/wp-json\/wp\/v2\/posts\/69778"}],"collection":[{"href":"https:\/\/www.medellin.gov.co\/es\/wp-json\/wp\/v2\/posts"}],"about":[{"href":"https:\/\/www.medellin.gov.co\/es\/wp-json\/wp\/v2\/types\/post"}],"author":[{"embeddable":true,"href":"https:\/\/www.medellin.gov.co\/es\/wp-json\/wp\/v2\/users\/1"}],"replies":[{"embeddable":true,"href":"https:\/\/www.medellin.gov.co\/es\/wp-json\/wp\/v2\/comments?post=69778"}],"version-history":[{"count":0,"href":"https:\/\/www.medellin.gov.co\/es\/wp-json\/wp\/v2\/posts\/69778\/revisions"}],"wp:featuredmedia":[{"embeddable":true,"href":"https:\/\/www.medellin.gov.co\/es\/wp-json\/wp\/v2\/media\/69781"}],"wp:attachment":[{"href":"https:\/\/www.medellin.gov.co\/es\/wp-json\/wp\/v2\/media?parent=69778"}],"wp:term":[{"taxonomy":"category","embeddable":true,"href":"https:\/\/www.medellin.gov.co\/es\/wp-json\/wp\/v2\/categories?post=69778"},{"taxonomy":"post_tag","embeddable":true,"href":"https:\/\/www.medellin.gov.co\/es\/wp-json\/wp\/v2\/tags?post=69778"},{"taxonomy":"formato_nota","embeddable":true,"href":"https:\/\/www.medellin.gov.co\/es\/wp-json\/wp\/v2\/formato_nota?post=69778"},{"taxonomy":"programas_tax","embeddable":true,"href":"https:\/\/www.medellin.gov.co\/es\/wp-json\/wp\/v2\/programas_tax?post=69778"}],"curies":[{"name":"wp","href":"https:\/\/api.w.org\/{rel}","templated":true}]}}