{"id":69826,"date":"2022-04-25T00:00:00","date_gmt":"2022-04-25T05:00:00","guid":{"rendered":"https:\/\/www.medellin.gov.co\/es\/saladeprensa\/noticias\/mas-de-30-000-estudiantes-de-la-universidad-de-antioquia-se-beneficiaran-con-la-oferta-de-servicios-de-la-alcaldia-de-medellin\/"},"modified":"2022-04-25T00:00:00","modified_gmt":"2022-04-25T05:00:00","slug":"mas-de-30-000-estudiantes-de-la-universidad-de-antioquia-se-beneficiaran-con-la-oferta-de-servicios-de-la-alcaldia-de-medellin","status":"publish","type":"post","link":"https:\/\/www.medellin.gov.co\/es\/sala-de-prensa\/noticias\/mas-de-30-000-estudiantes-de-la-universidad-de-antioquia-se-beneficiaran-con-la-oferta-de-servicios-de-la-alcaldia-de-medellin\/","title":{"rendered":"M\u00e1s de 30.000 estudiantes de la Universidad de Antioquia se beneficiar\u00e1n con la oferta de servicios de la Alcald\u00eda de Medell\u00edn"},"content":{"rendered":"<div class=\"wrap contenido\">\n<div class=\"noticia\">\n<div class=\"imagen\">\n<div class=\"divContImageNoticia input_plantilla input_background\" data-input=\"fotografia\" ruta=\"\/galerias\/Imagenes\/Galer\u00eda d\u00eda a d\u00eda 2022\/500_400\/20220425-oferta-de-servicios-1.jpg\" fotografo=\"Foto Alcald\u00eda de Medell\u00edn\" descripcion=\"M\u00e1s de 30.000 estudiantes de la Universidad de Antioquia se beneficiar\u00e1n con la oferta de servicios de la Alcald\u00eda de Medell\u00edn. \" style=\"background-image:url('\/irj\/go\/km\/docs\/galerias\/Imagenes\/Galer\u00eda d\u00eda a d\u00eda 2022\/500_400\/20220425-oferta-de-servicios-1.jpg')\"><\/div>\n<p class=\"pMetaDesc\">Foto: M\u00e1s de 30.000 estudiantes de la Universidad de Antioquia se beneficiar\u00e1n con la oferta de servicios de la Alcald\u00eda de Medell\u00edn. <\/p>\n<p class=\"pMetaFotografo\">Fot\u00f3grafo: Foto Alcald\u00eda de Medell\u00edn<\/p>\n<\/div>\n<p class=\"fecha\"><span class=\"input_plantilla input_text\" data-input=\"fecha\">2022-04-25<\/span><\/p>\n<h1 itemprop=\"name\" class=\"input_plantilla input_text\" data-input=\"titulo\">M\u00e1s de 30.000 estudiantes de la Universidad de Antioquia se beneficiar\u00e1n con la oferta de servicios de la Alcald\u00eda de Medell\u00edn<\/h1>\n<h5 class=\"input_plantilla input_text\" data-input=\"autor\">Por Juli\u00e1n Piedrah\u00edta<\/h5>\n<div class=\"cuerpo input_plantilla input_area\" data-input=\"contenido\">\n<p>.: Durante el a\u00f1o 2021, un total de 33.314 personas de la ciudad se beneficiaron con los servicios de los Centros Integrales de Familia -CIF.<\/p>\n<p>.: Este espacio estar\u00e1 disponible para estudiantes y profesores, los martes desde mediod\u00eda y hasta las 5:00 p. m. y los viernes desde las 8:00 a. m. y hasta mediod\u00eda, en el bloque 22, piso 1, consultorio 4.<\/p>\n<p>.: Medell\u00edn cuenta con 21 Centros Integrales de Familia en las 16 comunas y los cinco corregimientos y un punto de atenci\u00f3n adicional en la Plaza Minorista.<\/p>\n<p><a href=\"\/irj\/go\/km\/docs\/pccdesign\/medellin\/Temas\/InclusionSocial\/Noticias\/Shared Content\/Documentos\/2022\/20220425-oferta-de-servicios-01.mp3\" class=\"aContEnlace liMp3\" download=\"\" data-mce-href=\"\/irj\/go\/km\/docs\/pccdesign\/medellin\/Temas\/InclusionSocial\/Noticias\/Shared Content\/Documentos\/2022\/20220425-oferta-de-servicios-01.mp3\"><span>Palabras de Santiago Preciado, secretario de Inclusi\u00f3n Social, Familia y Derechos Humanos. <\/span><span>1251 Kb<\/span><\/a><\/p>\n<p>La Universidad de Antioquia cuenta ahora con un Centro Integral de Familia \u2013CIF itinerante, estrategia liderada por la Alcald\u00eda de Medell\u00edn que le apuesta al cuidado de la salud mental, al acercamiento de oportunidades de empleo y educaci\u00f3n, y a una serie de servicios con los que se beneficiar\u00e1n m\u00e1s de 30.000 estudiantes y profesores de esa instituci\u00f3n.&nbsp;<\/p>\n<p>La atenci\u00f3n ser\u00e1 los martes desde el mediod\u00eda y hasta las 5:00 p. m., y los viernes desde las 8:00 a. m. hasta mediod\u00eda, en el bloque 22, consultorio 4 del primer piso de la sede principal de la universidad.&nbsp;<\/p>\n<p><em>\u201cSabemos que la densidad de la ciudad a veces no permite que las personas se desplacen en su comuna a un CIF.&nbsp; Es por eso que, como lo hicimos en La Minorista, ahora estamos inaugurando un nuevo punto de atenci\u00f3n itinerante en la Universidad de Antioquia. All\u00ed, los estudiantes y la poblaci\u00f3n flotante, es decir, cerca de 50.000 personas, podr\u00e1n encontrar toda la oferta de la Alcald\u00eda de Medell\u00edn para complementar los servicios que la universidad les brinda\u201d,<\/em> expres\u00f3 el secretario de Inclusi\u00f3n Social, Familia y Derechos Humanos, Santiago Preciado Gallego.&nbsp;<\/p>\n<p>Tambi\u00e9n, a trav\u00e9s de esta estrategia, se acerca la oferta institucional de la Administraci\u00f3n Municipal en aspectos como identificaci\u00f3n, ingresos y trabajo, nutrici\u00f3n, salud, acceso a la justicia, din\u00e1mica familiar, bancarizaci\u00f3n y ahorro.&nbsp;<\/p>\n<p><a href=\"https:\/\/www.medellin.gov.co\/irj\/go\/km\/docs\/galerias\/Imagenes\/Galer%C3%ADa%20d%C3%ADa%20a%20d%C3%ADa%202022\/20220425-oferta-de-servicios-2.jpg\" target=\"_blank\" rel=\"noopener\" data-mce-href=\"https:\/\/www.medellin.gov.co\/irj\/go\/km\/docs\/galerias\/Imagenes\/Galer%C3%ADa%20d%C3%ADa%20a%20d%C3%ADa%202022\/20220425-oferta-de-servicios-2.jpg\"><img src=\"https:\/\/www.medellin.gov.co\/irj\/go\/km\/docs\/galerias\/Imagenes\/Galer%C3%ADa%20d%C3%ADa%20a%20d%C3%ADa%202022\/1000_450\/20220425-oferta-de-servicios-2.jpg\" alt=\"\" width=\"100%\" data-mce-src=\"https:\/\/www.medellin.gov.co\/irj\/go\/km\/docs\/galerias\/Imagenes\/Galer%C3%ADa%20d%C3%ADa%20a%20d%C3%ADa%202022\/1000_450\/20220425-oferta-de-servicios-2.jpg\"><\/a><\/p>\n<p><em>\u201cMe parece muy importante que la Alcald\u00eda de Medell\u00edn se articule con la universidad para que puedan brindar, en este espacio, diferentes ofertas, entre ellas, el programa de salud mental, que es elemental, pues en la universidad nos mantenemos mucho tiempo y no nos podemos desplazar\u201d, <\/em>dijo Daniela Arag\u00f3n Granda, estudiante de Administraci\u00f3n de Empresas de la Universidad de Antioquia.&nbsp;&nbsp;<\/p>\n<p>Medell\u00edn cuenta con 21 Centros Integrales de Familia en las 16 comunas y los cinco corregimientos y un punto de atenci\u00f3n adicional en la Plaza Minorista dirigido, especialmente, a los comerciantes y sus familias.&nbsp;<\/p>\n<p>Durante el a\u00f1o 2021, un total de 33.314 personas se beneficiaron con acompa\u00f1amiento psicosocial y acercamiento de oportunidades a trav\u00e9s de los Centros Integrales de Familia.&nbsp;<\/p>\n<p>Las direcciones y l\u00edneas telef\u00f3nicas de los CIF distribuidos en la ciudad, se pueden encontrar en <strong><span style=\"color: #3377ff;\" data-mce-style=\"color: #3377ff;\"><a href=\"https:\/\/www.medellin.gov.co\/\" target=\"_blank\" style=\"color: #3377ff;\" rel=\"noopener\" data-mce-href=\"https:\/\/www.medellin.gov.co\/\" data-mce-style=\"color: #3377ff;\">www.medell\u00edn.gov.co<\/a><\/span><\/strong>.<\/p>\n<\/div>\n<div class=\"compartir\">Compartir en:<a title=\"\" href=\"http:\/\/www.facebook.com\/share.php?u=\" class=\"btCompartirFacebook btCompartir\" target=\"_blank\" rel=\"noopener\"><\/a><a title=\"\" href=\"http:\/\/twitter.com\/home?status=Haz%20clic%20para%20ver%20esta%20noticia%20en%20\" class=\"btCompartirTwitter btCompartir\"><\/a><a title=\"\" href=\"whatsapp:\/\/send?text=Haz%20clic%20para%20ver%20esta%20noticia%20en%20\" class=\"btCompartirWa btCompartir\"><\/a><\/div>\n<\/div>\n<p><script>try{comprobarImagen();fixBtnRedes();hitsMedellin();}catch(e){}<\/script><\/div>\n","protected":false},"excerpt":{"rendered":"<p>Foto: M\u00e1s de 30.000 estudiantes de la Universidad de Antioquia se beneficiar\u00e1n con la oferta de servicios de la Alcald\u00eda de Medell\u00edn. Fot\u00f3grafo: Foto Alcald\u00eda de Medell\u00edn 2022-04-25 M\u00e1s de 30.000 estudiantes de la Universidad &#8230;<\/p>\n","protected":false},"author":1,"featured_media":69829,"comment_status":"open","ping_status":"open","sticky":false,"template":"","format":"standard","meta":[],"categories":[1],"tags":[431,453],"formato_nota":[],"programas_tax":[],"acf":[],"_links":{"self":[{"href":"https:\/\/www.medellin.gov.co\/es\/wp-json\/wp\/v2\/posts\/69826"}],"collection":[{"href":"https:\/\/www.medellin.gov.co\/es\/wp-json\/wp\/v2\/posts"}],"about":[{"href":"https:\/\/www.medellin.gov.co\/es\/wp-json\/wp\/v2\/types\/post"}],"author":[{"embeddable":true,"href":"https:\/\/www.medellin.gov.co\/es\/wp-json\/wp\/v2\/users\/1"}],"replies":[{"embeddable":true,"href":"https:\/\/www.medellin.gov.co\/es\/wp-json\/wp\/v2\/comments?post=69826"}],"version-history":[{"count":0,"href":"https:\/\/www.medellin.gov.co\/es\/wp-json\/wp\/v2\/posts\/69826\/revisions"}],"wp:featuredmedia":[{"embeddable":true,"href":"https:\/\/www.medellin.gov.co\/es\/wp-json\/wp\/v2\/media\/69829"}],"wp:attachment":[{"href":"https:\/\/www.medellin.gov.co\/es\/wp-json\/wp\/v2\/media?parent=69826"}],"wp:term":[{"taxonomy":"category","embeddable":true,"href":"https:\/\/www.medellin.gov.co\/es\/wp-json\/wp\/v2\/categories?post=69826"},{"taxonomy":"post_tag","embeddable":true,"href":"https:\/\/www.medellin.gov.co\/es\/wp-json\/wp\/v2\/tags?post=69826"},{"taxonomy":"formato_nota","embeddable":true,"href":"https:\/\/www.medellin.gov.co\/es\/wp-json\/wp\/v2\/formato_nota?post=69826"},{"taxonomy":"programas_tax","embeddable":true,"href":"https:\/\/www.medellin.gov.co\/es\/wp-json\/wp\/v2\/programas_tax?post=69826"}],"curies":[{"name":"wp","href":"https:\/\/api.w.org\/{rel}","templated":true}]}}