{"id":69847,"date":"2022-04-24T00:00:00","date_gmt":"2022-04-24T05:00:00","guid":{"rendered":"https:\/\/www.medellin.gov.co\/es\/saladeprensa\/noticias\/mas-de-7-900-personas-se-han-formado-en-prevencion-de-violencias-sexuales\/"},"modified":"2022-04-24T00:00:00","modified_gmt":"2022-04-24T05:00:00","slug":"mas-de-7-900-personas-se-han-formado-en-prevencion-de-violencias-sexuales","status":"publish","type":"post","link":"https:\/\/www.medellin.gov.co\/es\/sala-de-prensa\/noticias\/mas-de-7-900-personas-se-han-formado-en-prevencion-de-violencias-sexuales\/","title":{"rendered":"M\u00e1s de 7.900 personas se han formado en prevenci\u00f3n de violencias sexuales"},"content":{"rendered":"<div class=\"wrap contenido\">\n<div class=\"noticia\">\n<div class=\"imagen\">\n<div class=\"divContImageNoticia input_plantilla input_background\" data-input=\"fotografia\" ruta=\"\/galerias\/Imagenes\/Galer\u00eda d\u00eda a d\u00eda 2022\/500_400\/20220424_prevencionviolencias-_sexuales.jpg\" fotografo=\"Foto Alcald\u00eda de Medell\u00edn\" descripcion=\"Formaci\u00f3n en prevenci\u00f3n de violencias sexuales.\" style=\"background-image:url('\/irj\/go\/km\/docs\/galerias\/Imagenes\/Galer\u00eda d\u00eda a d\u00eda 2022\/500_400\/20220424_prevencionviolencias-_sexuales.jpg')\"><\/div>\n<p class=\"pMetaDesc\">Foto: Formaci\u00f3n en prevenci\u00f3n de violencias sexuales.<\/p>\n<p class=\"pMetaFotografo\">Fot\u00f3grafo: Foto Alcald\u00eda de Medell\u00edn<\/p>\n<\/div>\n<p class=\"fecha\"><span class=\"input_plantilla input_text\" data-input=\"fecha\">2022-04-24<\/span><\/p>\n<h1 itemprop=\"name\" class=\"input_plantilla input_text\" data-input=\"titulo\">M\u00e1s de 7.900 personas se han formado en prevenci\u00f3n de violencias sexuales<\/h1>\n<h5 class=\"input_plantilla input_text\" data-input=\"autor\">Por Juli\u00e1n Piedrah\u00edta<\/h5>\n<div class=\"cuerpo input_plantilla input_area\" data-input=\"contenido\">\n<p>:: 2.332 ni\u00f1os, ni\u00f1as, y adolescentes victimas de violencia sexual, y sus familias, han sido atendidos en el programa de atenci\u00f3n integral.<br \/>:: La magia de jugar es sanar activa la ruta en justicia, protecci\u00f3n y salud para las ni\u00f1as, ni\u00f1os y adolescentes v\u00edctimas de violencias sexuales.<br \/>:: Se busca que madres, padres y cuidadores vean el juego como una herramienta de transformaci\u00f3n y sanaci\u00f3n dentro y fuera de sus hogares.&nbsp;<\/p>\n<p>La magia de jugar es sanar es un proyecto de la Alcald\u00eda de Medell\u00edn que ofrece atenci\u00f3n integral y humanizada, a trav\u00e9s del juego y la l\u00fadica, a ni\u00f1as, ni\u00f1os y adolescentes v\u00edctimas de violencias sexuales y a sus familias. Desde el 2020 esta iniciativa ha beneficiado a 7.980 actores responsables y corresponsables con formaci\u00f3n de prevenci\u00f3n de este tipo de violencia.&nbsp;<\/p>\n<p>Se han desarrollado encuentros y capacitaciones en centros educativos, instituciones de salud y otras dependencias abordando temas como los derechos y deberes de &nbsp;ni\u00f1as, ni\u00f1os y adolescentes, embarazo adolescente y dem\u00e1s temas para su bienestar. Se busca que se generen entornos de cuidado en familia, cuidado del cuerpo y se aprenda de autoprotecci\u00f3n por medio de la l\u00fadica y la pedagog\u00eda.&nbsp;<\/p>\n<p>\u201cEste proyecto es uno de los m\u00e1s importantes que tenemos. No solo atendemos a ni\u00f1as, ni\u00f1os y adolescentes v\u00edctimas de violencias sexuales, sino tambi\u00e9n a sus familias y sus entornos protectores. Desde la magia de jugar es sanar realizamos jornadas de promoci\u00f3n y prevenci\u00f3n, en las que, a trav\u00e9s del juego, generamos estrategias de cuidado y prevenci\u00f3n de vulneraciones a la ni\u00f1ez y adolescencia de la ciudad\u201d, expres\u00f3 el secretario de Inclusi\u00f3n Social, Familia y Derechos Humanos, Santiago Preciado.<\/p>\n<p>Desde 2020 y hasta la fecha se han atendido en este programa a m\u00e1s de 2.332 victimas de violencia sexual entre ni\u00f1os, ni\u00f1as y sus familias, con espacios acordes a su edad y situaci\u00f3n espec\u00edfica.&nbsp;<\/p>\n<p>Este programa cuenta con procesos psicoterap\u00e9uticos bajo una atenci\u00f3n humanizada. Adicionalmente, los beneficiarios reciben un acompa\u00f1amiento especializado que se enfoca en la superaci\u00f3n del hecho victimizante y en llevar la oferta institucional a los entornos afectados. &nbsp;<\/p>\n<p>Con esta estrategia se definen actores corresponsables en el cuidado y protecci\u00f3n con componentes territoriales, sociales, articulaci\u00f3n institucional y participaci\u00f3n en diferentes espacios para prevenir las violencias sexuales, desnaturalizar este delito y hacer visible la ruta de atenci\u00f3n integral. &nbsp;&nbsp;<\/p>\n<p>Juan Sebasti\u00e1n Gaviria, estudiante de la Instituci\u00f3n Educativa Merceditas G\u00f3mez Mart\u00ednez, expres\u00f3 que le parece muy importante hablar de violencia sexual, pues ha visto muchos casos en los \u00faltimos d\u00edas y es importante que los colegios tengan herramientas de prevenci\u00f3n. En este espacio aprendi\u00f3 sobre delitos como sexting y grooming.&nbsp;<\/p>\n<p>La magia de jugar es sanar centraliza sus acciones en el Centro de atenci\u00f3n Integral a V\u00edctimas de Abuso Sexual (CAIVAS), donde se ofrece asistencia t\u00e9cnica y psicosocial para la atenci\u00f3n en crisis y acompa\u00f1amiento pedag\u00f3gico a ni\u00f1as, ni\u00f1os y adolescentes y sus familias. Quienes quieran ampliar informaci\u00f3n y conocer la oferta institucional pueden llamar al 5903108 o dirigirse a la carrera 44A # 31 \u2013 156, en el barrio perpetuo socorro.<\/p>\n<\/div>\n<div class=\"compartir\">Compartir en:<a title=\"\" href=\"http:\/\/www.facebook.com\/share.php?u=\" class=\"btCompartirFacebook btCompartir\" target=\"_blank\" rel=\"noopener\"><\/a><a title=\"\" href=\"http:\/\/twitter.com\/home?status=Haz%20clic%20para%20ver%20esta%20noticia%20en%20\" class=\"btCompartirTwitter btCompartir\"><\/a><a title=\"\" href=\"whatsapp:\/\/send?text=Haz%20clic%20para%20ver%20esta%20noticia%20en%20\" class=\"btCompartirWa btCompartir\"><\/a><\/div>\n<\/div>\n<p><script>try{comprobarImagen();fixBtnRedes();hitsMedellin();}catch(e){}<\/script><\/div>\n","protected":false},"excerpt":{"rendered":"<p>Foto: Formaci\u00f3n en prevenci\u00f3n de violencias sexuales. Fot\u00f3grafo: Foto Alcald\u00eda de Medell\u00edn 2022-04-24 M\u00e1s de 7.900 personas se han formado en prevenci\u00f3n de violencias sexuales Por Juli\u00e1n Piedrah\u00edta :: 2.332 ni\u00f1os, ni\u00f1as, y adolescentes victimas &#8230;<\/p>\n","protected":false},"author":1,"featured_media":69850,"comment_status":"open","ping_status":"open","sticky":false,"template":"","format":"standard","meta":[],"categories":[1],"tags":[451,435,452],"formato_nota":[],"programas_tax":[],"acf":[],"_links":{"self":[{"href":"https:\/\/www.medellin.gov.co\/es\/wp-json\/wp\/v2\/posts\/69847"}],"collection":[{"href":"https:\/\/www.medellin.gov.co\/es\/wp-json\/wp\/v2\/posts"}],"about":[{"href":"https:\/\/www.medellin.gov.co\/es\/wp-json\/wp\/v2\/types\/post"}],"author":[{"embeddable":true,"href":"https:\/\/www.medellin.gov.co\/es\/wp-json\/wp\/v2\/users\/1"}],"replies":[{"embeddable":true,"href":"https:\/\/www.medellin.gov.co\/es\/wp-json\/wp\/v2\/comments?post=69847"}],"version-history":[{"count":0,"href":"https:\/\/www.medellin.gov.co\/es\/wp-json\/wp\/v2\/posts\/69847\/revisions"}],"wp:featuredmedia":[{"embeddable":true,"href":"https:\/\/www.medellin.gov.co\/es\/wp-json\/wp\/v2\/media\/69850"}],"wp:attachment":[{"href":"https:\/\/www.medellin.gov.co\/es\/wp-json\/wp\/v2\/media?parent=69847"}],"wp:term":[{"taxonomy":"category","embeddable":true,"href":"https:\/\/www.medellin.gov.co\/es\/wp-json\/wp\/v2\/categories?post=69847"},{"taxonomy":"post_tag","embeddable":true,"href":"https:\/\/www.medellin.gov.co\/es\/wp-json\/wp\/v2\/tags?post=69847"},{"taxonomy":"formato_nota","embeddable":true,"href":"https:\/\/www.medellin.gov.co\/es\/wp-json\/wp\/v2\/formato_nota?post=69847"},{"taxonomy":"programas_tax","embeddable":true,"href":"https:\/\/www.medellin.gov.co\/es\/wp-json\/wp\/v2\/programas_tax?post=69847"}],"curies":[{"name":"wp","href":"https:\/\/api.w.org\/{rel}","templated":true}]}}