{"id":69925,"date":"2022-04-21T00:00:00","date_gmt":"2022-04-21T05:00:00","guid":{"rendered":"https:\/\/www.medellin.gov.co\/es\/saladeprensa\/noticias\/la-red-de-escuelas-de-musica-de-medellin-presenta-su-primer-concierto-de-temporada-imagenes-de-ciudad\/"},"modified":"2022-04-21T00:00:00","modified_gmt":"2022-04-21T05:00:00","slug":"la-red-de-escuelas-de-musica-de-medellin-presenta-su-primer-concierto-de-temporada-imagenes-de-ciudad","status":"publish","type":"post","link":"https:\/\/www.medellin.gov.co\/es\/sala-de-prensa\/noticias\/la-red-de-escuelas-de-musica-de-medellin-presenta-su-primer-concierto-de-temporada-imagenes-de-ciudad\/","title":{"rendered":"La Red de Escuelas de M\u00fasica de Medell\u00edn presenta su primer Concierto de Temporada: \u201cIm\u00e1genes de ciudad\u201d"},"content":{"rendered":"<div class=\"wrap contenido\">\n<div class=\"noticia\">\n<div class=\"imagen\">\n<div class=\"divContImageNoticia input_plantilla input_background\" data-input=\"fotografia\" ruta=\"\/galerias\/Imagenes\/Galer\u00eda d\u00eda a d\u00eda 2022\/500_400\/20220421-red-escuelas-1.jpg\" fotografo=\"Foto Alcald\u00eda de Medell\u00edn\" descripcion=\"La Red de Escuelas de M\u00fasica de Medell\u00edn presenta su primer Concierto de Temporada: \u201cIm\u00e1genes de ciudad\u201d. \" style=\"background-image:url('\/irj\/go\/km\/docs\/galerias\/Imagenes\/Galer\u00eda d\u00eda a d\u00eda 2022\/500_400\/20220421-red-escuelas-1.jpg')\"><\/div>\n<p class=\"pMetaDesc\">Foto: La Red de Escuelas de M\u00fasica de Medell\u00edn presenta su primer Concierto de Temporada: \u201cIm\u00e1genes de ciudad\u201d. <\/p>\n<p class=\"pMetaFotografo\">Fot\u00f3grafo: Foto Alcald\u00eda de Medell\u00edn<\/p>\n<\/div>\n<p class=\"fecha\"><span class=\"input_plantilla input_text\" data-input=\"fecha\">2022-04-21<\/span><\/p>\n<h1 itemprop=\"name\" class=\"input_plantilla input_text\" data-input=\"titulo\">La Red de Escuelas de M\u00fasica de Medell\u00edn presenta su primer Concierto de Temporada: \u201cIm\u00e1genes de ciudad\u201d <\/h1>\n<h5 class=\"input_plantilla input_text\" data-input=\"autor\">Por Nidia Stella Escobar Cruz<\/h5>\n<div class=\"cuerpo input_plantilla input_area\" data-input=\"contenido\">\n<p>.: El aforo ser\u00e1 del 100 % en el Teatro de la Universidad de Medell\u00edn y se espera contar con 1.700 asistentes.&nbsp;<\/p>\n<p>.: La Banda Sinf\u00f3nica Juvenil est\u00e1 integrada por 90 participantes de diferentes escuelas.&nbsp;<\/p>\n<p>.: \u201cIm\u00e1genes de ciudad\u201d es un escenario para compartir c\u00f3mo los ni\u00f1os, ni\u00f1as y j\u00f3venes comprenden la urbe y c\u00f3mo la m\u00fasica transforma los territorios.&nbsp;<\/p>\n<p><a href=\"\/irj\/go\/km\/docs\/pccdesign\/medellin\/Temas\/Cultura\/Noticias\/Shared Content\/Documentos\/2022\/20220421-red-escuelas-01.mp3\" class=\"aContEnlace liMp3\" download=\"\" data-mce-href=\"\/irj\/go\/km\/docs\/pccdesign\/medellin\/Temas\/Cultura\/Noticias\/Shared Content\/Documentos\/2022\/20220421-red-escuelas-01.mp3\"><span>Palabras de \u00c1lvaro Narv\u00e1ez, secretario de Cultura Ciudadana. <\/span><span>952 Kb<\/span><\/a><\/p>\n<p>Este lunes 25 de abril el Teatro de la Universidad de Medell\u00edn se llenar\u00e1 desde las 7:00 p. m. con <em>\u201cIm\u00e1genes de ciudad\u201d<\/em>, construidas con la interpretaci\u00f3n musical de 90 ni\u00f1os, ni\u00f1as y j\u00f3venes de la Banda Sinf\u00f3nica Juvenil. Se trata del primer Concierto de Temporada de la Red de Escuelas de M\u00fasica de Medell\u00edn para 2022, en el que unas 1.700 personas disfrutar\u00e1n de esta presentaci\u00f3n a trav\u00e9s de las visiones de ciudad de los estudiantes y del director de la banda.<\/p>\n<p>Ese d\u00eda, a partir de las 6:00 p. m. en el hall del teatro, se llevar\u00e1 a cabo un conversatorio para conocer la Red de Escuelas de M\u00fasica y sus procesos pedag\u00f3gicos.<\/p>\n<p><em>\u201cLlegamos a cumplir 20 a\u00f1os en la alianza con el Teatro de la Universidad de Medell\u00edn para llevar la transformaci\u00f3n educativa y social a los diferentes territorios. Los invitamos a que participen, a que se inscriban, y a que el 25 nos encontremos en el teatro de la Universidad de Medell\u00edn para seguir moviendo la Red de Escuelas de M\u00fasica, para seguir moviendo la cultura<\/em>\u201d, expres\u00f3 el secretario de Cultura Ciudadana, \u00c1lvaro Narv\u00e1ez D\u00edaz.<\/p>\n<p>Dicha alianza comprende el pr\u00e9stamo del teatro universitario para realizar el concierto, evento insignia de la red. De esta manera se reconoce la importancia de los escenarios de participaci\u00f3n que se crean para la ciudadan\u00eda cuando se unen lo p\u00fablico y lo privado para impulsar la cultura y fomentar los proyectos de vida alrededor del arte.<\/p>\n<p>Este a\u00f1o, la red realizar\u00e1 nueve conciertos de Temporada, a trav\u00e9s de los cuales compartir\u00e1 diferentes g\u00e9neros musicales y ofrecer\u00e1 a los integrantes la posibilidad de mostrar en un escenario p\u00fablico la transformaci\u00f3n que la m\u00fasica ha tra\u00eddo a sus vidas.<\/p>\n<p><a href=\"https:\/\/www.medellin.gov.co\/irj\/go\/km\/docs\/galerias\/Imagenes\/Galer%C3%ADa%20d%C3%ADa%20a%20d%C3%ADa%202022\/20220421-red-escuelas-2.jpg\" target=\"_blank\" rel=\"noopener\" data-mce-href=\"https:\/\/www.medellin.gov.co\/irj\/go\/km\/docs\/galerias\/Imagenes\/Galer%C3%ADa%20d%C3%ADa%20a%20d%C3%ADa%202022\/20220421-red-escuelas-2.jpg\"><img src=\"https:\/\/www.medellin.gov.co\/irj\/go\/km\/docs\/galerias\/Imagenes\/Galer%C3%ADa%20d%C3%ADa%20a%20d%C3%ADa%202022\/1000_450\/20220421-red-escuelas-2.jpg\" alt=\"\" width=\"100%\" data-mce-src=\"https:\/\/www.medellin.gov.co\/irj\/go\/km\/docs\/galerias\/Imagenes\/Galer%C3%ADa%20d%C3%ADa%20a%20d%C3%ADa%202022\/1000_450\/20220421-red-escuelas-2.jpg\"><\/a><\/p>\n<p>Cerca de 6.000 ni\u00f1os, ni\u00f1as y j\u00f3venes hacen parte de este proyecto y en 2022 realizar\u00e1n 15 conciertos mensuales en distintos escenarios en articulaci\u00f3n con otras entidades p\u00fablicas y privadas de la ciudad como la Casa de la&nbsp; M\u00fasica en estaciones del Metro de Medell\u00edn, el Centro Comercial San Diego, el Teatro Universidad de Medell\u00edn, entre otros.<\/p>\n<p>\u201c<em>La experiencia de los conciertos de temporada me parece muy enriquecedora para mi proceso musical, para mi crecimiento como persona, porque comparto con otros m\u00fasicos y ellos me ayudan a crecer tambi\u00e9n. Estos conciertos son muy importantes, porque nos ayudan a enriquecer la cultura. Escuchamos otro tipo de m\u00fasica y es muy ch\u00e9vere<\/em>\u201d, dijo Sara Mell\u00e1n Cano, participante de la Banda Sinf\u00f3nica Juvenil.<\/p>\n<p>La Alcald\u00eda de Medell\u00edn invita a todos los ciudadanos a este primer espect\u00e1culo para ser testigos de este proyecto de formaci\u00f3n. El concierto ser\u00e1 con entrada libre con inscripci\u00f3n a trav\u00e9s del siguiente enlace: <span><a href=\"https:\/\/bit.ly\/3vwE84e\" target=\"_blank\" rel=\"noopener\" data-mce-href=\"https:\/\/bit.ly\/3vwE84e\">https:\/\/bit.ly\/3vwE84e<\/a><\/span>.&nbsp;&nbsp;<\/p>\n<p>Las presentaciones musicales no solo enriquecen la cultura, sino que hacen parte de un proceso personal en el que se garantiza a los estudiantes la posibilidad de desarrollar sus habilidades, para formar ciudadanos en valores de paz y convivencia desde el respeto y la innovaci\u00f3n.<\/p>\n<\/div>\n<div class=\"compartir\">Compartir en:<a title=\"\" href=\"http:\/\/www.facebook.com\/share.php?u=\" class=\"btCompartirFacebook btCompartir\" target=\"_blank\" rel=\"noopener\"><\/a><a title=\"\" href=\"http:\/\/twitter.com\/home?status=Haz%20clic%20para%20ver%20esta%20noticia%20en%20\" class=\"btCompartirTwitter btCompartir\"><\/a><a title=\"\" href=\"whatsapp:\/\/send?text=Haz%20clic%20para%20ver%20esta%20noticia%20en%20\" class=\"btCompartirWa btCompartir\"><\/a><\/div>\n<\/div>\n<p><script>try{comprobarImagen();fixBtnRedes();hitsMedellin();}catch(e){}<\/script><\/div>\n","protected":false},"excerpt":{"rendered":"<p>Foto: La Red de Escuelas de M\u00fasica de Medell\u00edn presenta su primer Concierto de Temporada: \u201cIm\u00e1genes de ciudad\u201d. Fot\u00f3grafo: Foto Alcald\u00eda de Medell\u00edn 2022-04-21 La Red de Escuelas de M\u00fasica de Medell\u00edn presenta su primer &#8230;<\/p>\n","protected":false},"author":1,"featured_media":69931,"comment_status":"open","ping_status":"open","sticky":false,"template":"","format":"standard","meta":[],"categories":[31],"tags":[444,428],"formato_nota":[],"programas_tax":[],"acf":[],"_links":{"self":[{"href":"https:\/\/www.medellin.gov.co\/es\/wp-json\/wp\/v2\/posts\/69925"}],"collection":[{"href":"https:\/\/www.medellin.gov.co\/es\/wp-json\/wp\/v2\/posts"}],"about":[{"href":"https:\/\/www.medellin.gov.co\/es\/wp-json\/wp\/v2\/types\/post"}],"author":[{"embeddable":true,"href":"https:\/\/www.medellin.gov.co\/es\/wp-json\/wp\/v2\/users\/1"}],"replies":[{"embeddable":true,"href":"https:\/\/www.medellin.gov.co\/es\/wp-json\/wp\/v2\/comments?post=69925"}],"version-history":[{"count":0,"href":"https:\/\/www.medellin.gov.co\/es\/wp-json\/wp\/v2\/posts\/69925\/revisions"}],"wp:featuredmedia":[{"embeddable":true,"href":"https:\/\/www.medellin.gov.co\/es\/wp-json\/wp\/v2\/media\/69931"}],"wp:attachment":[{"href":"https:\/\/www.medellin.gov.co\/es\/wp-json\/wp\/v2\/media?parent=69925"}],"wp:term":[{"taxonomy":"category","embeddable":true,"href":"https:\/\/www.medellin.gov.co\/es\/wp-json\/wp\/v2\/categories?post=69925"},{"taxonomy":"post_tag","embeddable":true,"href":"https:\/\/www.medellin.gov.co\/es\/wp-json\/wp\/v2\/tags?post=69925"},{"taxonomy":"formato_nota","embeddable":true,"href":"https:\/\/www.medellin.gov.co\/es\/wp-json\/wp\/v2\/formato_nota?post=69925"},{"taxonomy":"programas_tax","embeddable":true,"href":"https:\/\/www.medellin.gov.co\/es\/wp-json\/wp\/v2\/programas_tax?post=69925"}],"curies":[{"name":"wp","href":"https:\/\/api.w.org\/{rel}","templated":true}]}}