{"id":77852,"date":"2022-07-25T20:34:29","date_gmt":"2022-07-26T01:34:29","guid":{"rendered":"https:\/\/www.medellin.gov.co\/es\/?p=77852"},"modified":"2022-07-25T20:34:29","modified_gmt":"2022-07-26T01:34:29","slug":"cierres-viales-en-la-4-sur-y-la-macarena-para-facilitar-el-desarrollo-de-colombiamoda","status":"publish","type":"post","link":"https:\/\/www.medellin.gov.co\/es\/sala-de-prensa\/noticias\/cierres-viales-en-la-4-sur-y-la-macarena-para-facilitar-el-desarrollo-de-colombiamoda\/","title":{"rendered":"Cierres viales en la 4 Sur y la Macarena para facilitar el desarrollo de Colombiamoda"},"content":{"rendered":"<ul>\n<li>Este martes, 26 de julio, la calzada norte del puente vehicular Gilberto Echeverri Mej\u00eda tendr\u00e1 cierre parcial desde las 7:00 a. m. y cierre total desde las 8:00 p. m.<\/li>\n<li>El 28 de julio se realizar\u00e1 el cierre parcial de un carril de la ciclov\u00eda en la Autopista Sur a la altura de la Macarena.<\/li>\n<\/ul>\n<!--[if lt IE 9]><script>document.createElement('audio');<\/script><![endif]-->\n\t<div class=\"wp-playlist wp-audio-playlist wp-playlist-light\">\n\t\t\t<div class=\"wp-playlist-current-item\"><\/div>\n\t\t<audio controls=\"controls\" preload=\"none\" width=\"640\"\n\t\t\t><\/audio>\n\t<div class=\"wp-playlist-next\"><\/div>\n\t<div class=\"wp-playlist-prev\"><\/div>\n\t<noscript>\n\t<ol>\n\t\t<li><a href='https:\/\/www.medellin.gov.co\/es\/wp-content\/uploads\/2022\/07\/Cierres-Viales-Colombiamoda-01.mp3'>Palabras de V\u00edctor Cerro, supervisor de la Secretar\u00eda de Movilidad<\/a><\/li>\t<\/ol>\n\t<\/noscript>\n\t<script type=\"application\/json\" class=\"wp-playlist-script\">{\"type\":\"audio\",\"tracklist\":true,\"tracknumbers\":true,\"images\":true,\"artists\":true,\"tracks\":[{\"src\":\"https:\\\/\\\/www.medellin.gov.co\\\/es\\\/wp-content\\\/uploads\\\/2022\\\/07\\\/Cierres-Viales-Colombiamoda-01.mp3\",\"type\":\"audio\\\/mpeg\",\"title\":\"Palabras de V\\u00edctor Cerro, supervisor de la Secretar\\u00eda de Movilidad\",\"caption\":\"\",\"description\":\"\\u00abPalabras de V\\u00edctor Cerro, supervisor de la Secretar\\u00eda de Movilidad\\u00bb.\",\"meta\":{\"year\":\"2022\",\"length_formatted\":\"0:53\"},\"image\":{\"src\":\"https:\\\/\\\/www.medellin.gov.co\\\/es\\\/wp-includes\\\/images\\\/media\\\/audio.png\",\"width\":48,\"height\":64},\"thumb\":{\"src\":\"https:\\\/\\\/www.medellin.gov.co\\\/es\\\/wp-includes\\\/images\\\/media\\\/audio.png\",\"width\":48,\"height\":64}}]}<\/script>\n<\/div>\n\t\n<p>Con motivo de los desfiles de Colombiamoda, evento que se realizar\u00e1 en Medell\u00edn del 26 al 28 de julio, habr\u00e1 restricciones en dos puntos de la ciudad para facilitar el desarrollo de las pasarelas.<\/p>\n<p>El 26 de julio, la calle 4 Sur, entre las carreras 43C y 50C, sobre el puente vehicular Gilberto Echeverri Mej\u00eda (calzada norte), se cerrar\u00e1 parcialmente desde las 7:00 a. m. hasta las 8:00 p. m. Luego de esa hora y hasta las 2:00 a. m. del 27 de julio, el cierre ser\u00e1 total, con motivo del desfile True Colombia Moda.<\/p>\n<p>Durante el cierre parcial, el tr\u00e1nsito vehicular se garantizara\u0301 a trav\u00e9s de un carril habilitado al costado norte y se permitir\u00e1 el paso controlado con la regulaci\u00f3n y control de personal log\u00edstico del evento y los agentes de tr\u00e1nsito. \u201cPara ese cierre podemos utilizar v\u00edas alternas como Las Vegas, La Aguacatala y la calle 10\u201d, dijo el supervisor de la Secretar\u00eda de Movilidad, V\u00edctor Cerro.<\/p>\n<p>En la Autopista Sur (calzada oriental a la altura de La Macarena) tambi\u00e9n se presentar\u00e1n novedades este jueves 28 de julio, a partir de las 9:00 p. m., para el desarrollo del desfile Pasarela Tennis. All\u00ed se realizar\u00e1 el cierre parcial de un carril de la ciclov\u00eda desde el sector de Suramericana hasta el deprimido de Parques del R\u00edo sobre la calzada derecha.<\/p>\n<p>\u201c<em>La calzada occidental va a estar habilitada para la movilidad, igual todas las calles y podremos utilizar v\u00edas alternas como la Avenida Oriental, por ejemplo<\/em>\u201d, agreg\u00f3 el supervisor.<\/p>\n<p>La Secretar\u00eda de Movilidad invita a la ciudadan\u00eda a tener en cuenta las recomendaciones de los agentes para evitar congestiones mayores. As\u00ed mismo, se sugiere utilizar el transporte p\u00fablico para asistir a los eventos masivos programados durante la feria de moda y consultar los canales oficiales @sstmed para conocer el estado de las v\u00edas en tiempo real.<\/p>\n","protected":false},"excerpt":{"rendered":"<p>Este martes, 26 de julio, la calzada norte del puente vehicular Gilberto Echeverri Mej\u00eda tendr\u00e1 cierre parcial desde las 7:00 a. m. y cierre total desde las 8:00 p. m. El 28 de julio se &#8230;<\/p>\n","protected":false},"author":21,"featured_media":77663,"comment_status":"open","ping_status":"open","sticky":false,"template":"","format":"standard","meta":[],"categories":[3,14],"tags":[428,447,430],"formato_nota":[],"programas_tax":[],"acf":[],"_links":{"self":[{"href":"https:\/\/www.medellin.gov.co\/es\/wp-json\/wp\/v2\/posts\/77852"}],"collection":[{"href":"https:\/\/www.medellin.gov.co\/es\/wp-json\/wp\/v2\/posts"}],"about":[{"href":"https:\/\/www.medellin.gov.co\/es\/wp-json\/wp\/v2\/types\/post"}],"author":[{"embeddable":true,"href":"https:\/\/www.medellin.gov.co\/es\/wp-json\/wp\/v2\/users\/21"}],"replies":[{"embeddable":true,"href":"https:\/\/www.medellin.gov.co\/es\/wp-json\/wp\/v2\/comments?post=77852"}],"version-history":[{"count":1,"href":"https:\/\/www.medellin.gov.co\/es\/wp-json\/wp\/v2\/posts\/77852\/revisions"}],"predecessor-version":[{"id":77854,"href":"https:\/\/www.medellin.gov.co\/es\/wp-json\/wp\/v2\/posts\/77852\/revisions\/77854"}],"wp:featuredmedia":[{"embeddable":true,"href":"https:\/\/www.medellin.gov.co\/es\/wp-json\/wp\/v2\/media\/77663"}],"wp:attachment":[{"href":"https:\/\/www.medellin.gov.co\/es\/wp-json\/wp\/v2\/media?parent=77852"}],"wp:term":[{"taxonomy":"category","embeddable":true,"href":"https:\/\/www.medellin.gov.co\/es\/wp-json\/wp\/v2\/categories?post=77852"},{"taxonomy":"post_tag","embeddable":true,"href":"https:\/\/www.medellin.gov.co\/es\/wp-json\/wp\/v2\/tags?post=77852"},{"taxonomy":"formato_nota","embeddable":true,"href":"https:\/\/www.medellin.gov.co\/es\/wp-json\/wp\/v2\/formato_nota?post=77852"},{"taxonomy":"programas_tax","embeddable":true,"href":"https:\/\/www.medellin.gov.co\/es\/wp-json\/wp\/v2\/programas_tax?post=77852"}],"curies":[{"name":"wp","href":"https:\/\/api.w.org\/{rel}","templated":true}]}}