{"id":77855,"date":"2022-07-25T20:49:45","date_gmt":"2022-07-26T01:49:45","guid":{"rendered":"https:\/\/www.medellin.gov.co\/es\/?p=77855"},"modified":"2022-07-28T16:27:38","modified_gmt":"2022-07-28T21:27:38","slug":"la-nueva-medellin-joven-mas-cerca-de-todos","status":"publish","type":"post","link":"https:\/\/www.medellin.gov.co\/es\/sala-de-prensa\/noticias\/la-nueva-medellin-joven-mas-cerca-de-todos\/","title":{"rendered":"La nueva Medell\u00edn Joven, m\u00e1s cerca de todos"},"content":{"rendered":"<p>Con la revoluci\u00f3n digital muchas cosas han cambiado. Ahora las personas pueden acceder de una manera f\u00e1cil y r\u00e1pida a m\u00e1s informaci\u00f3n, pueden interactuar con ella, complementarla y apropiarse de \u00e9sta para crear algo de mayor beneficio. En todo esto, el rol de los j\u00f3venes es fundamental, pues son ellos quienes, al estar m\u00e1s familiarizados con la tecnolog\u00eda, podr\u00e1n aprovecharla para un mejor futuro. Por eso, desde la Secretar\u00eda de Juventud, se ha creado Medell\u00edn Joven, una plataforma especialmente para ellos y ellas y que, pr\u00f3ximamente, ser\u00e1 actualizada para brindar una mejor experiencia a la altura de las necesidades actuales.<\/p>\n<div id=\"attachment_22149\" style=\"width: 1034px\" class=\"wp-caption alignnone\"><a href=\"https:\/\/www.medellin.gov.co\/es\/wp-content\/uploads\/2021\/10\/clubes-juveniles-secretaria-juventud.jpg\"><img aria-describedby=\"caption-attachment-22149\" loading=\"lazy\" class=\"wp-image-22149 size-large\" title=\"Medell\u00edn Joven\" src=\"https:\/\/www.medellin.gov.co\/es\/wp-content\/uploads\/2021\/10\/clubes-juveniles-secretaria-juventud-1024x682.jpg\" alt=\"Clubes Juveniles- Secretar\u00eda de la Juventud\" width=\"1024\" height=\"682\" srcset=\"https:\/\/www.medellin.gov.co\/es\/wp-content\/uploads\/2021\/10\/clubes-juveniles-secretaria-juventud-1024x682.jpg 1024w, https:\/\/www.medellin.gov.co\/es\/wp-content\/uploads\/2021\/10\/clubes-juveniles-secretaria-juventud-300x200.jpg 300w, https:\/\/www.medellin.gov.co\/es\/wp-content\/uploads\/2021\/10\/clubes-juveniles-secretaria-juventud-150x100.jpg 150w, https:\/\/www.medellin.gov.co\/es\/wp-content\/uploads\/2021\/10\/clubes-juveniles-secretaria-juventud-768x512.jpg 768w, https:\/\/www.medellin.gov.co\/es\/wp-content\/uploads\/2021\/10\/clubes-juveniles-secretaria-juventud.jpg 1280w\" sizes=\"(max-width: 1024px) 100vw, 1024px\" \/><\/a><p id=\"caption-attachment-22149\" class=\"wp-caption-text\">Medell\u00edn Joven<\/p><\/div>\n<p>Medell\u00edn Joven surge en el a\u00f1o 2015, abriendo un lugar a las voces de los j\u00f3venes, que ped\u00edan un espacio donde encontrar oferta enfocada en ellos. Es a partir de esto que se inician conversaciones con los l\u00edderes juveniles de la ciudad y as\u00ed se crea esta plataforma, la cual consolida informaci\u00f3n de f\u00e1cil acceso, con pocos requisitos y, casi en su totalidad, gratuitas. Camilo Cuartas, coordinador de esta p\u00e1gina explica un poco m\u00e1s:<\/p>\n<blockquote><p>\u201c<em>Medell\u00edn Joven es una plataforma colaborativa que articula la oferta con enfoque de juventud para los j\u00f3venes de la ciudad del conglomerado p\u00fablico, privado, comunitario y acad\u00e9mico. Funciona como una plataforma de integraci\u00f3n donde se articulan aliados y se crea comunidad<\/em>\u201d.<\/p><\/blockquote>\n<p><a href=\"https:\/\/www.medellin.gov.co\/es\/wp-content\/uploads\/2022\/03\/20180827_Juventud-2.jpg\" target=\"_blank\" rel=\"noopener\"><img loading=\"lazy\" class=\"alignnone wp-image-58384 size-full\" title=\"Medell\u00edn Joven\" src=\"https:\/\/www.medellin.gov.co\/es\/wp-content\/uploads\/2022\/03\/20180827_Juventud-2.jpg\" alt=\"Medell\u00edn Joven\" width=\"1000\" height=\"450\" srcset=\"https:\/\/www.medellin.gov.co\/es\/wp-content\/uploads\/2022\/03\/20180827_Juventud-2.jpg 1000w, https:\/\/www.medellin.gov.co\/es\/wp-content\/uploads\/2022\/03\/20180827_Juventud-2-300x135.jpg 300w, https:\/\/www.medellin.gov.co\/es\/wp-content\/uploads\/2022\/03\/20180827_Juventud-2-150x68.jpg 150w, https:\/\/www.medellin.gov.co\/es\/wp-content\/uploads\/2022\/03\/20180827_Juventud-2-768x346.jpg 768w\" sizes=\"(max-width: 1000px) 100vw, 1000px\" \/><\/a><\/p>\n<p>Dentro de esta p\u00e1gina se pueden encontrar oportunidades como becas de estudio, oportunidades de empleo, opciones de entretenimiento, salud, orientaci\u00f3n, rehabilitaci\u00f3n, deporte y recreaci\u00f3n, emprendimiento y dem\u00e1s formas de vivir y habitar la ciudad. Con los a\u00f1os, estas opciones han ido creciendo y cada vez m\u00e1s j\u00f3venes acuden a ella, es por esto que, para la Semana de la Juventud, del 24 al 27 de agosto, se espera entregar nuevas actualizaciones.<\/p>\n<blockquote><p>\u00a0\u201c<em>Es hora de actualizar Medell\u00edn Joven, as\u00ed que, para agosto, la presentaremos con un redise\u00f1o web que se adapte a cualquier tipo de pantalla, tendr\u00e1 mejoras gr\u00e1ficas, mayor rapidez de carga y m\u00e1s<\/em>\u201d, cuenta Camilo Cuartas.<\/p><\/blockquote>\n<p>Adem\u00e1s, esta p\u00e1gina cobra fuerza debido a que es, en palabras de Camilo, \u201c<em>la columna vertebral de la Secretar\u00eda de la Juventud de la Alcald\u00eda de Medell\u00edn<\/em>\u201d, pues all\u00ed se publican todos los programas y proyectos de dicha dependencia.<\/p>\n<div id=\"attachment_77842\" style=\"width: 818px\" class=\"wp-caption alignnone\"><a href=\"https:\/\/www.medellin.gov.co\/es\/wp-content\/uploads\/2022\/07\/Medellin-Joven-1.png\" target=\"_blank\" rel=\"noopener\"><img aria-describedby=\"caption-attachment-77842\" loading=\"lazy\" class=\"wp-image-77842 size-full\" title=\"Convocatoria Medell\u00edn Joven\" src=\"https:\/\/www.medellin.gov.co\/es\/wp-content\/uploads\/2022\/07\/Medellin-Joven-1.png\" alt=\"Convocatoria Medell\u00edn Joven\" width=\"808\" height=\"808\" srcset=\"https:\/\/www.medellin.gov.co\/es\/wp-content\/uploads\/2022\/07\/Medellin-Joven-1.png 808w, https:\/\/www.medellin.gov.co\/es\/wp-content\/uploads\/2022\/07\/Medellin-Joven-1-300x300.png 300w, https:\/\/www.medellin.gov.co\/es\/wp-content\/uploads\/2022\/07\/Medellin-Joven-1-150x150.png 150w, https:\/\/www.medellin.gov.co\/es\/wp-content\/uploads\/2022\/07\/Medellin-Joven-1-768x768.png 768w\" sizes=\"(max-width: 808px) 100vw, 808px\" \/><\/a><p id=\"caption-attachment-77842\" class=\"wp-caption-text\">Convocatoria Medell\u00edn Joven<\/p><\/div>\n<p>Fuera de eso, en torno a Medell\u00edn Joven, surgen otras acciones como las actividades territoriales. Estas consisten en talleres de formaci\u00f3n, parches juveniles, actividades de articulaci\u00f3n, promoci\u00f3n de la oferta e inscripci\u00f3n de los j\u00f3venes para las diferentes actividades y programas del Distrito.<\/p>\n<p>Esta plataforma se consolida, entonces, como un espacio de y para las juventudes de la ciudad, donde podr\u00e1n disfrutar de oportunidades, pero tambi\u00e9n informarse en el Observatorio de Juventud y generar alertas de lo que pueda estar ocurriendo en su barrio o vereda. As\u00ed, se construye la Medell\u00edn Futuro que los j\u00f3venes sue\u00f1an.<\/p>\n<div id=\"attachment_77841\" style=\"width: 808px\" class=\"wp-caption alignnone\"><a href=\"https:\/\/www.medellin.gov.co\/es\/wp-content\/uploads\/2022\/07\/Medellin-Joven-2.png\" target=\"_blank\" rel=\"noopener\"><img aria-describedby=\"caption-attachment-77841\" loading=\"lazy\" class=\"wp-image-77841 size-full\" title=\"Convocatoria Medell\u00edn Joven\" src=\"https:\/\/www.medellin.gov.co\/es\/wp-content\/uploads\/2022\/07\/Medellin-Joven-2.png\" alt=\"Convocatoria Medell\u00edn Joven\" width=\"798\" height=\"480\" srcset=\"https:\/\/www.medellin.gov.co\/es\/wp-content\/uploads\/2022\/07\/Medellin-Joven-2.png 798w, https:\/\/www.medellin.gov.co\/es\/wp-content\/uploads\/2022\/07\/Medellin-Joven-2-300x180.png 300w, https:\/\/www.medellin.gov.co\/es\/wp-content\/uploads\/2022\/07\/Medellin-Joven-2-150x90.png 150w, https:\/\/www.medellin.gov.co\/es\/wp-content\/uploads\/2022\/07\/Medellin-Joven-2-768x462.png 768w\" sizes=\"(max-width: 798px) 100vw, 798px\" \/><\/a><p id=\"caption-attachment-77841\" class=\"wp-caption-text\">Convocatoria Medell\u00edn Joven<\/p><\/div>\n","protected":false},"excerpt":{"rendered":"<p>Con la revoluci\u00f3n digital muchas cosas han cambiado. Ahora las personas pueden acceder de una manera f\u00e1cil y r\u00e1pida a m\u00e1s informaci\u00f3n, pueden interactuar con ella, complementarla y apropiarse de \u00e9sta para crear algo de &#8230;<\/p>\n","protected":false},"author":21,"featured_media":59275,"comment_status":"open","ping_status":"open","sticky":false,"template":"","format":"standard","meta":[],"categories":[12],"tags":[455],"formato_nota":[],"programas_tax":[],"acf":[],"_links":{"self":[{"href":"https:\/\/www.medellin.gov.co\/es\/wp-json\/wp\/v2\/posts\/77855"}],"collection":[{"href":"https:\/\/www.medellin.gov.co\/es\/wp-json\/wp\/v2\/posts"}],"about":[{"href":"https:\/\/www.medellin.gov.co\/es\/wp-json\/wp\/v2\/types\/post"}],"author":[{"embeddable":true,"href":"https:\/\/www.medellin.gov.co\/es\/wp-json\/wp\/v2\/users\/21"}],"replies":[{"embeddable":true,"href":"https:\/\/www.medellin.gov.co\/es\/wp-json\/wp\/v2\/comments?post=77855"}],"version-history":[{"count":4,"href":"https:\/\/www.medellin.gov.co\/es\/wp-json\/wp\/v2\/posts\/77855\/revisions"}],"predecessor-version":[{"id":79352,"href":"https:\/\/www.medellin.gov.co\/es\/wp-json\/wp\/v2\/posts\/77855\/revisions\/79352"}],"wp:featuredmedia":[{"embeddable":true,"href":"https:\/\/www.medellin.gov.co\/es\/wp-json\/wp\/v2\/media\/59275"}],"wp:attachment":[{"href":"https:\/\/www.medellin.gov.co\/es\/wp-json\/wp\/v2\/media?parent=77855"}],"wp:term":[{"taxonomy":"category","embeddable":true,"href":"https:\/\/www.medellin.gov.co\/es\/wp-json\/wp\/v2\/categories?post=77855"},{"taxonomy":"post_tag","embeddable":true,"href":"https:\/\/www.medellin.gov.co\/es\/wp-json\/wp\/v2\/tags?post=77855"},{"taxonomy":"formato_nota","embeddable":true,"href":"https:\/\/www.medellin.gov.co\/es\/wp-json\/wp\/v2\/formato_nota?post=77855"},{"taxonomy":"programas_tax","embeddable":true,"href":"https:\/\/www.medellin.gov.co\/es\/wp-json\/wp\/v2\/programas_tax?post=77855"}],"curies":[{"name":"wp","href":"https:\/\/api.w.org\/{rel}","templated":true}]}}