{"id":78011,"date":"2022-07-26T11:24:46","date_gmt":"2022-07-26T16:24:46","guid":{"rendered":"https:\/\/www.medellin.gov.co\/es\/?p=78011"},"modified":"2022-07-30T08:47:46","modified_gmt":"2022-07-30T13:47:46","slug":"la-alcaldia-de-medellin-abre-convocatoria-de-estimulos-que-entregara-713-millones-para-fortalecer-empresas-del-sector-turistico","status":"publish","type":"post","link":"https:\/\/www.medellin.gov.co\/es\/sala-de-prensa\/noticias\/la-alcaldia-de-medellin-abre-convocatoria-de-estimulos-que-entregara-713-millones-para-fortalecer-empresas-del-sector-turistico\/","title":{"rendered":"La Alcald\u00eda de Medell\u00edn abre convocatoria de est\u00edmulos que entregar\u00e1 $713 millones para fortalecer empresas del sector tur\u00edstico"},"content":{"rendered":"<ul>\n<li>Se trata de la convocatoria Est\u00edmulos para la recuperaci\u00f3n y reactivaci\u00f3n de empresas con proyectos de competitividad, promoci\u00f3n y mercadeo tur\u00edstico.<\/li>\n<li>La convocatoria inicia el 26 de julio y cierra el 5 de agosto, y est\u00e1 dirigida a prestadores de servicios tur\u00edsticos como hoteles, agencias de viaje, restaurantes y empresas con Registro Nacional de Turismo (RNT).<\/li>\n<li>Con esta edici\u00f3n, el programa de Est\u00edmulos sumar\u00eda $1.573 millones para la reactivaci\u00f3n del tejido tur\u00edstico de la ciudad.<\/li>\n<\/ul>\n<!--[if lt IE 9]><script>document.createElement('audio');<\/script><![endif]-->\n\t<div class=\"wp-playlist wp-audio-playlist wp-playlist-light\">\n\t\t\t<div class=\"wp-playlist-current-item\"><\/div>\n\t\t<audio controls=\"controls\" preload=\"none\" width=\"640\"\n\t\t\t><\/audio>\n\t<div class=\"wp-playlist-next\"><\/div>\n\t<div class=\"wp-playlist-prev\"><\/div>\n\t<noscript>\n\t<ol>\n\t\t<li><a href='https:\/\/www.medellin.gov.co\/es\/wp-content\/uploads\/2022\/07\/sector-turistico.mp3'>Palabras de Ledys L\u00f3pez Zapata, subsecretaria de Turismo de Medell\u00edn.<\/a><\/li>\t<\/ol>\n\t<\/noscript>\n\t<script type=\"application\/json\" class=\"wp-playlist-script\">{\"type\":\"audio\",\"tracklist\":true,\"tracknumbers\":true,\"images\":true,\"artists\":true,\"tracks\":[{\"src\":\"https:\\\/\\\/www.medellin.gov.co\\\/es\\\/wp-content\\\/uploads\\\/2022\\\/07\\\/sector-turistico.mp3\",\"type\":\"audio\\\/mpeg\",\"title\":\"Palabras de Ledys L\\u00f3pez Zapata, subsecretaria de Turismo de Medell\\u00edn.\",\"caption\":\"\",\"description\":\"Palabras de Ledys L\\u00f3pez Zapata, subsecretaria de Turismo de Medell\\u00edn.\",\"meta\":{\"length_formatted\":\"0:39\"},\"image\":{\"src\":\"https:\\\/\\\/www.medellin.gov.co\\\/es\\\/wp-includes\\\/images\\\/media\\\/audio.png\",\"width\":48,\"height\":64},\"thumb\":{\"src\":\"https:\\\/\\\/www.medellin.gov.co\\\/es\\\/wp-includes\\\/images\\\/media\\\/audio.png\",\"width\":48,\"height\":64}}]}<\/script>\n<\/div>\n\t\n<p>Con el objetivo de promover la recuperaci\u00f3n y reactivaci\u00f3n del sector tur\u00edstico en el marco de la pandemia, la Alcald\u00eda de Medell\u00edn abre la convocatoria de Est\u00edmulos para la sostenibilidad y reactivaci\u00f3n del sector tur\u00edstico que entregar\u00e1 $713 millones en est\u00edmulos a empresas, gremios, prestadores de servicio o asociaciones de este sector en la ciudad. Esta convocatoria acompa\u00f1ar\u00e1 proyectos en las categor\u00edas de competitividad, promoci\u00f3n y mercadeo tur\u00edstico.<\/p>\n<p><em>\u201cEste es un programa que se ha creado especialmente para los prestadores de servicios tur\u00edsticos de Medell\u00edn, con el fin de que puedan financiar sus proyectos en la l\u00ednea de Promoci\u00f3n y de Competitividad Tur\u00edstica. Ya son 52 empresas las que se han beneficiado con esta iniciativa\u201d<\/em>, dijo la subsecretaria de Turismo de Medell\u00edn, Ledys L\u00f3pez Zapata.<\/p>\n<p>Las empresas ganadoras recibir\u00e1n desde 15 hasta 45 salarios m\u00ednimos. La inscripci\u00f3n est\u00e1 abierta hasta el viernes 5 de agosto de 2022 y se realiza en la p\u00e1gina web <a href=\"http:\/\/www.medellin.gov.co\/estimulos\" target=\"_blank\" rel=\"noopener\">www.medellin.gov.co\/estimulos<\/a>.<\/p>\n<div id=\"attachment_78015\" style=\"width: 1034px\" class=\"wp-caption alignnone\"><img aria-describedby=\"caption-attachment-78015\" loading=\"lazy\" class=\"wp-image-78015 size-full\" title=\"Sector tur\u00edstico\" src=\"https:\/\/www.medellin.gov.co\/es\/wp-content\/uploads\/2022\/07\/sector-turistico-2.jpg\" alt=\"Sector tur\u00edstico\" width=\"1024\" height=\"683\" srcset=\"https:\/\/www.medellin.gov.co\/es\/wp-content\/uploads\/2022\/07\/sector-turistico-2.jpg 1024w, https:\/\/www.medellin.gov.co\/es\/wp-content\/uploads\/2022\/07\/sector-turistico-2-300x200.jpg 300w, https:\/\/www.medellin.gov.co\/es\/wp-content\/uploads\/2022\/07\/sector-turistico-2-150x100.jpg 150w, https:\/\/www.medellin.gov.co\/es\/wp-content\/uploads\/2022\/07\/sector-turistico-2-768x512.jpg 768w\" sizes=\"(max-width: 1024px) 100vw, 1024px\" \/><p id=\"caption-attachment-78015\" class=\"wp-caption-text\">Sector tur\u00edstico &#8211; Foto: Alcald\u00eda de Medell\u00edn<\/p><\/div>\n<p>El programa Est\u00edmulos se desarrollar\u00e1 bajo las siguientes l\u00edneas y categor\u00edas para el otorgamiento de los recursos:<\/p>\n<p><strong>&#8211; L\u00ednea de Competitividad: <\/strong>se podr\u00e1n presentar proyectos enmarcados en las categor\u00edas de innovaci\u00f3n tur\u00edstica, implementaci\u00f3n y\/o certificaci\u00f3n en normas y sellos nacionales e internacionales, formaci\u00f3n y asistencia t\u00e9cnica, rutas y experiencias tur\u00edsticas en la ciudad, actualizaci\u00f3n tecnol\u00f3gica, buenas pr\u00e1cticas en turismo accesible y turismo responsable. No se aceptar\u00e1n propuestas cuyo prop\u00f3sito sea la venta de recorridos tur\u00edsticos. Se recibir\u00e1n iniciativas que aporten al mejoramiento de la competitividad de las empresas.<\/p>\n<p><strong>&#8211; L\u00ednea de Promoci\u00f3n y Mercadeo:<\/strong> se podr\u00e1n presentar proyectos enmarcados en las categor\u00edas de promoci\u00f3n de productos y servicios, apoyo para la participaci\u00f3n en eventos de la industria del turismo y apoyo para la realizaci\u00f3n de eventos.<\/p>\n<p>En la convocatoria del programa de Est\u00edmulos podr\u00e1n participar: prestadores de servicios tur\u00edsticos con domicilio en Medell\u00edn y con Registro Nacional de Turismo activo al presente a\u00f1o; grupos conformados de prestadores de servicios tur\u00edsticos: alianza de dos o m\u00e1s personas naturales o jur\u00eddicas con RNT vigente y domicilio en Medell\u00edn; gremios sectoriales del turismo: estructuras organizativas que congregan empresas prestadoras de servicios tur\u00edsticos seg\u00fan las categor\u00edas definidas por el Gobierno Nacional; y por primera vez la convocatoria llegar\u00e1 a grupos conformados por gu\u00edas de turismo con tarjeta profesional y RNT vigente.<\/p>\n<p>\u201c<em>La experiencia con la Convocatoria de Est\u00edmulos ha sido muy enriquecedora y nos ha permitido implementar o mejorar en tecnolog\u00edas que nos estaban haciendo falta para mejorar la experiencia de nuestro usuari<\/em>o\u201d, afirm\u00f3 Mariana Tirado, de Estilo Ejecutivo Suites, ganadores de la edici\u00f3n 2021.<\/p>\n<p>Sumando los $860 millones entregados a m\u00e1s de 55 empresas las veces anteriores, con la presente convocatoria del programa Est\u00edmulos se alcanzan $1.573 millones para la sostenibilidad y reactivaci\u00f3n del sector tur\u00edstico de Medell\u00edn.<\/p>\n","protected":false},"excerpt":{"rendered":"<p>Se trata de la convocatoria Est\u00edmulos para la recuperaci\u00f3n y reactivaci\u00f3n de empresas con proyectos de competitividad, promoci\u00f3n y mercadeo tur\u00edstico. La convocatoria inicia el 26 de julio y cierra el 5 de agosto, y &#8230;<\/p>\n","protected":false},"author":4,"featured_media":78012,"comment_status":"open","ping_status":"open","sticky":false,"template":"","format":"standard","meta":[],"categories":[3],"tags":[433,430],"formato_nota":[],"programas_tax":[],"acf":[],"_links":{"self":[{"href":"https:\/\/www.medellin.gov.co\/es\/wp-json\/wp\/v2\/posts\/78011"}],"collection":[{"href":"https:\/\/www.medellin.gov.co\/es\/wp-json\/wp\/v2\/posts"}],"about":[{"href":"https:\/\/www.medellin.gov.co\/es\/wp-json\/wp\/v2\/types\/post"}],"author":[{"embeddable":true,"href":"https:\/\/www.medellin.gov.co\/es\/wp-json\/wp\/v2\/users\/4"}],"replies":[{"embeddable":true,"href":"https:\/\/www.medellin.gov.co\/es\/wp-json\/wp\/v2\/comments?post=78011"}],"version-history":[{"count":2,"href":"https:\/\/www.medellin.gov.co\/es\/wp-json\/wp\/v2\/posts\/78011\/revisions"}],"predecessor-version":[{"id":78022,"href":"https:\/\/www.medellin.gov.co\/es\/wp-json\/wp\/v2\/posts\/78011\/revisions\/78022"}],"wp:featuredmedia":[{"embeddable":true,"href":"https:\/\/www.medellin.gov.co\/es\/wp-json\/wp\/v2\/media\/78012"}],"wp:attachment":[{"href":"https:\/\/www.medellin.gov.co\/es\/wp-json\/wp\/v2\/media?parent=78011"}],"wp:term":[{"taxonomy":"category","embeddable":true,"href":"https:\/\/www.medellin.gov.co\/es\/wp-json\/wp\/v2\/categories?post=78011"},{"taxonomy":"post_tag","embeddable":true,"href":"https:\/\/www.medellin.gov.co\/es\/wp-json\/wp\/v2\/tags?post=78011"},{"taxonomy":"formato_nota","embeddable":true,"href":"https:\/\/www.medellin.gov.co\/es\/wp-json\/wp\/v2\/formato_nota?post=78011"},{"taxonomy":"programas_tax","embeddable":true,"href":"https:\/\/www.medellin.gov.co\/es\/wp-json\/wp\/v2\/programas_tax?post=78011"}],"curies":[{"name":"wp","href":"https:\/\/api.w.org\/{rel}","templated":true}]}}