{"id":78755,"date":"2022-07-27T15:19:34","date_gmt":"2022-07-27T20:19:34","guid":{"rendered":"https:\/\/www.medellin.gov.co\/es\/?p=78755"},"modified":"2022-07-27T15:19:34","modified_gmt":"2022-07-27T20:19:34","slug":"en-un-23-avanzan-los-trabajos-para-la-renovacion-de-mas-de-12-000-metros-cuadrados-de-espacio-publico-en-el-parque-lleras","status":"publish","type":"post","link":"https:\/\/www.medellin.gov.co\/es\/sala-de-prensa\/noticias\/en-un-23-avanzan-los-trabajos-para-la-renovacion-de-mas-de-12-000-metros-cuadrados-de-espacio-publico-en-el-parque-lleras\/","title":{"rendered":"En un 23 % avanzan los trabajos para la renovaci\u00f3n de m\u00e1s de 12.000 metros cuadrados de espacio p\u00fablico en el Parque Lleras"},"content":{"rendered":"<ul>\n<li>Entre las acciones m\u00e1s importantes se destaca la reposici\u00f3n de redes h\u00famedas en el \u00e1rea de intervenci\u00f3n.<\/li>\n<li>Tambi\u00e9n se adelanta la demolici\u00f3n de escaleras y mobiliario antiguo al interior del parque para dar paso al nuevo urbanismo.<\/li>\n<li>Con la intervenci\u00f3n se da prioridad al peat\u00f3n. Se construir\u00e1n 1.600 metros cuadrados de nuevos andenes y otros 5.289 ser\u00e1n mejorados.<\/li>\n<\/ul>\n<!--[if lt IE 9]><script>document.createElement('audio');<\/script><![endif]-->\n\t<div class=\"wp-playlist wp-audio-playlist wp-playlist-light\">\n\t\t\t<div class=\"wp-playlist-current-item\"><\/div>\n\t\t<audio controls=\"controls\" preload=\"none\" width=\"640\"\n\t\t\t><\/audio>\n\t<div class=\"wp-playlist-next\"><\/div>\n\t<div class=\"wp-playlist-prev\"><\/div>\n\t<noscript>\n\t<ol>\n\t\t<li><a href='https:\/\/www.medellin.gov.co\/es\/wp-content\/uploads\/2022\/07\/Obras-Parque-Lleras-01.mp3'>Palabras de Natalia Urrego, secretaria de Infraestructura F\u00edsica<\/a><\/li><li><a href='https:\/\/www.medellin.gov.co\/es\/wp-content\/uploads\/2022\/07\/Obras-Parque-Lleras-02.mp3'>Palabras de director del \u00c1rea Metropolitana, Juan David Palacio Cardona<\/a><\/li><li><a href='https:\/\/www.medellin.gov.co\/es\/wp-content\/uploads\/2022\/07\/Obras-Parque-Lleras-03.mp3'>Palabras de Juli\u00e1n Arboleda, de la Corporaci\u00f3n Parque Lleras<\/a><\/li>\t<\/ol>\n\t<\/noscript>\n\t<script type=\"application\/json\" class=\"wp-playlist-script\">{\"type\":\"audio\",\"tracklist\":true,\"tracknumbers\":true,\"images\":true,\"artists\":true,\"tracks\":[{\"src\":\"https:\\\/\\\/www.medellin.gov.co\\\/es\\\/wp-content\\\/uploads\\\/2022\\\/07\\\/Obras-Parque-Lleras-01.mp3\",\"type\":\"audio\\\/mpeg\",\"title\":\"Palabras de Natalia Urrego, secretaria de Infraestructura F\\u00edsica\",\"caption\":\"\",\"description\":\"\\u00abPalabras de Natalia Urrego, secretaria de Infraestructura F\\u00edsica\\u00bb.\",\"meta\":{\"year\":\"2022\",\"length_formatted\":\"2:33\"},\"image\":{\"src\":\"https:\\\/\\\/www.medellin.gov.co\\\/es\\\/wp-includes\\\/images\\\/media\\\/audio.png\",\"width\":48,\"height\":64},\"thumb\":{\"src\":\"https:\\\/\\\/www.medellin.gov.co\\\/es\\\/wp-includes\\\/images\\\/media\\\/audio.png\",\"width\":48,\"height\":64}},{\"src\":\"https:\\\/\\\/www.medellin.gov.co\\\/es\\\/wp-content\\\/uploads\\\/2022\\\/07\\\/Obras-Parque-Lleras-02.mp3\",\"type\":\"audio\\\/mpeg\",\"title\":\"Palabras de director del \\u00c1rea Metropolitana, Juan David Palacio Cardona\",\"caption\":\"\",\"description\":\"\\u00abPalabras de director del \\u00c1rea Metropolitana, Juan David Palacio Cardona\\u00bb.\",\"meta\":{\"year\":\"2022\",\"length_formatted\":\"1:08\"},\"image\":{\"src\":\"https:\\\/\\\/www.medellin.gov.co\\\/es\\\/wp-includes\\\/images\\\/media\\\/audio.png\",\"width\":48,\"height\":64},\"thumb\":{\"src\":\"https:\\\/\\\/www.medellin.gov.co\\\/es\\\/wp-includes\\\/images\\\/media\\\/audio.png\",\"width\":48,\"height\":64}},{\"src\":\"https:\\\/\\\/www.medellin.gov.co\\\/es\\\/wp-content\\\/uploads\\\/2022\\\/07\\\/Obras-Parque-Lleras-03.mp3\",\"type\":\"audio\\\/mpeg\",\"title\":\"Palabras de Juli\\u00e1n Arboleda, de la Corporaci\\u00f3n Parque Lleras\",\"caption\":\"\",\"description\":\"\\u00abPalabras de Juli\\u00e1n Arboleda, de la Corporaci\\u00f3n Parque Lleras.\",\"meta\":{\"year\":\"2022\",\"length_formatted\":\"1:03\"},\"image\":{\"src\":\"https:\\\/\\\/www.medellin.gov.co\\\/es\\\/wp-includes\\\/images\\\/media\\\/audio.png\",\"width\":48,\"height\":64},\"thumb\":{\"src\":\"https:\\\/\\\/www.medellin.gov.co\\\/es\\\/wp-includes\\\/images\\\/media\\\/audio.png\",\"width\":48,\"height\":64}}]}<\/script>\n<\/div>\n\t\n<p>Avanzan los trabajos para la renovaci\u00f3n del tradicional Parque Lleras, referente comercial y tur\u00edstico de Medell\u00edn. La obra cuenta con un 23 % de ejecuci\u00f3n y dentro de las primeras acciones se destaca la reposici\u00f3n de redes h\u00famedas que es necesaria en toda el \u00e1rea de intervenci\u00f3n.<\/p>\n<p>\u201c<em>Este ha sido un trabajo muy dispendioso. Estamos instalando tuber\u00eda de 12 pulgadas para las aguas negras y de 33 pulgadas para las aguas lluvias con el fin de entregar una obra que, adem\u00e1s de quedar bonita, sea funcional y est\u00e9 ajustada a las necesidades actuales de Medell\u00edn. Esto ha significado un reto por las rupturas que son necesarias para la intervenci\u00f3n y por las fuertes lluvias que hemos tenido a lo largo del a\u00f1o y que dificultan la tarea<\/em>\u201d, expres\u00f3 la secretaria de Infraestructura F\u00edsica, Natalia Urrego Arias.<\/p>\n<p>Al mismo tiempo, al interior del parque, se ha realizado la demolici\u00f3n de andenes, bordillos, escaleras y otras estructuras en concreto. As\u00ed mismo, se ha hecho el desmonte de bancas y mobiliario urbano existente para dar paso al nuevo urbanismo.<\/p>\n<p>Gracias a esta intervenci\u00f3n integral, el nuevo parque ofrecer\u00e1 12.859 metros cuadrados de espacio p\u00fablico en los que se dar\u00e1 prioridad a la movilidad peatonal, la cultura, las zonas verdes y espacios para sentarse y compartir con familiares y amigos.<\/p>\n<div id=\"attachment_78667\" style=\"width: 1034px\" class=\"wp-caption alignnone\"><a href=\"https:\/\/www.medellin.gov.co\/es\/wp-content\/uploads\/2022\/07\/Obras-Parque-Lleras-2.jpg\" target=\"_blank\" rel=\"noopener\"><img aria-describedby=\"caption-attachment-78667\" loading=\"lazy\" class=\"wp-image-78667 size-full\" title=\"https:\/\/www.medellin.gov.co\/es\/wp-content\/uploads\/2022\/07\/Obras-Parque-Lleras-2.jpg\" src=\"https:\/\/www.medellin.gov.co\/es\/wp-content\/uploads\/2022\/07\/Obras-Parque-Lleras-2.jpg\" alt=\"Obras en el Parque Lleras\" width=\"1024\" height=\"682\" srcset=\"https:\/\/www.medellin.gov.co\/es\/wp-content\/uploads\/2022\/07\/Obras-Parque-Lleras-2.jpg 1024w, https:\/\/www.medellin.gov.co\/es\/wp-content\/uploads\/2022\/07\/Obras-Parque-Lleras-2-300x200.jpg 300w, https:\/\/www.medellin.gov.co\/es\/wp-content\/uploads\/2022\/07\/Obras-Parque-Lleras-2-150x100.jpg 150w, https:\/\/www.medellin.gov.co\/es\/wp-content\/uploads\/2022\/07\/Obras-Parque-Lleras-2-768x512.jpg 768w\" sizes=\"(max-width: 1024px) 100vw, 1024px\" \/><\/a><p id=\"caption-attachment-78667\" class=\"wp-caption-text\">Obras en el Parque Lleras &#8211; Foto Alcald\u00eda de Medell\u00edn<\/p><\/div>\n<p>La renovaci\u00f3n del Parque Lleras contempla la construcci\u00f3n de 1.600 metros cuadrados de nuevos andenes y el mejoramiento de otros 5.289. Adem\u00e1s, se intervendr\u00e1n v\u00edas aleda\u00f1as para conformar un circuito peatonal m\u00e1s amplio que permita recorrer la extensa zona comercial aleda\u00f1a al Lleras y, a su vez, conectar con el parque principal de El Poblado.<\/p>\n<p>\u201c<em>Nos sentimos muy felices y muy orgullosos por la renovaci\u00f3n que est\u00e1 recibiendo el parque. Esto va a dar pie para que el Lleras se convierta en un eje cultural, art\u00edstico, hotelero, urban\u00edstico y gastron\u00f3mico de Medell\u00edn. Las obras han tra\u00eddo algo de caos y congesti\u00f3n pero van a servir para tener un parque que atraiga a las familias y al turismo<\/em>\u201d manifest\u00f3 Juli\u00e1n Arboleda, de la Corporaci\u00f3n Parque Lleras.<\/p>\n<p>La inversi\u00f3n para los trabajos de construcci\u00f3n, mejoramiento y mantenimiento del espacio p\u00fablico en el Parque Lleras supera los $10.000 millones y los recursos son aportados por el \u00c1rea Metropolitana del Valle de Aburr\u00e1. Las obras beneficiar\u00e1n de manera directa a m\u00e1s de 134.000 personas y con ellas se han generado 44 empleos.<\/p>\n<p>\u201c<em>La recuperaci\u00f3n del Parque Lleras hace parte de nuestra apuesta como \u00c1rea Metropolitana por generar m\u00e1s espacio p\u00fablico para los habitantes, lugares donde el peat\u00f3n sea el protagonista y la conservaci\u00f3n de los \u00e1rboles y zonas verdes en nuestros municipios. Este es un lugar emblem\u00e1tico su cultura, su econom\u00eda y turismo; por eso consideramos este proyecto de vital importancia para Medell\u00edn y el Valle de Aburr\u00e1<\/em>\u201d, dijo el director del \u00c1rea Metropolitana, Juan David Palacio Cardona.<\/p>\n<p>Una vez est\u00e9 terminado, el nuevo parque contar\u00e1 con un teatrino al aire libre para facilitar la oferta cultural en la zona. De igual manera, en concordancia con la ecociudad que promueve la Alcald\u00eda de Medell\u00edn, se sembrar\u00e1n 98 nuevos \u00e1rboles y 16.000 plantas menores.<\/p>\n","protected":false},"excerpt":{"rendered":"<p>Entre las acciones m\u00e1s importantes se destaca la reposici\u00f3n de redes h\u00famedas en el \u00e1rea de intervenci\u00f3n. Tambi\u00e9n se adelanta la demolici\u00f3n de escaleras y mobiliario antiguo al interior del parque para dar paso al &#8230;<\/p>\n","protected":false},"author":21,"featured_media":78668,"comment_status":"open","ping_status":"open","sticky":false,"template":"","format":"standard","meta":[],"categories":[11],"tags":[440,442],"formato_nota":[],"programas_tax":[],"acf":[],"_links":{"self":[{"href":"https:\/\/www.medellin.gov.co\/es\/wp-json\/wp\/v2\/posts\/78755"}],"collection":[{"href":"https:\/\/www.medellin.gov.co\/es\/wp-json\/wp\/v2\/posts"}],"about":[{"href":"https:\/\/www.medellin.gov.co\/es\/wp-json\/wp\/v2\/types\/post"}],"author":[{"embeddable":true,"href":"https:\/\/www.medellin.gov.co\/es\/wp-json\/wp\/v2\/users\/21"}],"replies":[{"embeddable":true,"href":"https:\/\/www.medellin.gov.co\/es\/wp-json\/wp\/v2\/comments?post=78755"}],"version-history":[{"count":1,"href":"https:\/\/www.medellin.gov.co\/es\/wp-json\/wp\/v2\/posts\/78755\/revisions"}],"predecessor-version":[{"id":78757,"href":"https:\/\/www.medellin.gov.co\/es\/wp-json\/wp\/v2\/posts\/78755\/revisions\/78757"}],"wp:featuredmedia":[{"embeddable":true,"href":"https:\/\/www.medellin.gov.co\/es\/wp-json\/wp\/v2\/media\/78668"}],"wp:attachment":[{"href":"https:\/\/www.medellin.gov.co\/es\/wp-json\/wp\/v2\/media?parent=78755"}],"wp:term":[{"taxonomy":"category","embeddable":true,"href":"https:\/\/www.medellin.gov.co\/es\/wp-json\/wp\/v2\/categories?post=78755"},{"taxonomy":"post_tag","embeddable":true,"href":"https:\/\/www.medellin.gov.co\/es\/wp-json\/wp\/v2\/tags?post=78755"},{"taxonomy":"formato_nota","embeddable":true,"href":"https:\/\/www.medellin.gov.co\/es\/wp-json\/wp\/v2\/formato_nota?post=78755"},{"taxonomy":"programas_tax","embeddable":true,"href":"https:\/\/www.medellin.gov.co\/es\/wp-json\/wp\/v2\/programas_tax?post=78755"}],"curies":[{"name":"wp","href":"https:\/\/api.w.org\/{rel}","templated":true}]}}