{"id":78760,"date":"2022-07-27T15:24:08","date_gmt":"2022-07-27T20:24:08","guid":{"rendered":"https:\/\/www.medellin.gov.co\/es\/?p=78760"},"modified":"2022-07-27T15:24:08","modified_gmt":"2022-07-27T20:24:08","slug":"moda-al-barrio-convirtio-una-plaza-de-mercado-en-pasarela","status":"publish","type":"post","link":"https:\/\/www.medellin.gov.co\/es\/sala-de-prensa\/noticias\/moda-al-barrio-convirtio-una-plaza-de-mercado-en-pasarela\/","title":{"rendered":"Moda al Barrio convirti\u00f3 una plaza de Mercado en pasarela"},"content":{"rendered":"<ul>\n<li>En este evento realizado en la Plaza Minorista en el marco de Colombiamoda, participaron lideresas de la poblaci\u00f3n LGBTIQ+, ind\u00edgenas, afro y cantadoras del Pac\u00edfico colombiano, entre otras.<\/li>\n<li>Moda al Barrio, iniciativa de la gestora social Diana Osorio Vanegas, ha fortalecido m\u00e1s de 45 emprendimientos encabezados por mujeres.<\/li>\n<li>Una forma de acercar nuevos p\u00fablicos y espacios al talento local que se teje y confecciona desde las comunas y barrios.<\/li>\n<\/ul>\n<!--[if lt IE 9]><script>document.createElement('audio');<\/script><![endif]-->\n\t<div class=\"wp-playlist wp-audio-playlist wp-playlist-light\">\n\t\t\t<div class=\"wp-playlist-current-item\"><\/div>\n\t\t<audio controls=\"controls\" preload=\"none\" width=\"640\"\n\t\t\t><\/audio>\n\t<div class=\"wp-playlist-next\"><\/div>\n\t<div class=\"wp-playlist-prev\"><\/div>\n\t<noscript>\n\t<ol>\n\t\t<li><a href='https:\/\/www.medellin.gov.co\/es\/wp-content\/uploads\/2022\/07\/Moda-Al-Barrio-01.mp3'>Palabras de Diana Osorio, gestora social de Medell\u00edn<\/a><\/li><li><a href='https:\/\/www.medellin.gov.co\/es\/wp-content\/uploads\/2022\/07\/Moda-Al-Barrio-02.mp3'>Palabras de Ver\u00f3nica Alcocer, futura Primera Dama de la Naci\u00f3n<\/a><\/li><li><a href='https:\/\/www.medellin.gov.co\/es\/wp-content\/uploads\/2022\/07\/Moda-Al-Barrio-03.mp3'>Palabras de Alejandro Arias, secretario de Desarrollo Econ\u00f3mico<\/a><\/li><li><a href='https:\/\/www.medellin.gov.co\/es\/wp-content\/uploads\/2022\/07\/Moda-Al-Barrio-04.mp3'>Palabras de Ana Paola Epinay\u00fa, emprendedora e ind\u00edgena Wayuu<\/a><\/li>\t<\/ol>\n\t<\/noscript>\n\t<script type=\"application\/json\" class=\"wp-playlist-script\">{\"type\":\"audio\",\"tracklist\":true,\"tracknumbers\":true,\"images\":true,\"artists\":true,\"tracks\":[{\"src\":\"https:\\\/\\\/www.medellin.gov.co\\\/es\\\/wp-content\\\/uploads\\\/2022\\\/07\\\/Moda-Al-Barrio-01.mp3\",\"type\":\"audio\\\/mpeg\",\"title\":\"Palabras de Diana Osorio, gestora social de Medell\\u00edn\",\"caption\":\"\",\"description\":\"\\u00abPalabras de Diana Osorio, gestora social de Medell\\u00edn\\u00bb.\",\"meta\":{\"year\":\"2022\",\"length_formatted\":\"0:32\"},\"image\":{\"src\":\"https:\\\/\\\/www.medellin.gov.co\\\/es\\\/wp-includes\\\/images\\\/media\\\/audio.png\",\"width\":48,\"height\":64},\"thumb\":{\"src\":\"https:\\\/\\\/www.medellin.gov.co\\\/es\\\/wp-includes\\\/images\\\/media\\\/audio.png\",\"width\":48,\"height\":64}},{\"src\":\"https:\\\/\\\/www.medellin.gov.co\\\/es\\\/wp-content\\\/uploads\\\/2022\\\/07\\\/Moda-Al-Barrio-02.mp3\",\"type\":\"audio\\\/mpeg\",\"title\":\"Palabras de Ver\\u00f3nica Alcocer, futura Primera Dama de la Naci\\u00f3n\",\"caption\":\"\",\"description\":\"\\u00abPalabras de Ver\\u00f3nica Alcocer, futura Primera Dama de la Naci\\u00f3n\\u00bb.\",\"meta\":{\"year\":\"2022\",\"length_formatted\":\"0:33\"},\"image\":{\"src\":\"https:\\\/\\\/www.medellin.gov.co\\\/es\\\/wp-includes\\\/images\\\/media\\\/audio.png\",\"width\":48,\"height\":64},\"thumb\":{\"src\":\"https:\\\/\\\/www.medellin.gov.co\\\/es\\\/wp-includes\\\/images\\\/media\\\/audio.png\",\"width\":48,\"height\":64}},{\"src\":\"https:\\\/\\\/www.medellin.gov.co\\\/es\\\/wp-content\\\/uploads\\\/2022\\\/07\\\/Moda-Al-Barrio-03.mp3\",\"type\":\"audio\\\/mpeg\",\"title\":\"Palabras de Alejandro Arias, secretario de Desarrollo Econ\\u00f3mico\",\"caption\":\"\",\"description\":\"\\u00abPalabras de Alejandro Arias, secretario de Desarrollo Econ\\u00f3mico\\u00bb.\",\"meta\":{\"year\":\"2022\",\"length_formatted\":\"0:25\"},\"image\":{\"src\":\"https:\\\/\\\/www.medellin.gov.co\\\/es\\\/wp-includes\\\/images\\\/media\\\/audio.png\",\"width\":48,\"height\":64},\"thumb\":{\"src\":\"https:\\\/\\\/www.medellin.gov.co\\\/es\\\/wp-includes\\\/images\\\/media\\\/audio.png\",\"width\":48,\"height\":64}},{\"src\":\"https:\\\/\\\/www.medellin.gov.co\\\/es\\\/wp-content\\\/uploads\\\/2022\\\/07\\\/Moda-Al-Barrio-04.mp3\",\"type\":\"audio\\\/mpeg\",\"title\":\"Palabras de Ana Paola Epinay\\u00fa, emprendedora e ind\\u00edgena Wayuu\",\"caption\":\"\",\"description\":\"\\u00abPalabras de Ana Paola Epinay\\u00fa, emprendedora e ind\\u00edgena Wayuu\\u00bb.\",\"meta\":{\"year\":\"2022\",\"length_formatted\":\"0:20\"},\"image\":{\"src\":\"https:\\\/\\\/www.medellin.gov.co\\\/es\\\/wp-includes\\\/images\\\/media\\\/audio.png\",\"width\":48,\"height\":64},\"thumb\":{\"src\":\"https:\\\/\\\/www.medellin.gov.co\\\/es\\\/wp-includes\\\/images\\\/media\\\/audio.png\",\"width\":48,\"height\":64}}]}<\/script>\n<\/div>\n\t\n<p>Como una manera de reivindicar escenarios que han marcado la historia de la pujanza, el trabajo de familias y mujeres, el desfile Moda al Barrio lleg\u00f3 por primera vez a la principal pasarela de la econom\u00eda popular de la ciudad: la Plaza Minorista Jos\u00e9 Mar\u00eda Villa. La inclusi\u00f3n, la diversidad, la paz y la no violencia fueron protagonistas en el marco de la Feria Colombiamoda.<\/p>\n<p>\u201c<em>Estamos aqu\u00ed en la Minorista realizando una segunda versi\u00f3n del desfile Moda al Barrio, que el a\u00f1o pasado hicimos en las escaleras el\u00e9ctricas de la Comuna 13, donde diferentes artistas, madres cabeza de familia, mujeres afro, ind\u00edgenas, estaban luciendo las prendas. Tratamos de unir diversidad, cultura y moda<\/em>\u201d, expres\u00f3 la gestora social Diana Marcela Osorio Vanegas.<\/p>\n<p>En medio del aroma a frutos de la tierra y hortalizas, lideresas de la poblaci\u00f3n LGBTIQ+, junto al cantante Juan Duque, Miranda, entre otros, brillaron en un tributo a la diversidad donde participaron 30 artistas y 10 dise\u00f1adoras y dise\u00f1adores de los emprendimientos que apoya el despacho de la gestora social, Diana Osorio Vanegas, y la Secretar\u00eda de Desarrollo Econ\u00f3mico con el proyecto Moda al Barrio y Hecho en Medell\u00edn.<\/p>\n<p>Gracias a Moda al Barrio, la emprendedora e ind\u00edgena Wayuu Ana Paola Epinay\u00fa, logr\u00f3 exponer su arte y pensamiento con los dise\u00f1os \u201c<em>Guajira Prince\u201d. \u201cAgradecidisima con Moda al Barrio por traer estos espacios a los barrios, por hacer visible cada emprendimiento que aqu\u00ed est\u00e1. Me parece s\u00faper importante porque nos hace visibles<\/em>\u201d, dijo.<\/p>\n<div id=\"attachment_78679\" style=\"width: 1034px\" class=\"wp-caption alignnone\"><a href=\"https:\/\/www.medellin.gov.co\/es\/wp-content\/uploads\/2022\/07\/Moda-Al-Barrio-2.jpg\" target=\"_blank\" rel=\"noopener\"><img aria-describedby=\"caption-attachment-78679\" loading=\"lazy\" class=\"wp-image-78679 size-large\" title=\"https:\/\/www.medellin.gov.co\/es\/wp-content\/uploads\/2022\/07\/Moda-Al-Barrio-2.jpg\" src=\"https:\/\/www.medellin.gov.co\/es\/wp-content\/uploads\/2022\/07\/Moda-Al-Barrio-2-1024x682.jpg\" alt=\"De izquierda a derecha Ver\u00f3nica Alcocer, futura Primera Dama de la Naci\u00f3n; Diana Osorio, gestora social de Medell\u00edn y Juan Carlos Giraldo, presentador y especialista en moda\" width=\"1024\" height=\"682\" srcset=\"https:\/\/www.medellin.gov.co\/es\/wp-content\/uploads\/2022\/07\/Moda-Al-Barrio-2-1024x682.jpg 1024w, https:\/\/www.medellin.gov.co\/es\/wp-content\/uploads\/2022\/07\/Moda-Al-Barrio-2-300x200.jpg 300w, https:\/\/www.medellin.gov.co\/es\/wp-content\/uploads\/2022\/07\/Moda-Al-Barrio-2-150x100.jpg 150w, https:\/\/www.medellin.gov.co\/es\/wp-content\/uploads\/2022\/07\/Moda-Al-Barrio-2-768x512.jpg 768w, https:\/\/www.medellin.gov.co\/es\/wp-content\/uploads\/2022\/07\/Moda-Al-Barrio-2.jpg 1280w\" sizes=\"(max-width: 1024px) 100vw, 1024px\" \/><\/a><p id=\"caption-attachment-78679\" class=\"wp-caption-text\">De izquierda a derecha Ver\u00f3nica Alcocer, futura Primera Dama de la Naci\u00f3n; Diana Osorio, gestora social de Medell\u00edn y Juan Carlos Giraldo, presentador y especialista en moda &#8211; Foto Alcald\u00eda de Medell\u00edn<\/p><\/div>\n<p>Al evento asisti\u00f3 la futura Primera Dama de la Naci\u00f3n, Ver\u00f3nica Alcocer, quien emocionada por la acogida y el color, expres\u00f3: \u201c<em>Cuentan conmigo que soy un ser humano cercano, la Primera Dama no es lejana, es cercana, est\u00e1 aqu\u00ed con ustedes, para la gente. Creo que para eso es un cargo p\u00fablico, para estar con la gente apoyando a la gente<\/em>\u201d.<\/p>\n<p>Con una inversi\u00f3n que supera los $480 millones, Moda al Barrio ha beneficiado 45 talleres de confecci\u00f3n de las diferentes comunas y fortalecido unidades productivas y talleres que emplean mujeres madres cabeza de hogar, v\u00edctimas de violencia, personas desplazadas y poblaci\u00f3n vulnerable. Adem\u00e1s, con Hecho en Medell\u00edn se han realizado 35 ferias y se han apoyado m\u00e1s de 300 emprendedores y m\u00e1s de 1.000 en marketplace.<\/p>\n<p>\u201c<em>Darle las gracias a la gestora social por todas estas iniciativas incluyentes, innovadoras, diversas, que hacen que todos los emprendimientos est\u00e9n ahora en los ojos del mundo. Estamos felices y orgullosos, y estoy completamente seguro que esta segunda versi\u00f3n va a seguir dejando un hito importante para que Moda al Barrio dure muchos a\u00f1os para la ciudad de Medell\u00edn<\/em>\u201d, agreg\u00f3 el secretario de Desarrollo Econ\u00f3mico, Alejandro Arias Garc\u00eda.<\/p>\n<p>Con esta apuesta, la Alcald\u00eda de Medell\u00edn se suma a la fiesta textil que se vive con Colombiamoda para rescatar y resaltar el papel de las mujeres en un sector que ha sido motor de la econom\u00eda local y nacional.<\/p>\n","protected":false},"excerpt":{"rendered":"<p>En este evento realizado en la Plaza Minorista en el marco de Colombiamoda, participaron lideresas de la poblaci\u00f3n LGBTIQ+, ind\u00edgenas, afro y cantadoras del Pac\u00edfico colombiano, entre otras. Moda al Barrio, iniciativa de la gestora &#8230;<\/p>\n","protected":false},"author":21,"featured_media":78680,"comment_status":"open","ping_status":"open","sticky":false,"template":"","format":"standard","meta":[],"categories":[285,3],"tags":[428],"formato_nota":[],"programas_tax":[],"acf":[],"_links":{"self":[{"href":"https:\/\/www.medellin.gov.co\/es\/wp-json\/wp\/v2\/posts\/78760"}],"collection":[{"href":"https:\/\/www.medellin.gov.co\/es\/wp-json\/wp\/v2\/posts"}],"about":[{"href":"https:\/\/www.medellin.gov.co\/es\/wp-json\/wp\/v2\/types\/post"}],"author":[{"embeddable":true,"href":"https:\/\/www.medellin.gov.co\/es\/wp-json\/wp\/v2\/users\/21"}],"replies":[{"embeddable":true,"href":"https:\/\/www.medellin.gov.co\/es\/wp-json\/wp\/v2\/comments?post=78760"}],"version-history":[{"count":1,"href":"https:\/\/www.medellin.gov.co\/es\/wp-json\/wp\/v2\/posts\/78760\/revisions"}],"predecessor-version":[{"id":78762,"href":"https:\/\/www.medellin.gov.co\/es\/wp-json\/wp\/v2\/posts\/78760\/revisions\/78762"}],"wp:featuredmedia":[{"embeddable":true,"href":"https:\/\/www.medellin.gov.co\/es\/wp-json\/wp\/v2\/media\/78680"}],"wp:attachment":[{"href":"https:\/\/www.medellin.gov.co\/es\/wp-json\/wp\/v2\/media?parent=78760"}],"wp:term":[{"taxonomy":"category","embeddable":true,"href":"https:\/\/www.medellin.gov.co\/es\/wp-json\/wp\/v2\/categories?post=78760"},{"taxonomy":"post_tag","embeddable":true,"href":"https:\/\/www.medellin.gov.co\/es\/wp-json\/wp\/v2\/tags?post=78760"},{"taxonomy":"formato_nota","embeddable":true,"href":"https:\/\/www.medellin.gov.co\/es\/wp-json\/wp\/v2\/formato_nota?post=78760"},{"taxonomy":"programas_tax","embeddable":true,"href":"https:\/\/www.medellin.gov.co\/es\/wp-json\/wp\/v2\/programas_tax?post=78760"}],"curies":[{"name":"wp","href":"https:\/\/api.w.org\/{rel}","templated":true}]}}