{"id":78765,"date":"2022-07-27T15:29:15","date_gmt":"2022-07-27T20:29:15","guid":{"rendered":"https:\/\/www.medellin.gov.co\/es\/?p=78765"},"modified":"2022-07-27T15:29:15","modified_gmt":"2022-07-27T20:29:15","slug":"hasta-el-5-de-agosto-estara-habilitada-la-plataforma-para-diligenciar-el-permiso-de-movilidad-en-santa-elena-durante-la-feria-de-flores","status":"publish","type":"post","link":"https:\/\/www.medellin.gov.co\/es\/sala-de-prensa\/noticias\/hasta-el-5-de-agosto-estara-habilitada-la-plataforma-para-diligenciar-el-permiso-de-movilidad-en-santa-elena-durante-la-feria-de-flores\/","title":{"rendered":"Hasta el 5 de agosto estar\u00e1 habilitada la plataforma para diligenciar el permiso de movilidad en Santa Elena durante la Feria de Flores"},"content":{"rendered":"<ul>\n<li>Se ha dispuesto de un canal virtual para adelantar el tr\u00e1mite, el cual ser\u00e1 100% digital en <a href=\"https:\/\/bit.ly\/3cxTlfm\">https:\/\/bit.ly\/3cxTlfm<\/a>.<\/li>\n<li>Solo se autorizar\u00e1 la movilizaci\u00f3n de propietarios, arrendatarios y residentes de Santa Elena y en los d\u00edas se\u00f1alados.<\/li>\n<li>Para las fechas de mayor afluencia se contar\u00e1 con refuerzo policial y de la Secretar\u00eda de Movilidad, para garantizar el buen desarrollo de los eventos.<\/li>\n<\/ul>\n<!--[if lt IE 9]><script>document.createElement('audio');<\/script><![endif]-->\n\t<div class=\"wp-playlist wp-audio-playlist wp-playlist-light\">\n\t\t\t<div class=\"wp-playlist-current-item\"><\/div>\n\t\t<audio controls=\"controls\" preload=\"none\" width=\"640\"\n\t\t\t><\/audio>\n\t<div class=\"wp-playlist-next\"><\/div>\n\t<div class=\"wp-playlist-prev\"><\/div>\n\t<noscript>\n\t<ol>\n\t\t<li><a href='https:\/\/www.medellin.gov.co\/es\/wp-content\/uploads\/2022\/07\/Movilidad-Santa-Elena-01.mp3'>Palabras de Eliana G\u00f3mez, corregidora de Santa Elena<\/a><\/li>\t<\/ol>\n\t<\/noscript>\n\t<script type=\"application\/json\" class=\"wp-playlist-script\">{\"type\":\"audio\",\"tracklist\":true,\"tracknumbers\":true,\"images\":true,\"artists\":true,\"tracks\":[{\"src\":\"https:\\\/\\\/www.medellin.gov.co\\\/es\\\/wp-content\\\/uploads\\\/2022\\\/07\\\/Movilidad-Santa-Elena-01.mp3\",\"type\":\"audio\\\/mpeg\",\"title\":\"Palabras de Eliana G\\u00f3mez, corregidora de Santa Elena\",\"caption\":\"\",\"description\":\"\\u00abPalabras de Eliana G\\u00f3mez, corregidora de Santa Elena\\u00bb.\",\"meta\":{\"length_formatted\":\"1:23\"},\"image\":{\"src\":\"https:\\\/\\\/www.medellin.gov.co\\\/es\\\/wp-includes\\\/images\\\/media\\\/audio.png\",\"width\":48,\"height\":64},\"thumb\":{\"src\":\"https:\\\/\\\/www.medellin.gov.co\\\/es\\\/wp-includes\\\/images\\\/media\\\/audio.png\",\"width\":48,\"height\":64}}]}<\/script>\n<\/div>\n\t\n<p>La Alcald\u00eda de Medell\u00edn informa a la comunidad de Santa Elena, que ya est\u00e1 habilitada la plataforma para gestionar el permiso de movilizaci\u00f3n de veh\u00edculos durante la Feria de las Flores (debido a las restricciones que se presentar\u00e1n entre el mediod\u00eda del domingo 14 y el mediod\u00eda del lunes 15 de agosto de 2022, por motivo del Desfile de Silleteros y en diferentes eventos), que se debe realizar con la actualizaci\u00f3n de datos anual.<\/p>\n<p>Desde la Alcald\u00eda de Medell\u00edn, con el apoyo de la Secretar\u00eda de Innovaci\u00f3n Digital, se ha dispuesto del\u00a0 canal virtual con el fin de adelantar el tr\u00e1mite, el cual ser\u00e1 100 % digital en <a href=\"https:\/\/bit.ly\/3cxTlfm\">https:\/\/bit.ly\/3cxTlfm<\/a>.<\/p>\n<p>Para estos eventos, se ha asignado un refuerzo de uniformados de la Polic\u00eda Metropolitana y puestos de control de la Secretar\u00eda de Movilidad, donde se realizar\u00e1n los filtros de movilidad durante las fechas de mayor afluencia de p\u00fablico en el marco de la celebraci\u00f3n de la Feria de las Flores en Santa Elena, bajo las restricciones sobre las cuales est\u00e1n eximidos los propietarios, arrendatarios y residentes.<\/p>\n<p><em>\u201cComo es tradicional, por esta \u00e9poca invitamos a los residentes del corregimiento a actualizar el permiso de movilidad, que tendr\u00e1 restricciones con motivo de la celebraci\u00f3n de la Feria de Las Flores. Hasta el 5 de agosto se podr\u00e1n realizar las gestiones de este permiso. En este caso es muy importante tener a la mano el recibo de servicios de EPM<\/em>\u201d, dijo la corregidora de Santa Elena,\u00a0 Eliana G\u00f3mez.<\/p>\n<div id=\"attachment_78735\" style=\"width: 1034px\" class=\"wp-caption alignnone\"><a href=\"https:\/\/www.medellin.gov.co\/es\/wp-content\/uploads\/2022\/07\/Silleteritos-Santa-Elena-2.jpg\" target=\"_blank\" rel=\"noopener\"><img aria-describedby=\"caption-attachment-78735\" loading=\"lazy\" class=\"wp-image-78735 size-full\" title=\"Silleteritos de Santa Elena\" src=\"https:\/\/www.medellin.gov.co\/es\/wp-content\/uploads\/2022\/07\/Silleteritos-Santa-Elena-2.jpg\" alt=\"Silleteritos de Santa Elena\" width=\"1024\" height=\"768\" srcset=\"https:\/\/www.medellin.gov.co\/es\/wp-content\/uploads\/2022\/07\/Silleteritos-Santa-Elena-2.jpg 1024w, https:\/\/www.medellin.gov.co\/es\/wp-content\/uploads\/2022\/07\/Silleteritos-Santa-Elena-2-300x225.jpg 300w, https:\/\/www.medellin.gov.co\/es\/wp-content\/uploads\/2022\/07\/Silleteritos-Santa-Elena-2-150x113.jpg 150w, https:\/\/www.medellin.gov.co\/es\/wp-content\/uploads\/2022\/07\/Silleteritos-Santa-Elena-2-768x576.jpg 768w\" sizes=\"(max-width: 1024px) 100vw, 1024px\" \/><\/a><p id=\"caption-attachment-78735\" class=\"wp-caption-text\">Silleteritos de Santa Elena &#8211; Foto Alcald\u00eda de Medell\u00edn<\/p><\/div>\n<p>La documentaci\u00f3n solicitada deber\u00e1 ser cargada directamente con el diligenciamiento del formulario. Por lo anterior, se recuerda que los documentos soporte que dan cuenta de su residencia en el corregimiento y que deber\u00e1 tener escaneados en formato PDF al momento de realizar la actualizaci\u00f3n de la informaci\u00f3n, son:<\/p>\n<p>Para el caso de propietarios:<\/p>\n<p>Copias de la c\u00e9dula del conductor, impuesto predial, matr\u00edcula del veh\u00edculo y \u00faltima factura de servicios p\u00fablicos de EPM.<\/p>\n<p>Para el caso de arrendatarios:<\/p>\n<p>Copias de la c\u00e9dula de conductor, contrato de arrendamiento, matr\u00edcula del veh\u00edculo y \u00faltima factura de servicios p\u00fablicos de EPM.<\/p>\n","protected":false},"excerpt":{"rendered":"<p>Se ha dispuesto de un canal virtual para adelantar el tr\u00e1mite, el cual ser\u00e1 100% digital en https:\/\/bit.ly\/3cxTlfm. Solo se autorizar\u00e1 la movilizaci\u00f3n de propietarios, arrendatarios y residentes de Santa Elena y en los d\u00edas &#8230;<\/p>\n","protected":false},"author":21,"featured_media":78737,"comment_status":"open","ping_status":"open","sticky":false,"template":"","format":"standard","meta":[],"categories":[24,31,14,21],"tags":[428,429,426,619,430],"formato_nota":[],"programas_tax":[],"acf":[],"_links":{"self":[{"href":"https:\/\/www.medellin.gov.co\/es\/wp-json\/wp\/v2\/posts\/78765"}],"collection":[{"href":"https:\/\/www.medellin.gov.co\/es\/wp-json\/wp\/v2\/posts"}],"about":[{"href":"https:\/\/www.medellin.gov.co\/es\/wp-json\/wp\/v2\/types\/post"}],"author":[{"embeddable":true,"href":"https:\/\/www.medellin.gov.co\/es\/wp-json\/wp\/v2\/users\/21"}],"replies":[{"embeddable":true,"href":"https:\/\/www.medellin.gov.co\/es\/wp-json\/wp\/v2\/comments?post=78765"}],"version-history":[{"count":1,"href":"https:\/\/www.medellin.gov.co\/es\/wp-json\/wp\/v2\/posts\/78765\/revisions"}],"predecessor-version":[{"id":78766,"href":"https:\/\/www.medellin.gov.co\/es\/wp-json\/wp\/v2\/posts\/78765\/revisions\/78766"}],"wp:featuredmedia":[{"embeddable":true,"href":"https:\/\/www.medellin.gov.co\/es\/wp-json\/wp\/v2\/media\/78737"}],"wp:attachment":[{"href":"https:\/\/www.medellin.gov.co\/es\/wp-json\/wp\/v2\/media?parent=78765"}],"wp:term":[{"taxonomy":"category","embeddable":true,"href":"https:\/\/www.medellin.gov.co\/es\/wp-json\/wp\/v2\/categories?post=78765"},{"taxonomy":"post_tag","embeddable":true,"href":"https:\/\/www.medellin.gov.co\/es\/wp-json\/wp\/v2\/tags?post=78765"},{"taxonomy":"formato_nota","embeddable":true,"href":"https:\/\/www.medellin.gov.co\/es\/wp-json\/wp\/v2\/formato_nota?post=78765"},{"taxonomy":"programas_tax","embeddable":true,"href":"https:\/\/www.medellin.gov.co\/es\/wp-json\/wp\/v2\/programas_tax?post=78765"}],"curies":[{"name":"wp","href":"https:\/\/api.w.org\/{rel}","templated":true}]}}