{"id":78911,"date":"2022-07-27T17:46:47","date_gmt":"2022-07-27T22:46:47","guid":{"rendered":"https:\/\/www.medellin.gov.co\/es\/?p=78911"},"modified":"2022-10-12T07:22:51","modified_gmt":"2022-10-12T12:22:51","slug":"hidroituango-aprendizaje-y-bienestar-para-colombia","status":"publish","type":"post","link":"https:\/\/www.medellin.gov.co\/es\/sala-de-prensa\/noticias\/hidroituango-aprendizaje-y-bienestar-para-colombia\/","title":{"rendered":"Hidroituango, aprendizaje y bienestar para Colombia"},"content":{"rendered":"<p>Con el prop\u00f3sito de generar el 17 % de la energ\u00eda que necesita el pa\u00eds, en 2010 iniciaron las obras del proyecto hidroel\u00e9ctrico m\u00e1s ambicioso e importante de los \u00faltimos a\u00f1os: Hidroituango. Empresas P\u00fablicas de Medell\u00edn &#8211; EPM es la empresa que se ha encargado de la ejecuci\u00f3n de la obra.<\/p>\n<p>El proyecto se localiza sobre el r\u00edo Cauca, en el noroccidente del departamento de Antioquia a unos 170 km de Medell\u00edn. Ocupa predios de los municipios de Ituango y Brice\u00f1o donde se construyen las obras principales e incide en otros 10 municipios de las subregiones occidente y norte: Santa Fe de Antioquia, Buritic\u00e1, Peque, Liborina, Sabanalarga, Toledo, Olaya, San Andr\u00e9s de Cuerquia, Valdivia y Yarumal.<\/p>\n<p><strong>Responder ante la crisis, una evoluci\u00f3n en el pensamiento antioque\u00f1o<\/strong><\/p>\n<p>Para el a\u00f1o 2014 se realiz\u00f3 la desviaci\u00f3n del r\u00edo Cauca para permitir la construcci\u00f3n de t\u00faneles profundos que redireccionaron el afluente; sin embargo, cuatro a\u00f1os despu\u00e9s, en 2018, la obra tuvo un momento cr\u00edtico cuando los t\u00faneles de desviaci\u00f3n se taparon, una contingencia que puso en riesgo a las poblaciones aguas abajo, e incluso a la obra misma con el aumento del caudal sobre una presa sin terminar. Este evento represent\u00f3 un atraso en la obra y un sobrecosto que en su momento asumi\u00f3 EPM. La incertidumbre sobre el proyecto y la herida reputacional sobre la entidad p\u00fablica afectaba el patrimonio econ\u00f3mico y moral de los antioque\u00f1os.<\/p>\n<p>En 2020, con la posesi\u00f3n del alcalde Daniel Quintero Calle, lleg\u00f3 el Plan de Desarrollo Medell\u00edn Futuro, con el que se dio prioridad a la recuperaci\u00f3n de los casi 4 billones de pesos en sobrecostos asociados a la contingencia en 2018. El alcalde Quintero inici\u00f3 el proceso fiscal correspondiente que dio como resultado la firma del Acuerdo de Transacci\u00f3n entre EPM y la aseguradora Mapfre por 983,8 millones de d\u00f3lares, correspondientes a una parte del fallo de responsabilidad fiscal emitido por la Contralor\u00eda General de la Rep\u00fablica contra directores, contratistas y otros responsables de las afectaciones.<\/p>\n<p>Luego del cumplimiento del 100 % del compromiso de pago por parte de las aseguradoras, la Alcald\u00eda de Medell\u00edn continu\u00f3 con una meticulosa tarea de seguimiento al cronograma t\u00e9cnico para cumplir los nuevos plazos de la obra y as\u00ed poner en funcionamiento la hidroel\u00e9ctrica en el menor tiempo posible y con todas las condiciones de seguridad. La responsabilidad y el respeto por los dineros p\u00fablicos se convirtieron en los grandes mensajes que el alcalde, Daniel Quintero, llev\u00f3 a trav\u00e9s de las acciones p\u00fablicas a la sociedad, los servidores y las instituciones p\u00fablicas.<\/p>\n<p><strong>La luz al final del t\u00fanel<\/strong><\/p>\n<p>Despu\u00e9s de meses de trabajo constante, el 26 de julio de 2022 se logr\u00f3 un avance importante: el inicio de las pruebas en seco, las cuales fueron todo un \u00e9xito. Este es el resultado de la labor constante de m\u00e1s de 8.000 personas que a diario han aportado todo su esfuerzo y dedicaci\u00f3n para sacar adelante el proyecto hidroel\u00e9ctrico m\u00e1s importante del pa\u00eds. Las pruebas se realizar\u00e1n en septiembre y octubre para poner en operaci\u00f3n comercial las turbinas 1 y 2 a finales de 2022.<\/p>\n<p>La tarea no termina, el inicio de los procesos contractuales para las nuevas unidades generadoras se perfila sobre altos indicadores del cumplimiento social, legal, ambiental y econ\u00f3mico que reducen al m\u00e1ximo los riesgos. El estilo para la continuaci\u00f3n en el desarrollo del proyecto que ha definido la actual administraci\u00f3n de Medell\u00edn y el gobierno corporativo de EPM, conversan con lo que la ciudadan\u00eda pide en cuanto al cuidado del patrimonio de los antioque\u00f1os y enciende nuevas esperanzas en el desarrollo general del pa\u00eds.<\/p>\n<p>Con la puesta en marcha de Hidroituango Colombia se beneficiar\u00e1 con seguridad energ\u00e9tica para las pr\u00f3ximas d\u00e9cadas, as\u00ed con energ\u00eda limpia y renovable EPM contribuye a la armon\u00eda de la vida para un mundo mejor.<\/p>\n<p><div class=\"iframe-container\"><iframe title=\"YouTube video player\" src=\"https:\/\/www.youtube.com\/embed\/15LFoqUtVOg\" width=\"100%\" height=\"400\" frameborder=\"0\" allowfullscreen=\"allowfullscreen\"><\/iframe><\/div><\/p>\n\n\t\t<style type=\"text\/css\">\n\t\t\t#gallery-1 {\n\t\t\t\tmargin: auto;\n\t\t\t}\n\t\t\t#gallery-1 .gallery-item {\n\t\t\t\tfloat: left;\n\t\t\t\tmargin-top: 10px;\n\t\t\t\ttext-align: center;\n\t\t\t\twidth: 50%;\n\t\t\t}\n\t\t\t#gallery-1 img {\n\t\t\t\tborder: 2px solid #cfcfcf;\n\t\t\t}\n\t\t\t#gallery-1 .gallery-caption {\n\t\t\t\tmargin-left: 0;\n\t\t\t}\n\t\t\t\/* see gallery_shortcode() in wp-includes\/media.php *\/\n\t\t<\/style>\n\t\t<div id='gallery-1' class='gallery galleryid-78911 gallery-columns-2 gallery-size-medium'><dl class='gallery-item'>\n\t\t\t<dt class='gallery-icon landscape'>\n\t\t\t\t<a href='https:\/\/www.medellin.gov.co\/es\/sala-de-prensa\/imagenes\/hidroituango\/hidroituango-9-2\/'><img width=\"300\" height=\"200\" src=\"https:\/\/www.medellin.gov.co\/es\/wp-content\/uploads\/2022\/07\/Hidroituango-9-300x200.jpg\" class=\"attachment-medium size-medium\" alt=\"Hidroituango\" loading=\"lazy\" srcset=\"https:\/\/www.medellin.gov.co\/es\/wp-content\/uploads\/2022\/07\/Hidroituango-9-300x200.jpg 300w, https:\/\/www.medellin.gov.co\/es\/wp-content\/uploads\/2022\/07\/Hidroituango-9-150x100.jpg 150w, https:\/\/www.medellin.gov.co\/es\/wp-content\/uploads\/2022\/07\/Hidroituango-9-768x512.jpg 768w, https:\/\/www.medellin.gov.co\/es\/wp-content\/uploads\/2022\/07\/Hidroituango-9.jpg 1024w\" sizes=\"(max-width: 300px) 100vw, 300px\" \/><\/a>\n\t\t\t<\/dt><\/dl><dl class='gallery-item'>\n\t\t\t<dt class='gallery-icon landscape'>\n\t\t\t\t<a href='https:\/\/www.medellin.gov.co\/es\/sala-de-prensa\/imagenes\/hidroituango\/hidroituango-2-2\/'><img width=\"300\" height=\"200\" src=\"https:\/\/www.medellin.gov.co\/es\/wp-content\/uploads\/2022\/07\/Hidroituango-2-300x200.jpg\" class=\"attachment-medium size-medium\" alt=\"Hidroituango\" loading=\"lazy\" srcset=\"https:\/\/www.medellin.gov.co\/es\/wp-content\/uploads\/2022\/07\/Hidroituango-2-300x200.jpg 300w, https:\/\/www.medellin.gov.co\/es\/wp-content\/uploads\/2022\/07\/Hidroituango-2-150x100.jpg 150w, https:\/\/www.medellin.gov.co\/es\/wp-content\/uploads\/2022\/07\/Hidroituango-2-768x512.jpg 768w, https:\/\/www.medellin.gov.co\/es\/wp-content\/uploads\/2022\/07\/Hidroituango-2.jpg 1024w\" sizes=\"(max-width: 300px) 100vw, 300px\" \/><\/a>\n\t\t\t<\/dt><\/dl><br style=\"clear: both\" \/><dl class='gallery-item'>\n\t\t\t<dt class='gallery-icon landscape'>\n\t\t\t\t<a href='https:\/\/www.medellin.gov.co\/es\/sala-de-prensa\/imagenes\/hidroituango\/hidroituango-3-2\/'><img width=\"300\" height=\"201\" src=\"https:\/\/www.medellin.gov.co\/es\/wp-content\/uploads\/2022\/07\/Hidroituango-3-300x201.jpg\" class=\"attachment-medium size-medium\" alt=\"Hidroituango\" loading=\"lazy\" srcset=\"https:\/\/www.medellin.gov.co\/es\/wp-content\/uploads\/2022\/07\/Hidroituango-3-300x201.jpg 300w, https:\/\/www.medellin.gov.co\/es\/wp-content\/uploads\/2022\/07\/Hidroituango-3-150x100.jpg 150w, https:\/\/www.medellin.gov.co\/es\/wp-content\/uploads\/2022\/07\/Hidroituango-3-768x515.jpg 768w, https:\/\/www.medellin.gov.co\/es\/wp-content\/uploads\/2022\/07\/Hidroituango-3.jpg 1024w\" sizes=\"(max-width: 300px) 100vw, 300px\" \/><\/a>\n\t\t\t<\/dt><\/dl><dl class='gallery-item'>\n\t\t\t<dt class='gallery-icon landscape'>\n\t\t\t\t<a href='https:\/\/www.medellin.gov.co\/es\/sala-de-prensa\/imagenes\/hidroituango\/hidroituango-8-2\/'><img width=\"300\" height=\"200\" src=\"https:\/\/www.medellin.gov.co\/es\/wp-content\/uploads\/2022\/07\/Hidroituango-8-300x200.jpg\" class=\"attachment-medium size-medium\" alt=\"Hidroituango\" loading=\"lazy\" srcset=\"https:\/\/www.medellin.gov.co\/es\/wp-content\/uploads\/2022\/07\/Hidroituango-8-300x200.jpg 300w, https:\/\/www.medellin.gov.co\/es\/wp-content\/uploads\/2022\/07\/Hidroituango-8-150x100.jpg 150w, https:\/\/www.medellin.gov.co\/es\/wp-content\/uploads\/2022\/07\/Hidroituango-8-768x512.jpg 768w, https:\/\/www.medellin.gov.co\/es\/wp-content\/uploads\/2022\/07\/Hidroituango-8.jpg 1024w\" sizes=\"(max-width: 300px) 100vw, 300px\" \/><\/a>\n\t\t\t<\/dt><\/dl><br style=\"clear: both\" \/><dl class='gallery-item'>\n\t\t\t<dt class='gallery-icon landscape'>\n\t\t\t\t<a href='https:\/\/www.medellin.gov.co\/es\/sala-de-prensa\/imagenes\/hidroituango\/hidroituango-4-2\/'><img width=\"300\" height=\"200\" src=\"https:\/\/www.medellin.gov.co\/es\/wp-content\/uploads\/2022\/07\/Hidroituango-4-300x200.jpg\" class=\"attachment-medium size-medium\" alt=\"Hidroituango\" loading=\"lazy\" srcset=\"https:\/\/www.medellin.gov.co\/es\/wp-content\/uploads\/2022\/07\/Hidroituango-4-300x200.jpg 300w, https:\/\/www.medellin.gov.co\/es\/wp-content\/uploads\/2022\/07\/Hidroituango-4-150x100.jpg 150w, https:\/\/www.medellin.gov.co\/es\/wp-content\/uploads\/2022\/07\/Hidroituango-4-768x512.jpg 768w, https:\/\/www.medellin.gov.co\/es\/wp-content\/uploads\/2022\/07\/Hidroituango-4.jpg 1024w\" sizes=\"(max-width: 300px) 100vw, 300px\" \/><\/a>\n\t\t\t<\/dt><\/dl><dl class='gallery-item'>\n\t\t\t<dt class='gallery-icon landscape'>\n\t\t\t\t<a href='https:\/\/www.medellin.gov.co\/es\/sala-de-prensa\/imagenes\/hidroituango\/hidroituango-5-2\/'><img width=\"300\" height=\"200\" src=\"https:\/\/www.medellin.gov.co\/es\/wp-content\/uploads\/2022\/07\/Hidroituango-5-300x200.jpg\" class=\"attachment-medium size-medium\" alt=\"Hidroituango\" loading=\"lazy\" srcset=\"https:\/\/www.medellin.gov.co\/es\/wp-content\/uploads\/2022\/07\/Hidroituango-5-300x200.jpg 300w, https:\/\/www.medellin.gov.co\/es\/wp-content\/uploads\/2022\/07\/Hidroituango-5-150x100.jpg 150w, https:\/\/www.medellin.gov.co\/es\/wp-content\/uploads\/2022\/07\/Hidroituango-5-768x512.jpg 768w, https:\/\/www.medellin.gov.co\/es\/wp-content\/uploads\/2022\/07\/Hidroituango-5.jpg 1024w\" sizes=\"(max-width: 300px) 100vw, 300px\" \/><\/a>\n\t\t\t<\/dt><\/dl><br style=\"clear: both\" \/><dl class='gallery-item'>\n\t\t\t<dt class='gallery-icon landscape'>\n\t\t\t\t<a href='https:\/\/www.medellin.gov.co\/es\/sala-de-prensa\/imagenes\/hidroituango\/hidroituango-6-2\/'><img width=\"300\" height=\"215\" src=\"https:\/\/www.medellin.gov.co\/es\/wp-content\/uploads\/2022\/07\/Hidroituango-6-300x215.jpg\" class=\"attachment-medium size-medium\" alt=\"Hidroituango\" loading=\"lazy\" srcset=\"https:\/\/www.medellin.gov.co\/es\/wp-content\/uploads\/2022\/07\/Hidroituango-6-300x215.jpg 300w, https:\/\/www.medellin.gov.co\/es\/wp-content\/uploads\/2022\/07\/Hidroituango-6-150x107.jpg 150w, https:\/\/www.medellin.gov.co\/es\/wp-content\/uploads\/2022\/07\/Hidroituango-6-768x550.jpg 768w, https:\/\/www.medellin.gov.co\/es\/wp-content\/uploads\/2022\/07\/Hidroituango-6.jpg 1024w\" sizes=\"(max-width: 300px) 100vw, 300px\" \/><\/a>\n\t\t\t<\/dt><\/dl><dl class='gallery-item'>\n\t\t\t<dt class='gallery-icon landscape'>\n\t\t\t\t<a href='https:\/\/www.medellin.gov.co\/es\/sala-de-prensa\/imagenes\/hidroituango\/hidroituango-7-2\/'><img width=\"300\" height=\"209\" src=\"https:\/\/www.medellin.gov.co\/es\/wp-content\/uploads\/2022\/07\/Hidroituango-7-300x209.jpg\" class=\"attachment-medium size-medium\" alt=\"Hidroituango\" loading=\"lazy\" srcset=\"https:\/\/www.medellin.gov.co\/es\/wp-content\/uploads\/2022\/07\/Hidroituango-7-300x209.jpg 300w, https:\/\/www.medellin.gov.co\/es\/wp-content\/uploads\/2022\/07\/Hidroituango-7-150x105.jpg 150w, https:\/\/www.medellin.gov.co\/es\/wp-content\/uploads\/2022\/07\/Hidroituango-7-768x536.jpg 768w, https:\/\/www.medellin.gov.co\/es\/wp-content\/uploads\/2022\/07\/Hidroituango-7.jpg 1024w\" sizes=\"(max-width: 300px) 100vw, 300px\" \/><\/a>\n\t\t\t<\/dt><\/dl><br style=\"clear: both\" \/>\n\t\t<\/div>\n\n<p>Hidroituango &#8211; Fotos Alcald\u00eda de Medell\u00edn<\/p>\n","protected":false},"excerpt":{"rendered":"<p>Con el prop\u00f3sito de generar el 17 % de la energ\u00eda que necesita el pa\u00eds, en 2010 iniciaron las obras del proyecto hidroel\u00e9ctrico m\u00e1s ambicioso e importante de los \u00faltimos a\u00f1os: Hidroituango. Empresas P\u00fablicas de &#8230;<\/p>\n","protected":false},"author":21,"featured_media":78873,"comment_status":"open","ping_status":"open","sticky":false,"template":"","format":"standard","meta":[],"categories":[293,26],"tags":[455,442,443],"formato_nota":[],"programas_tax":[],"acf":[],"_links":{"self":[{"href":"https:\/\/www.medellin.gov.co\/es\/wp-json\/wp\/v2\/posts\/78911"}],"collection":[{"href":"https:\/\/www.medellin.gov.co\/es\/wp-json\/wp\/v2\/posts"}],"about":[{"href":"https:\/\/www.medellin.gov.co\/es\/wp-json\/wp\/v2\/types\/post"}],"author":[{"embeddable":true,"href":"https:\/\/www.medellin.gov.co\/es\/wp-json\/wp\/v2\/users\/21"}],"replies":[{"embeddable":true,"href":"https:\/\/www.medellin.gov.co\/es\/wp-json\/wp\/v2\/comments?post=78911"}],"version-history":[{"count":10,"href":"https:\/\/www.medellin.gov.co\/es\/wp-json\/wp\/v2\/posts\/78911\/revisions"}],"predecessor-version":[{"id":117774,"href":"https:\/\/www.medellin.gov.co\/es\/wp-json\/wp\/v2\/posts\/78911\/revisions\/117774"}],"wp:featuredmedia":[{"embeddable":true,"href":"https:\/\/www.medellin.gov.co\/es\/wp-json\/wp\/v2\/media\/78873"}],"wp:attachment":[{"href":"https:\/\/www.medellin.gov.co\/es\/wp-json\/wp\/v2\/media?parent=78911"}],"wp:term":[{"taxonomy":"category","embeddable":true,"href":"https:\/\/www.medellin.gov.co\/es\/wp-json\/wp\/v2\/categories?post=78911"},{"taxonomy":"post_tag","embeddable":true,"href":"https:\/\/www.medellin.gov.co\/es\/wp-json\/wp\/v2\/tags?post=78911"},{"taxonomy":"formato_nota","embeddable":true,"href":"https:\/\/www.medellin.gov.co\/es\/wp-json\/wp\/v2\/formato_nota?post=78911"},{"taxonomy":"programas_tax","embeddable":true,"href":"https:\/\/www.medellin.gov.co\/es\/wp-json\/wp\/v2\/programas_tax?post=78911"}],"curies":[{"name":"wp","href":"https:\/\/api.w.org\/{rel}","templated":true}]}}