{"id":79060,"date":"2022-07-28T09:55:19","date_gmt":"2022-07-28T14:55:19","guid":{"rendered":"https:\/\/www.medellin.gov.co\/es\/?p=79060"},"modified":"2022-07-28T10:14:55","modified_gmt":"2022-07-28T15:14:55","slug":"medellin-proyecta-mas-de-28-000-visitantes-y-una-derrama-economica-de-us29-millones-durante-la-feria-de-las-flores-2022","status":"publish","type":"post","link":"https:\/\/www.medellin.gov.co\/es\/sala-de-prensa\/noticias\/medellin-proyecta-mas-de-28-000-visitantes-y-una-derrama-economica-de-us29-millones-durante-la-feria-de-las-flores-2022\/","title":{"rendered":"Medell\u00edn proyecta m\u00e1s de 28.000 visitantes y una derrama econ\u00f3mica de US$29 millones durante la Feria de las Flores 2022"},"content":{"rendered":"<ul>\n<li>La ciudad espera una ocupaci\u00f3n hotelera superior al 80 %, cifra mayor a la de 2018 y 2019, que fue de 77,03 % y 77,72 %, respectivamente.<\/li>\n<li>La derrama econ\u00f3mica alcanzar\u00eda un hist\u00f3rico de US$29 millones, superando a la edici\u00f3n de 2019 que cerr\u00f3 en US$22,5 millones.<\/li>\n<li>El n\u00famero de visitantes ser\u00eda mayor a 2021, cuando se registraron 27.447 durante los diez d\u00edas de feria.<\/li>\n<\/ul>\n<!--[if lt IE 9]><script>document.createElement('audio');<\/script><![endif]-->\n\t<div class=\"wp-playlist wp-audio-playlist wp-playlist-light\">\n\t\t\t<div class=\"wp-playlist-current-item\"><\/div>\n\t\t<audio controls=\"controls\" preload=\"none\" width=\"640\"\n\t\t\t><\/audio>\n\t<div class=\"wp-playlist-next\"><\/div>\n\t<div class=\"wp-playlist-prev\"><\/div>\n\t<noscript>\n\t<ol>\n\t\t<li><a href='https:\/\/www.medellin.gov.co\/es\/wp-content\/uploads\/2022\/07\/feria-de-flores.mp3'>Palabras de Alejandro Arias Garc\u00eda, secretario de Desarrollo Econ\u00f3mico<\/a><\/li>\t<\/ol>\n\t<\/noscript>\n\t<script type=\"application\/json\" class=\"wp-playlist-script\">{\"type\":\"audio\",\"tracklist\":true,\"tracknumbers\":true,\"images\":true,\"artists\":true,\"tracks\":[{\"src\":\"https:\\\/\\\/www.medellin.gov.co\\\/es\\\/wp-content\\\/uploads\\\/2022\\\/07\\\/feria-de-flores.mp3\",\"type\":\"audio\\\/mpeg\",\"title\":\"Palabras de Alejandro Arias Garc\\u00eda, secretario de Desarrollo Econ\\u00f3mico\",\"caption\":\"\",\"description\":\"\\u00abferia-de-flores\\u00bb. Lanzamiento: 2022.\",\"meta\":{\"year\":\"2022\",\"length_formatted\":\"0:44\"},\"image\":{\"src\":\"https:\\\/\\\/www.medellin.gov.co\\\/es\\\/wp-includes\\\/images\\\/media\\\/audio.png\",\"width\":48,\"height\":64},\"thumb\":{\"src\":\"https:\\\/\\\/www.medellin.gov.co\\\/es\\\/wp-includes\\\/images\\\/media\\\/audio.png\",\"width\":48,\"height\":64}}]}<\/script>\n<\/div>\n\t\n<p>Despu\u00e9s de dos a\u00f1os de restricciones, debido a la emergencia sanitaria por la covid-19, Medell\u00edn vuelve a vivir una Feria de las Flores en normalidad, que le dejar\u00e1 a la ciudad cifras hist\u00f3ricas en cuanto a la ocupaci\u00f3n hotelera, visitantes nacionales e internacionales y derrama econ\u00f3mica.<\/p>\n<p>\u201c<em>Esta ser\u00e1 la primera versi\u00f3n 100% presencial despu\u00e9s de la pandemia con m\u00e1s de 127 actividades. Tendremos 28.000 visitantes, el 40% de estos ser\u00e1n internacionales de pa\u00edses como Estados Unidos, M\u00e9xico, Ecuador, Argentina y otros<\/em>\u201d, afirm\u00f3 el secretario de Desarrollo Econ\u00f3mico, Alejandro Arias Garc\u00eda.<\/p>\n<p>La proyecci\u00f3n de visitantes para este a\u00f1o se estima que superen las alcanzadas en a\u00f1os anteriores. La Feria de las Flores 2020, que se realiz\u00f3 con restricciones a\u00e9reas y de movilidad, tuvo 8.907 visitantes, mientras que en 2021 la cifra lleg\u00f3 a 27.447.<\/p>\n<div id=\"attachment_79074\" style=\"width: 1034px\" class=\"wp-caption alignnone\"><img aria-describedby=\"caption-attachment-79074\" loading=\"lazy\" class=\"wp-image-79074 size-full\" title=\"Feria de las Flores 2022\" src=\"https:\/\/www.medellin.gov.co\/es\/wp-content\/uploads\/2022\/07\/feria-de-flores-2.jpg\" alt=\"Feria de las Flores 2022\" width=\"1024\" height=\"682\" srcset=\"https:\/\/www.medellin.gov.co\/es\/wp-content\/uploads\/2022\/07\/feria-de-flores-2.jpg 1024w, https:\/\/www.medellin.gov.co\/es\/wp-content\/uploads\/2022\/07\/feria-de-flores-2-300x200.jpg 300w, https:\/\/www.medellin.gov.co\/es\/wp-content\/uploads\/2022\/07\/feria-de-flores-2-150x100.jpg 150w, https:\/\/www.medellin.gov.co\/es\/wp-content\/uploads\/2022\/07\/feria-de-flores-2-768x512.jpg 768w\" sizes=\"(max-width: 1024px) 100vw, 1024px\" \/><p id=\"caption-attachment-79074\" class=\"wp-caption-text\">Feria de las Flores 2022 &#8211; Foto: Alcald\u00eda de Medell\u00edn<\/p><\/div>\n<p>Frente a la derrama econ\u00f3mica, el Observatorio de Turismo de Medell\u00edn calcul\u00f3 un ingreso de m\u00e1s de US$29 millones, superior a los US$22,5 millones de 2019 y a los US$18 millones de 2021. Se estima que los turistas internacionales har\u00e1n un gasto promedio de US$116 diarios cada uno.<\/p>\n<p>La ocupaci\u00f3n hotelera estar\u00e1 por encima del 80 %, cifra r\u00e9cord para este evento y superior a las ediciones de 2018 (77,03 %), 2019 (77,72 %) y 2021 (66,6 %).<\/p>\n<p>Para Medell\u00edn, la Feria de las Flores es uno de los eventos m\u00e1s tradicionales y multitudinarios. Seg\u00fan cifras del Observatorio de Turismo, 2.000.000 de personas asisten a los diferentes eventos y encuentros presenciales, siendo el Desfile de Silleteros el que mayor p\u00fablico atrae (600.000 personas en 2018 y 800.000 en 2019). Para este a\u00f1o, con el regreso del desfile al corredor del R\u00edo Medell\u00edn, se estiman m\u00e1s de 900.000 asistentes.<\/p>\n<p>Gracias a la Feria de las Flores, Medell\u00edn sigue consolidando su reactivaci\u00f3n econ\u00f3mica y generando mayores oportunidades para empresarios, emprendedores y ciudadan\u00eda en general.<\/p>\n","protected":false},"excerpt":{"rendered":"<p>La ciudad espera una ocupaci\u00f3n hotelera superior al 80 %, cifra mayor a la de 2018 y 2019, que fue de 77,03 % y 77,72 %, respectivamente. La derrama econ\u00f3mica alcanzar\u00eda un hist\u00f3rico de US$29 &#8230;<\/p>\n","protected":false},"author":4,"featured_media":79072,"comment_status":"open","ping_status":"open","sticky":false,"template":"","format":"standard","meta":[],"categories":[31,3],"tags":[444,428,429],"formato_nota":[],"programas_tax":[],"acf":[],"_links":{"self":[{"href":"https:\/\/www.medellin.gov.co\/es\/wp-json\/wp\/v2\/posts\/79060"}],"collection":[{"href":"https:\/\/www.medellin.gov.co\/es\/wp-json\/wp\/v2\/posts"}],"about":[{"href":"https:\/\/www.medellin.gov.co\/es\/wp-json\/wp\/v2\/types\/post"}],"author":[{"embeddable":true,"href":"https:\/\/www.medellin.gov.co\/es\/wp-json\/wp\/v2\/users\/4"}],"replies":[{"embeddable":true,"href":"https:\/\/www.medellin.gov.co\/es\/wp-json\/wp\/v2\/comments?post=79060"}],"version-history":[{"count":2,"href":"https:\/\/www.medellin.gov.co\/es\/wp-json\/wp\/v2\/posts\/79060\/revisions"}],"predecessor-version":[{"id":79148,"href":"https:\/\/www.medellin.gov.co\/es\/wp-json\/wp\/v2\/posts\/79060\/revisions\/79148"}],"wp:featuredmedia":[{"embeddable":true,"href":"https:\/\/www.medellin.gov.co\/es\/wp-json\/wp\/v2\/media\/79072"}],"wp:attachment":[{"href":"https:\/\/www.medellin.gov.co\/es\/wp-json\/wp\/v2\/media?parent=79060"}],"wp:term":[{"taxonomy":"category","embeddable":true,"href":"https:\/\/www.medellin.gov.co\/es\/wp-json\/wp\/v2\/categories?post=79060"},{"taxonomy":"post_tag","embeddable":true,"href":"https:\/\/www.medellin.gov.co\/es\/wp-json\/wp\/v2\/tags?post=79060"},{"taxonomy":"formato_nota","embeddable":true,"href":"https:\/\/www.medellin.gov.co\/es\/wp-json\/wp\/v2\/formato_nota?post=79060"},{"taxonomy":"programas_tax","embeddable":true,"href":"https:\/\/www.medellin.gov.co\/es\/wp-json\/wp\/v2\/programas_tax?post=79060"}],"curies":[{"name":"wp","href":"https:\/\/api.w.org\/{rel}","templated":true}]}}