{"id":79853,"date":"2022-07-29T21:17:54","date_gmt":"2022-07-30T02:17:54","guid":{"rendered":"https:\/\/www.medellin.gov.co\/es\/?p=79853"},"modified":"2022-07-29T21:17:54","modified_gmt":"2022-07-30T02:17:54","slug":"mediante-urgencia-manifiesta-la-alcaldia-de-medellin-atendera-cinco-puntos-afectados-por-lluvias-en-la-ciudad","status":"publish","type":"post","link":"https:\/\/www.medellin.gov.co\/es\/sala-de-prensa\/noticias\/mediante-urgencia-manifiesta-la-alcaldia-de-medellin-atendera-cinco-puntos-afectados-por-lluvias-en-la-ciudad\/","title":{"rendered":"Mediante urgencia manifiesta, la Alcald\u00eda de Medell\u00edn atender\u00e1 cinco puntos afectados por lluvias en la ciudad"},"content":{"rendered":"<ul>\n<li>Los trabajos se centrar\u00e1n en zonas como Villatina, Palos Verdes, El Faro, La Palmera y San Antonio de Prado.<\/li>\n<li>El prop\u00f3sito es mitigar los efectos del fen\u00f3meno de La Ni\u00f1a en distintos puntos de la ciudad.<\/li>\n<li>En los cinco puntos de atenci\u00f3n por urgencia manifiesta, el DAGRD ejecutar\u00e1 un presupuesto inicial de $10.000 millones<\/li>\n<\/ul>\n<!--[if lt IE 9]><script>document.createElement('audio');<\/script><![endif]-->\n\t<div class=\"wp-playlist wp-audio-playlist wp-playlist-light\">\n\t\t\t<div class=\"wp-playlist-current-item\"><\/div>\n\t\t<audio controls=\"controls\" preload=\"none\" width=\"640\"\n\t\t\t><\/audio>\n\t<div class=\"wp-playlist-next\"><\/div>\n\t<div class=\"wp-playlist-prev\"><\/div>\n\t<noscript>\n\t<ol>\n\t\t<li><a href='https:\/\/www.medellin.gov.co\/es\/wp-content\/uploads\/2022\/07\/Atencion-Afectacion-Lluvias-01.mp3'>Palabras de Laura Duarte, directora del DAGRD<\/a><\/li>\t<\/ol>\n\t<\/noscript>\n\t<script type=\"application\/json\" class=\"wp-playlist-script\">{\"type\":\"audio\",\"tracklist\":true,\"tracknumbers\":true,\"images\":true,\"artists\":true,\"tracks\":[{\"src\":\"https:\\\/\\\/www.medellin.gov.co\\\/es\\\/wp-content\\\/uploads\\\/2022\\\/07\\\/Atencion-Afectacion-Lluvias-01.mp3\",\"type\":\"audio\\\/mpeg\",\"title\":\"Palabras de Laura Duarte, directora del DAGRD\",\"caption\":\"\",\"description\":\"\\u00abPalabras de Laura Duarte, directora del DAGRD\\u00bb.\",\"meta\":{\"year\":\"2022\",\"length_formatted\":\"1:24\"},\"image\":{\"src\":\"https:\\\/\\\/www.medellin.gov.co\\\/es\\\/wp-includes\\\/images\\\/media\\\/audio.png\",\"width\":48,\"height\":64},\"thumb\":{\"src\":\"https:\\\/\\\/www.medellin.gov.co\\\/es\\\/wp-includes\\\/images\\\/media\\\/audio.png\",\"width\":48,\"height\":64}}]}<\/script>\n<\/div>\n\t\n<p>Con la declaratoria de urgencia manifiesta, la Alcald\u00eda de Medell\u00edn, por intermedio del DAGRD, inicia labores de mitigaci\u00f3n inmediata en cinco puntos que se han visto afectados por emergencias durante esta temporada de lluvias. Adem\u00e1s, se posibilita la realizaci\u00f3n de estudios t\u00e9cnicos para establecer obras definitivas en estos sectores.<\/p>\n<p>\u201c<em>Para nosotros lo prioritario es la vida, es por eso que hemos hecho todas estas acciones para una atenci\u00f3n correcta y oportuna de estos puntos. Asimismo, seguimos atendiendo de manera integral a todas las personas que se han visto afectadas por la temporada invernal<\/em>\u201d, expres\u00f3 la directora del DAGRD, Laura Duarte.<\/p>\n<p>El Departamento Administrativo de Gesti\u00f3n del Riesgo de Desastres &#8211; DAGRD ejecutar\u00e1 obras prioritarias en Villatina y El Faro, en la comuna 8 (Villa Hermosa); Palos Verdes, en la comuna 3 (Manrique) y La Palmera, en Santa Elena.<\/p>\n<div id=\"attachment_79672\" style=\"width: 1034px\" class=\"wp-caption alignnone\"><a href=\"https:\/\/www.medellin.gov.co\/es\/wp-content\/uploads\/2022\/07\/Atencion-Afectacion-Lluvias-2.jpg\" target=\"_blank\" rel=\"noopener\"><img aria-describedby=\"caption-attachment-79672\" loading=\"lazy\" class=\"wp-image-79672 size-full\" title=\"Atenci\u00f3n de afectados por lluvias\" src=\"https:\/\/www.medellin.gov.co\/es\/wp-content\/uploads\/2022\/07\/Atencion-Afectacion-Lluvias-2.jpg\" alt=\"Atenci\u00f3n de afectados por lluvias\" width=\"1024\" height=\"682\" srcset=\"https:\/\/www.medellin.gov.co\/es\/wp-content\/uploads\/2022\/07\/Atencion-Afectacion-Lluvias-2.jpg 1024w, https:\/\/www.medellin.gov.co\/es\/wp-content\/uploads\/2022\/07\/Atencion-Afectacion-Lluvias-2-300x200.jpg 300w, https:\/\/www.medellin.gov.co\/es\/wp-content\/uploads\/2022\/07\/Atencion-Afectacion-Lluvias-2-150x100.jpg 150w, https:\/\/www.medellin.gov.co\/es\/wp-content\/uploads\/2022\/07\/Atencion-Afectacion-Lluvias-2-768x512.jpg 768w\" sizes=\"(max-width: 1024px) 100vw, 1024px\" \/><\/a><p id=\"caption-attachment-79672\" class=\"wp-caption-text\">Atenci\u00f3n de afectados por lluvias \u2013 Foto Alcald\u00eda de Medell\u00edn<\/p><\/div>\n<p>&nbsp;<\/p>\n<p>En los cinco puntos de atenci\u00f3n por urgencia manifiesta, el DAGRD ejecutar\u00e1 un presupuesto inicial de $10.000 millones. Entre los trabajos que se emprender\u00e1n se destacan el manejo de aguas lluvia, la remoci\u00f3n de material, el sellado de grietas, la construcci\u00f3n de barreras din\u00e1micas, la siembra de especies vegetales y el cubrimiento de taludes con pl\u00e1sticos tipo invernadero.<\/p>\n<p>En el \u00faltimo Consejo Municipal de Gesti\u00f3n del Riesgo se aprob\u00f3 incluir en la urgencia manifiesta el corregimiento de San Antonio de Prado, por lo que se adelantan los tr\u00e1mites jur\u00eddicos pertinentes. All\u00ed se priorizaron intervenciones en los sectores Pollo Coa, Finca La Montana y Tierra Alta.<\/p>\n<p>Todas estas emergencias han sido atendidas de manera oportuna por la Administraci\u00f3n Distrital con diferentes dependencias y contin\u00faan bajo monitoreo con el prop\u00f3sito de prevenir y conservar la vida de los habitantes de estos sectores.<\/p>\n<p>\u201c<em>Seguimos haciendo pedagog\u00eda y conocimiento del riesgo en las comunidades y acompa\u00f1\u00e1ndolos, ya que estamos en un a\u00f1o bastante complejo con el fen\u00f3meno de la ni\u00f1a. Desde el Dagrd y el Cuerpo Oficial de Bomberos Medell\u00edn seguimos atentos a todos los incidentes que ocurran en la ciudad<\/em>\u201d, agreg\u00f3 la Directora del DAGRD.<\/p>\n<p>Adem\u00e1s, y de manera simult\u00e1nea, se empezar\u00e1n estudios geol\u00f3gicos, geot\u00e9cnicos y de estabilidad que determinar\u00e1n acciones definitivas para estas comunidades.<\/p>\n","protected":false},"excerpt":{"rendered":"<p>Los trabajos se centrar\u00e1n en zonas como Villatina, Palos Verdes, El Faro, La Palmera y San Antonio de Prado. El prop\u00f3sito es mitigar los efectos del fen\u00f3meno de La Ni\u00f1a en distintos puntos de la &#8230;<\/p>\n","protected":false},"author":21,"featured_media":79673,"comment_status":"open","ping_status":"open","sticky":false,"template":"","format":"standard","meta":[],"categories":[30],"tags":[455],"formato_nota":[],"programas_tax":[],"acf":[],"_links":{"self":[{"href":"https:\/\/www.medellin.gov.co\/es\/wp-json\/wp\/v2\/posts\/79853"}],"collection":[{"href":"https:\/\/www.medellin.gov.co\/es\/wp-json\/wp\/v2\/posts"}],"about":[{"href":"https:\/\/www.medellin.gov.co\/es\/wp-json\/wp\/v2\/types\/post"}],"author":[{"embeddable":true,"href":"https:\/\/www.medellin.gov.co\/es\/wp-json\/wp\/v2\/users\/21"}],"replies":[{"embeddable":true,"href":"https:\/\/www.medellin.gov.co\/es\/wp-json\/wp\/v2\/comments?post=79853"}],"version-history":[{"count":1,"href":"https:\/\/www.medellin.gov.co\/es\/wp-json\/wp\/v2\/posts\/79853\/revisions"}],"predecessor-version":[{"id":79854,"href":"https:\/\/www.medellin.gov.co\/es\/wp-json\/wp\/v2\/posts\/79853\/revisions\/79854"}],"wp:featuredmedia":[{"embeddable":true,"href":"https:\/\/www.medellin.gov.co\/es\/wp-json\/wp\/v2\/media\/79673"}],"wp:attachment":[{"href":"https:\/\/www.medellin.gov.co\/es\/wp-json\/wp\/v2\/media?parent=79853"}],"wp:term":[{"taxonomy":"category","embeddable":true,"href":"https:\/\/www.medellin.gov.co\/es\/wp-json\/wp\/v2\/categories?post=79853"},{"taxonomy":"post_tag","embeddable":true,"href":"https:\/\/www.medellin.gov.co\/es\/wp-json\/wp\/v2\/tags?post=79853"},{"taxonomy":"formato_nota","embeddable":true,"href":"https:\/\/www.medellin.gov.co\/es\/wp-json\/wp\/v2\/formato_nota?post=79853"},{"taxonomy":"programas_tax","embeddable":true,"href":"https:\/\/www.medellin.gov.co\/es\/wp-json\/wp\/v2\/programas_tax?post=79853"}],"curies":[{"name":"wp","href":"https:\/\/api.w.org\/{rel}","templated":true}]}}