{"id":79855,"date":"2022-07-29T21:49:56","date_gmt":"2022-07-30T02:49:56","guid":{"rendered":"https:\/\/www.medellin.gov.co\/es\/?p=79855"},"modified":"2022-07-29T21:49:56","modified_gmt":"2022-07-30T02:49:56","slug":"con-record-historico-de-50-000-asistentes-cerro-colombiamoda-2022","status":"publish","type":"post","link":"https:\/\/www.medellin.gov.co\/es\/sala-de-prensa\/noticias\/con-record-historico-de-50-000-asistentes-cerro-colombiamoda-2022\/","title":{"rendered":"Con r\u00e9cord hist\u00f3rico de 50.000 asistentes cerr\u00f3 Colombiamoda 2022"},"content":{"rendered":"<ul>\n<li>Los visitantes se conectaron con negocios, tendencias y el conocimiento alrededor del Sistema Moda.<\/li>\n<li>El evento le dej\u00f3 a Medell\u00edn una derrama econ\u00f3mica de m\u00e1s de 8 millones de d\u00f3lares, gracias a sus 476 expositores y 11.300 compradores nacionales e internacionales.<\/li>\n<li>50 emprendimientos, apoyados por la Alcald\u00eda de Medell\u00edn en sus programas \u00c9pica, Encadenamientos Productivos, Hecho en Medell\u00edn y Moda al Barrio, fueron protagonistas.<\/li>\n<\/ul>\n<!--[if lt IE 9]><script>document.createElement('audio');<\/script><![endif]-->\n\t<div class=\"wp-playlist wp-audio-playlist wp-playlist-light\">\n\t\t\t<div class=\"wp-playlist-current-item\"><\/div>\n\t\t<audio controls=\"controls\" preload=\"none\" width=\"640\"\n\t\t\t><\/audio>\n\t<div class=\"wp-playlist-next\"><\/div>\n\t<div class=\"wp-playlist-prev\"><\/div>\n\t<noscript>\n\t<ol>\n\t\t<li><a href='https:\/\/www.medellin.gov.co\/es\/wp-content\/uploads\/2022\/07\/Colombiamoda-01.mp3'>Palabras de Alejandro Arias Garc\u00eda, secretario de Desarrollo Econ\u00f3mico<\/a><\/li><li><a href='https:\/\/www.medellin.gov.co\/es\/wp-content\/uploads\/2022\/07\/Colombiamoda-02.mp3'>Palabras de Carlos Eduardo Botero Hoyos, presidente ejecutivo de Inexmoda<\/a><\/li>\t<\/ol>\n\t<\/noscript>\n\t<script type=\"application\/json\" class=\"wp-playlist-script\">{\"type\":\"audio\",\"tracklist\":true,\"tracknumbers\":true,\"images\":true,\"artists\":true,\"tracks\":[{\"src\":\"https:\\\/\\\/www.medellin.gov.co\\\/es\\\/wp-content\\\/uploads\\\/2022\\\/07\\\/Colombiamoda-01.mp3\",\"type\":\"audio\\\/mpeg\",\"title\":\"Palabras de Alejandro Arias Garc\\u00eda, secretario de Desarrollo Econ\\u00f3mico\",\"caption\":\"\",\"description\":\"\\u00abPalabras de Alejandro Arias Garc\\u00eda, secretario de Desarrollo Econ\\u00f3mico\\u00bb.\",\"meta\":{\"year\":\"2022\",\"length_formatted\":\"1:00\"},\"image\":{\"src\":\"https:\\\/\\\/www.medellin.gov.co\\\/es\\\/wp-includes\\\/images\\\/media\\\/audio.png\",\"width\":48,\"height\":64},\"thumb\":{\"src\":\"https:\\\/\\\/www.medellin.gov.co\\\/es\\\/wp-includes\\\/images\\\/media\\\/audio.png\",\"width\":48,\"height\":64}},{\"src\":\"https:\\\/\\\/www.medellin.gov.co\\\/es\\\/wp-content\\\/uploads\\\/2022\\\/07\\\/Colombiamoda-02.mp3\",\"type\":\"audio\\\/mpeg\",\"title\":\"Palabras de Carlos Eduardo Botero Hoyos, presidente ejecutivo de Inexmoda\",\"caption\":\"\",\"description\":\"\\u00abPalabras de Carlos Eduardo Botero Hoyos, presidente ejecutivo de Inexmoda\\u00bb.\",\"meta\":{\"year\":\"2022\",\"length_formatted\":\"2:02\"},\"image\":{\"src\":\"https:\\\/\\\/www.medellin.gov.co\\\/es\\\/wp-includes\\\/images\\\/media\\\/audio.png\",\"width\":48,\"height\":64},\"thumb\":{\"src\":\"https:\\\/\\\/www.medellin.gov.co\\\/es\\\/wp-includes\\\/images\\\/media\\\/audio.png\",\"width\":48,\"height\":64}}]}<\/script>\n<\/div>\n\t\n<p>Con cifras hist\u00f3ricas de asistencia finaliz\u00f3 la edici\u00f3n 33 de Colombiamoda, en la que m\u00e1s de 50.000 personas se dieron cita durante los tres d\u00edas de feria para explorar oportunidades de negocios, vibrar con los momentos de moda y evidenciar el significado de la moda consciente desde el \u00e1mbito ambiental, social y cultural.<\/p>\n<p>Seg\u00fan datos del Observatorio de Turismo de Medell\u00edn, se estima que el evento dej\u00f3 una derrama econ\u00f3mica superior a los 8 millones de d\u00f3lares, debido a inversiones en alojamiento, alimentaci\u00f3n, transporte, compras y actividades de recreaci\u00f3n. El gasto de los turistas para esta edici\u00f3n de Colombiamoda + Colombiatex 2022 es superior al de ediciones pasadas, debido al r\u00e9cord en asistencia que se registr\u00f3 en el evento y que, adem\u00e1s, signific\u00f3 una ocupaci\u00f3n hotelera general del 91,7 %, seg\u00fan datos de Cotelco.<\/p>\n<p>\u201c<em>La ciudad termina con un balance muy positivo despu\u00e9s de Colombiamoda y Colombiatex 2022. La ocupaci\u00f3n hotelera fue superior al 99% en zonas como El Poblado y Laureles, y 80% en otros sectores. En los casi 40 a\u00f1os de existencia de Colombiamoda, es la primera vez que tiene tantos asistentes<\/em>\u201d, expres\u00f3 el secretario de Desarrollo Econ\u00f3mico, Alejandro Arias Garc\u00eda.<\/p>\n<p>As\u00ed mismo, la feria activ\u00f3 la cadena de empleabilidad en la ciudad y gener\u00f3 2.500 empleos en actividades de montaje, log\u00edstica, producci\u00f3n, servicios de transporte y otras asociadas a la realizaci\u00f3n de eventos feriales empresariales.<\/p>\n<div id=\"attachment_79823\" style=\"width: 1034px\" class=\"wp-caption alignnone\"><a href=\"https:\/\/www.medellin.gov.co\/es\/wp-content\/uploads\/2022\/07\/Colombiamoda-2-1.jpg\" target=\"_blank\" rel=\"noopener\"><img aria-describedby=\"caption-attachment-79823\" loading=\"lazy\" class=\"wp-image-79823 size-full\" title=\"Colombiamoda 2022\" src=\"https:\/\/www.medellin.gov.co\/es\/wp-content\/uploads\/2022\/07\/Colombiamoda-2-1.jpg\" alt=\"Colombiamoda 2022\" width=\"1024\" height=\"684\" srcset=\"https:\/\/www.medellin.gov.co\/es\/wp-content\/uploads\/2022\/07\/Colombiamoda-2-1.jpg 1024w, https:\/\/www.medellin.gov.co\/es\/wp-content\/uploads\/2022\/07\/Colombiamoda-2-1-300x200.jpg 300w, https:\/\/www.medellin.gov.co\/es\/wp-content\/uploads\/2022\/07\/Colombiamoda-2-1-150x100.jpg 150w, https:\/\/www.medellin.gov.co\/es\/wp-content\/uploads\/2022\/07\/Colombiamoda-2-1-768x513.jpg 768w\" sizes=\"(max-width: 1024px) 100vw, 1024px\" \/><\/a><p id=\"caption-attachment-79823\" class=\"wp-caption-text\">Colombiamoda 2022 \u2013 Foto Alcald\u00eda de Medell\u00edn<\/p><\/div>\n<p>\u201c<em>Colombiamoda + Colombiatex 2022 evidenci\u00f3 que es un momento oportuno para dinamizar el Sistema Moda e impulsar el crecimiento econ\u00f3mico que ha vivido la industria este a\u00f1o. Ante el repunte en el consumo de moda y el incremento en las exportaciones, este escenario se convierte en la plataforma de conexi\u00f3n id\u00f3nea para hacer negocios, impulsar emprendimientos, visibilizar marcas y trazar la hoja de ruta del futuro para el sector\u201d, <\/em>afirm\u00f3 el presidente ejecutivo de Inexmoda, Carlos Eduardo Botero Hoyos.<\/p>\n<p>476 expositores hicieron parte de la muestra comercial de Colombiamoda + Colombiatex 2022, quienes presentaron nuevos desarrollos e innovaciones de toda la cadena de valor de la industria de la moda. 11.300 compradores provenientes de 47 pa\u00edses visitaron la muestra comercial en b\u00fasqueda de nuevas oportunidades, de los cuales cerca de 9.900 fueron compradores nacionales y 1.400 compradores internacionales. Adem\u00e1s, el evento recibi\u00f3 compradores internacionales de pa\u00edses como Ecuador, Estados Unidos y Panam\u00e1, Costa Rica y M\u00e9xico que, seg\u00fan reportes de la entidad, proyectan oportunidades de exportaci\u00f3n que ascienden a un valor de $33 millones de d\u00f3lares.<\/p>\n<p>Un hecho a destacar es la participaci\u00f3n de m\u00e1s de 50 emprendimientos apoyados por la Alcald\u00eda de Medell\u00edn en sus programas \u00c9pica, Encadenamientos Productivos, Hecho en Medell\u00edn y Moda al Barrio.<\/p>\n<p>Como anuncio final, Inexmoda, organizador del evento, confirm\u00f3 que la edici\u00f3n 34 de Colombiamoda se realizar\u00e1 del 25 al 27 de julio de 2023, para mantener conversaciones alrededor del Sistema Moda y aportar al desarrollo econ\u00f3mico de Medell\u00edn y sus empresarios.<\/p>\n","protected":false},"excerpt":{"rendered":"<p>Los visitantes se conectaron con negocios, tendencias y el conocimiento alrededor del Sistema Moda. El evento le dej\u00f3 a Medell\u00edn una derrama econ\u00f3mica de m\u00e1s de 8 millones de d\u00f3lares, gracias a sus 476 expositores &#8230;<\/p>\n","protected":false},"author":21,"featured_media":79820,"comment_status":"open","ping_status":"open","sticky":false,"template":"","format":"standard","meta":[],"categories":[3],"tags":[428],"formato_nota":[],"programas_tax":[],"acf":[],"_links":{"self":[{"href":"https:\/\/www.medellin.gov.co\/es\/wp-json\/wp\/v2\/posts\/79855"}],"collection":[{"href":"https:\/\/www.medellin.gov.co\/es\/wp-json\/wp\/v2\/posts"}],"about":[{"href":"https:\/\/www.medellin.gov.co\/es\/wp-json\/wp\/v2\/types\/post"}],"author":[{"embeddable":true,"href":"https:\/\/www.medellin.gov.co\/es\/wp-json\/wp\/v2\/users\/21"}],"replies":[{"embeddable":true,"href":"https:\/\/www.medellin.gov.co\/es\/wp-json\/wp\/v2\/comments?post=79855"}],"version-history":[{"count":2,"href":"https:\/\/www.medellin.gov.co\/es\/wp-json\/wp\/v2\/posts\/79855\/revisions"}],"predecessor-version":[{"id":79879,"href":"https:\/\/www.medellin.gov.co\/es\/wp-json\/wp\/v2\/posts\/79855\/revisions\/79879"}],"wp:featuredmedia":[{"embeddable":true,"href":"https:\/\/www.medellin.gov.co\/es\/wp-json\/wp\/v2\/media\/79820"}],"wp:attachment":[{"href":"https:\/\/www.medellin.gov.co\/es\/wp-json\/wp\/v2\/media?parent=79855"}],"wp:term":[{"taxonomy":"category","embeddable":true,"href":"https:\/\/www.medellin.gov.co\/es\/wp-json\/wp\/v2\/categories?post=79855"},{"taxonomy":"post_tag","embeddable":true,"href":"https:\/\/www.medellin.gov.co\/es\/wp-json\/wp\/v2\/tags?post=79855"},{"taxonomy":"formato_nota","embeddable":true,"href":"https:\/\/www.medellin.gov.co\/es\/wp-json\/wp\/v2\/formato_nota?post=79855"},{"taxonomy":"programas_tax","embeddable":true,"href":"https:\/\/www.medellin.gov.co\/es\/wp-json\/wp\/v2\/programas_tax?post=79855"}],"curies":[{"name":"wp","href":"https:\/\/api.w.org\/{rel}","templated":true}]}}