{"id":79883,"date":"2022-07-29T21:56:51","date_gmt":"2022-07-30T02:56:51","guid":{"rendered":"https:\/\/www.medellin.gov.co\/es\/?p=79883"},"modified":"2022-07-29T21:56:51","modified_gmt":"2022-07-30T02:56:51","slug":"mas-de-60-empresarios-internacionales-visitaron-medellin-para-la-preparacion-de-la-cumbre-global-de-educacion","status":"publish","type":"post","link":"https:\/\/www.medellin.gov.co\/es\/sala-de-prensa\/noticias\/mas-de-60-empresarios-internacionales-visitaron-medellin-para-la-preparacion-de-la-cumbre-global-de-educacion\/","title":{"rendered":"M\u00e1s de 60 empresarios internacionales visitaron Medell\u00edn para la preparaci\u00f3n de la Cumbre Global de Educaci\u00f3n"},"content":{"rendered":"<ul>\n<li>La Administraci\u00f3n Distrital adelant\u00f3 un encuentro con aliados estrat\u00e9gicos de once pa\u00edses de los sectores p\u00fablicos, privados y acad\u00e9micos.<\/li>\n<li>Estudiantes de media t\u00e9cnica y emprendedores de la ciudad mostraron a los visitantes sus proyectos de rob\u00f3tica, programaci\u00f3n y medio ambiente, entre otros.<\/li>\n<li>La cumbre, que se realizar\u00e1 en octubre pr\u00f3ximo, espera cerca de 30.000 visitantes.<\/li>\n<\/ul>\n<!--[if lt IE 9]><script>document.createElement('audio');<\/script><![endif]-->\n\t<div class=\"wp-playlist wp-audio-playlist wp-playlist-light\">\n\t\t\t<div class=\"wp-playlist-current-item\"><\/div>\n\t\t<audio controls=\"controls\" preload=\"none\" width=\"640\"\n\t\t\t><\/audio>\n\t<div class=\"wp-playlist-next\"><\/div>\n\t<div class=\"wp-playlist-prev\"><\/div>\n\t<noscript>\n\t<ol>\n\t\t<li><a href='https:\/\/www.medellin.gov.co\/es\/wp-content\/uploads\/2022\/07\/Cumbre-Global-de-Educacion-01.mp3'>Palabras de Alexandra Agudelo, secretaria de Educaci\u00f3n<\/a><\/li><li><a href='https:\/\/www.medellin.gov.co\/es\/wp-content\/uploads\/2022\/07\/Cumbre-Global-de-Educacion-02.mp3'>Palabras de Sara Mari\u0301n, gerente de experiencia al cliente de Blackboard-Anthology<\/a><\/li><li><a href='https:\/\/www.medellin.gov.co\/es\/wp-content\/uploads\/2022\/07\/Cumbre-Global-de-Educacion-03.mp3'>Palabras de Herna\u0301n Mauricio Zapata Trujillo, secretario de Educacio\u0301n del Caqueta\u0301<\/a><\/li>\t<\/ol>\n\t<\/noscript>\n\t<script type=\"application\/json\" class=\"wp-playlist-script\">{\"type\":\"audio\",\"tracklist\":true,\"tracknumbers\":true,\"images\":true,\"artists\":true,\"tracks\":[{\"src\":\"https:\\\/\\\/www.medellin.gov.co\\\/es\\\/wp-content\\\/uploads\\\/2022\\\/07\\\/Cumbre-Global-de-Educacion-01.mp3\",\"type\":\"audio\\\/mpeg\",\"title\":\"Palabras de Alexandra Agudelo, secretaria de Educaci\\u00f3n\",\"caption\":\"\",\"description\":\"\\u00abPalabras de Alexandra Agudelo, secretaria de Educaci\\u00f3n\\u00bb.\",\"meta\":{\"length_formatted\":\"1:06\"},\"image\":{\"src\":\"https:\\\/\\\/www.medellin.gov.co\\\/es\\\/wp-includes\\\/images\\\/media\\\/audio.png\",\"width\":48,\"height\":64},\"thumb\":{\"src\":\"https:\\\/\\\/www.medellin.gov.co\\\/es\\\/wp-includes\\\/images\\\/media\\\/audio.png\",\"width\":48,\"height\":64}},{\"src\":\"https:\\\/\\\/www.medellin.gov.co\\\/es\\\/wp-content\\\/uploads\\\/2022\\\/07\\\/Cumbre-Global-de-Educacion-02.mp3\",\"type\":\"audio\\\/mpeg\",\"title\":\"Palabras de Sara Mari\\u0301n, gerente de experiencia al cliente de Blackboard-Anthology\",\"caption\":\"\",\"description\":\"\\u00abPalabras de Sara Mari\\u0301n, gerente de experiencia al cliente de Blackboard-Anthology\\u00bb.\",\"meta\":{\"length_formatted\":\"1:11\"},\"image\":{\"src\":\"https:\\\/\\\/www.medellin.gov.co\\\/es\\\/wp-includes\\\/images\\\/media\\\/audio.png\",\"width\":48,\"height\":64},\"thumb\":{\"src\":\"https:\\\/\\\/www.medellin.gov.co\\\/es\\\/wp-includes\\\/images\\\/media\\\/audio.png\",\"width\":48,\"height\":64}},{\"src\":\"https:\\\/\\\/www.medellin.gov.co\\\/es\\\/wp-content\\\/uploads\\\/2022\\\/07\\\/Cumbre-Global-de-Educacion-03.mp3\",\"type\":\"audio\\\/mpeg\",\"title\":\"Palabras de Herna\\u0301n Mauricio Zapata Trujillo, secretario de Educacio\\u0301n del Caqueta\\u0301\",\"caption\":\"\",\"description\":\"\\u00abPalabras de Herna\\u0301n Mauricio Zapata Trujillo, secretario de Educacio\\u0301n del Caqueta\\u0301\\u00bb.\",\"meta\":{\"length_formatted\":\"1:42\"},\"image\":{\"src\":\"https:\\\/\\\/www.medellin.gov.co\\\/es\\\/wp-includes\\\/images\\\/media\\\/audio.png\",\"width\":48,\"height\":64},\"thumb\":{\"src\":\"https:\\\/\\\/www.medellin.gov.co\\\/es\\\/wp-includes\\\/images\\\/media\\\/audio.png\",\"width\":48,\"height\":64}}]}<\/script>\n<\/div>\n\t\n<p>La Alcald\u00eda de Medell\u00edn inici\u00f3 los preparativos para la Cumbre Global de Educaci\u00f3n, la m\u00e1s importante de Iberoam\u00e9rica, con el encuentro de aliados estrat\u00e9gicos de once pa\u00edses, quienes llegaron a la ciudad para conocer los escenarios del Distrito de Ciencia, Tecnolog\u00eda e Innovaci\u00f3n en los que se desarrollar\u00e1 el evento entre el 19 y 21 de octubre de este a\u00f1o.<\/p>\n<p>Los m\u00e1s de 60 visitantes pertenecen a empresas enfocadas en temas educativos, de ciudadan\u00eda, de tecnolog\u00eda e innovaci\u00f3n, y a gobiernos de Argentina, Brasil, Chile, Colombia, Ecuador, Espa\u00f1a, Estados Unidos, M\u00e9xico, Per\u00fa, Portugal y Rep\u00fablica Dominicana.<\/p>\n<p>\u201c<em>Estuvimos con aliados muy importantes del sector educativo y empresarial que se van a ir uniendo a la Cumbre Global de Educaci\u00f3n. Tambi\u00e9n a todos los representantes de la organizaci\u00f3n Virtual Educa que han estado aqu\u00ed toda la semana en un trabajo comprometido para adelantar todo el proceso acad\u00e9mico, operativo y log\u00edstico<\/em>\u201d, expres\u00f3 la secretaria de Educaci\u00f3n, Alexandra Agudelo Ruiz.<\/p>\n<p>Las actividades se llevaron a cabo el jueves 28 de julio en el Centro de Innovaci\u00f3n del Maestro -MOVA-, donde los invitados reflexionaron sobre los momentos pospand\u00e9micos y b\u00e9licos con el fin de conocer, enriquecer y fortalecer fundamentos, estrategias y pol\u00edticas para la ciudadan\u00eda y la educaci\u00f3n del futuro.<\/p>\n<div id=\"attachment_79804\" style=\"width: 1034px\" class=\"wp-caption alignnone\"><a href=\"https:\/\/www.medellin.gov.co\/es\/wp-content\/uploads\/2022\/07\/Cumbre-Global-de-Educacion-2.jpg\" target=\"_blank\" rel=\"noopener\"><img aria-describedby=\"caption-attachment-79804\" loading=\"lazy\" class=\"wp-image-79804 size-full\" title=\"Cumbre Global de Educaci\u00f3n\" src=\"https:\/\/www.medellin.gov.co\/es\/wp-content\/uploads\/2022\/07\/Cumbre-Global-de-Educacion-2.jpg\" alt=\"Cumbre Global de Educaci\u00f3n\" width=\"1024\" height=\"768\" srcset=\"https:\/\/www.medellin.gov.co\/es\/wp-content\/uploads\/2022\/07\/Cumbre-Global-de-Educacion-2.jpg 1024w, https:\/\/www.medellin.gov.co\/es\/wp-content\/uploads\/2022\/07\/Cumbre-Global-de-Educacion-2-300x225.jpg 300w, https:\/\/www.medellin.gov.co\/es\/wp-content\/uploads\/2022\/07\/Cumbre-Global-de-Educacion-2-150x113.jpg 150w, https:\/\/www.medellin.gov.co\/es\/wp-content\/uploads\/2022\/07\/Cumbre-Global-de-Educacion-2-768x576.jpg 768w\" sizes=\"(max-width: 1024px) 100vw, 1024px\" \/><\/a><p id=\"caption-attachment-79804\" class=\"wp-caption-text\">Cumbre Global de Educaci\u00f3n \u2013 Foto Alcald\u00eda de Medell\u00edn<\/p><\/div>\n<p>\u201c<em>Medell\u00edn es un gran ejemplo de transformaci\u00f3n y eso lo hemos evidenciado en el recorrido que tuvimos donde estuvimos en varias partes de la ciudad. Pudimos evidenciar c\u00f3mo se ha logrado en comunidades construir lugares que finalmente van a conectar a las personas con la tecnolog\u00eda y con los recursos para seguir contribuyendo a un impacto positivo<\/em>\u201d, manifest\u00f3 la gerente de experiencia al cliente de Blackboard-Anthology, Sara Mari\u0301n.<\/p>\n<p>Adicionalmente, se realiz\u00f3 un networking en el que estudiantes de media t\u00e9cnica de las instituciones educativas oficiales y emprendedores de Parque E presentaron a los invitados internacionales, durante su recorrido por MOVA, sus proyectos relacionados con rob\u00f3tica, programaci\u00f3n y medio ambiente, entre otros.<\/p>\n<p>\u201c<em>Pudimos conocer de primera mano la experiencia con la tecnolog\u00eda en las instituciones educativas y el factor fundamental y transformador que tiene esta en nuestros ni\u00f1os y ni\u00f1as. Estas experiencias las necesitamos en todos los territorios, por eso es importante conocerlas para planificar la educaci\u00f3n y llevarla con pertinencia para mantener la cobertura y la calidad en nuestros territorios<\/em>\u201d, asegur\u00f3 el secretario de Educacio\u0301n del Caqueta\u0301, Herna\u0301n Mauricio Zapata Trujillo.<\/p>\n<p>La Administraci\u00f3n Distrital tambi\u00e9n present\u00f3 a los empresarios la Ciudadela para la Cuarta Revoluci\u00f3n Industrial y la Transformaci\u00f3n de la Educaci\u00f3n -C4TA-, Plaza Mayor y el Vivero del Software. Se espera que durante los tres d\u00edas de la Cumbre Global de Educaci\u00f3n asistan cerca de 30.000 personas.<\/p>\n<p>Es as\u00ed como a trav\u00e9s de la educaci\u00f3n, Medell\u00edn fortalece la Transformaci\u00f3n Educativa, que se ha convertido en un referente internacional y permite avances en el cumplimiento del Plan de Desarrollo 2020-2023.<\/p>\n","protected":false},"excerpt":{"rendered":"<p>La Administraci\u00f3n Distrital adelant\u00f3 un encuentro con aliados estrat\u00e9gicos de once pa\u00edses de los sectores p\u00fablicos, privados y acad\u00e9micos. Estudiantes de media t\u00e9cnica y emprendedores de la ciudad mostraron a los visitantes sus proyectos de &#8230;<\/p>\n","protected":false},"author":21,"featured_media":79802,"comment_status":"open","ping_status":"open","sticky":false,"template":"","format":"standard","meta":[],"categories":[4],"tags":[431,428],"formato_nota":[],"programas_tax":[],"acf":[],"_links":{"self":[{"href":"https:\/\/www.medellin.gov.co\/es\/wp-json\/wp\/v2\/posts\/79883"}],"collection":[{"href":"https:\/\/www.medellin.gov.co\/es\/wp-json\/wp\/v2\/posts"}],"about":[{"href":"https:\/\/www.medellin.gov.co\/es\/wp-json\/wp\/v2\/types\/post"}],"author":[{"embeddable":true,"href":"https:\/\/www.medellin.gov.co\/es\/wp-json\/wp\/v2\/users\/21"}],"replies":[{"embeddable":true,"href":"https:\/\/www.medellin.gov.co\/es\/wp-json\/wp\/v2\/comments?post=79883"}],"version-history":[{"count":1,"href":"https:\/\/www.medellin.gov.co\/es\/wp-json\/wp\/v2\/posts\/79883\/revisions"}],"predecessor-version":[{"id":79884,"href":"https:\/\/www.medellin.gov.co\/es\/wp-json\/wp\/v2\/posts\/79883\/revisions\/79884"}],"wp:featuredmedia":[{"embeddable":true,"href":"https:\/\/www.medellin.gov.co\/es\/wp-json\/wp\/v2\/media\/79802"}],"wp:attachment":[{"href":"https:\/\/www.medellin.gov.co\/es\/wp-json\/wp\/v2\/media?parent=79883"}],"wp:term":[{"taxonomy":"category","embeddable":true,"href":"https:\/\/www.medellin.gov.co\/es\/wp-json\/wp\/v2\/categories?post=79883"},{"taxonomy":"post_tag","embeddable":true,"href":"https:\/\/www.medellin.gov.co\/es\/wp-json\/wp\/v2\/tags?post=79883"},{"taxonomy":"formato_nota","embeddable":true,"href":"https:\/\/www.medellin.gov.co\/es\/wp-json\/wp\/v2\/formato_nota?post=79883"},{"taxonomy":"programas_tax","embeddable":true,"href":"https:\/\/www.medellin.gov.co\/es\/wp-json\/wp\/v2\/programas_tax?post=79883"}],"curies":[{"name":"wp","href":"https:\/\/api.w.org\/{rel}","templated":true}]}}