{"id":82070,"date":"2022-08-08T14:21:19","date_gmt":"2022-08-08T19:21:19","guid":{"rendered":"https:\/\/www.medellin.gov.co\/es\/?p=82070"},"modified":"2022-08-08T14:21:19","modified_gmt":"2022-08-08T19:21:19","slug":"con-residuos-de-construccion-en-medellin-se-construyen-casas-para-los-gatos-de-la-perla","status":"publish","type":"post","link":"https:\/\/www.medellin.gov.co\/es\/sala-de-prensa\/noticias\/con-residuos-de-construccion-en-medellin-se-construyen-casas-para-los-gatos-de-la-perla\/","title":{"rendered":"Con residuos de construcci\u00f3n, en Medell\u00edn se construyen casas para los gatos de La Perla"},"content":{"rendered":"<ul>\n<li>La iniciativa es liderada por un grupo de estudiantes y docentes de la\u00a0 Instituci\u00f3n Universitaria Colegio Mayor de Antioquia.<\/li>\n<li>En el Centro de Bienestar Animal La Perla hay m\u00e1s de 500 gatos entre ferales, positivos y disponibles para adopci\u00f3n.<\/li>\n<\/ul>\n<!--[if lt IE 9]><script>document.createElement('audio');<\/script><![endif]-->\n\t<div class=\"wp-playlist wp-audio-playlist wp-playlist-light\">\n\t\t\t<div class=\"wp-playlist-current-item\"><\/div>\n\t\t<audio controls=\"controls\" preload=\"none\" width=\"640\"\n\t\t\t><\/audio>\n\t<div class=\"wp-playlist-next\"><\/div>\n\t<div class=\"wp-playlist-prev\"><\/div>\n\t<noscript>\n\t<ol>\n\t\t<li><a href='https:\/\/www.medellin.gov.co\/es\/wp-content\/uploads\/2022\/08\/Casas-Gatos-La-Perla-01.mp3'>Palabras de Vanesa Restrepo, secretaria de Medio Ambiente<\/a><\/li><li><a href='https:\/\/www.medellin.gov.co\/es\/wp-content\/uploads\/2022\/08\/Casas-Gatos-La-Perla-02.mp3'>Palabras de Hern\u00e1n Dar\u00edo Ca\u00f1ola, docente de la Instituci\u00f3n Universitaria Colegio Mayor de Antioquia<\/a><\/li>\t<\/ol>\n\t<\/noscript>\n\t<script type=\"application\/json\" class=\"wp-playlist-script\">{\"type\":\"audio\",\"tracklist\":true,\"tracknumbers\":true,\"images\":true,\"artists\":true,\"tracks\":[{\"src\":\"https:\\\/\\\/www.medellin.gov.co\\\/es\\\/wp-content\\\/uploads\\\/2022\\\/08\\\/Casas-Gatos-La-Perla-01.mp3\",\"type\":\"audio\\\/mpeg\",\"title\":\"Palabras de Vanesa Restrepo, secretaria de Medio Ambiente\",\"caption\":\"\",\"description\":\"\\u00abCasas-Gatos-La-Perla-01\\u00bb. Lanzamiento: 2022.\",\"meta\":{\"year\":\"2022\",\"length_formatted\":\"0:41\"},\"image\":{\"src\":\"https:\\\/\\\/www.medellin.gov.co\\\/es\\\/wp-includes\\\/images\\\/media\\\/audio.png\",\"width\":48,\"height\":64},\"thumb\":{\"src\":\"https:\\\/\\\/www.medellin.gov.co\\\/es\\\/wp-includes\\\/images\\\/media\\\/audio.png\",\"width\":48,\"height\":64}},{\"src\":\"https:\\\/\\\/www.medellin.gov.co\\\/es\\\/wp-content\\\/uploads\\\/2022\\\/08\\\/Casas-Gatos-La-Perla-02.mp3\",\"type\":\"audio\\\/mpeg\",\"title\":\"Palabras de Hern\\u00e1n Dar\\u00edo Ca\\u00f1ola, docente de la Instituci\\u00f3n Universitaria Colegio Mayor de Antioquia\",\"caption\":\"\",\"description\":\"\\u00abPalabras de Hern\\u00e1n Dar\\u00edo Ca\\u00f1ola, docente de la Instituci\\u00f3n Universitaria Colegio Mayor de Antioquia\\n\\u00bb.\",\"meta\":{\"year\":\"2022\",\"length_formatted\":\"0:41\"},\"image\":{\"src\":\"https:\\\/\\\/www.medellin.gov.co\\\/es\\\/wp-includes\\\/images\\\/media\\\/audio.png\",\"width\":48,\"height\":64},\"thumb\":{\"src\":\"https:\\\/\\\/www.medellin.gov.co\\\/es\\\/wp-includes\\\/images\\\/media\\\/audio.png\",\"width\":48,\"height\":64}}]}<\/script>\n<\/div>\n\t\n<p>Un grupo de estudiantes y docentes del programa de Construcciones Civiles de la Instituci\u00f3n Universitaria Colegio Mayor de Antioquia les donaron a gatos del Centro de Bienestar Animal La Perla casas construidas con residuos de obras de la ciudad. El prop\u00f3sito es mejorar sus condiciones de h\u00e1bitat y bienestar.<\/p>\n<p>\u201c<em>La madera que utilizamos proviene de diferentes obras de Medell\u00edn, espec\u00edficamente pino, que fue transformada y reutilizada en proyectos de viviendas para mascotas. Esto tambi\u00e9n se llev\u00f3 a cabo con un spin off que actualmente estamos desarrollando en la instituci\u00f3n universitaria del Colegio Mayor de Antioquia, cuyo nombre es La Pinar. Pretendemos trabajar, de forma conjunta con la Alcald\u00eda de Medell\u00edn y con otras entidades, en pro de la mejora continua de la sociedad\u201d<\/em>, dijo Hern\u00e1n Dar\u00edo Ca\u00f1ola, docente de la Instituci\u00f3n Universitaria Colegio Mayor de Antioquia.<\/p>\n<p>Este 8 de agosto, se celebra el D\u00eda Nacional del Gato, con el prop\u00f3sito de generar conciencia de los derechos que tienen los felinos y los animales de compa\u00f1\u00eda. El Centro de Bienestar Animal La Perla tiene, actualmente, 513 gatos entre ferales, positivos y disponibles para adopci\u00f3n.<\/p>\n<p>\u201c<em>Estas iniciativas que benefician a nuestros animales de compa\u00f1\u00eda, en especial a los felinos que tenemos en nuestro Centro de Bienestar Animal La Perla, se suman a nuestro prop\u00f3sito de mejorar las condiciones de h\u00e1bitat y bienestar de nuestros gatos, as\u00ed como lo hemos hecho con estrategias e inversiones, como la adecuaci\u00f3n de un espacio para los gatos ferales que son rescatados en diferentes sectores de la ciudad. En la construcci\u00f3n de la Medell\u00edn Futuro actuamos con acciones contundentes para el respeto, el cuidado y el bienestar de todas las formas de vida<\/em>\u201d, destac\u00f3 la secretaria de Medio Ambiente, Vanesa Restrepo \u00c1lvarez.<\/p>\n<p>La Alcald\u00eda de Medell\u00edn construy\u00f3, recientemente, un nuevo espacio en el Centro de Bienestar Animal La Perla para albergar a 95 gatos ferales rescatados en diferentes sectores de la ciudad. La estructura incluye \u00e1reas externas con caracter\u00edsticas especiales, para que desarrollen actividades similares a las de su h\u00e1bitat natural.<\/p>\n<div id=\"attachment_82087\" style=\"width: 1034px\" class=\"wp-caption alignnone\"><a href=\"https:\/\/www.medellin.gov.co\/es\/wp-content\/uploads\/2022\/08\/Casas-Gatos-La-Perla-2.jpg\"><img aria-describedby=\"caption-attachment-82087\" loading=\"lazy\" class=\"wp-image-82087 size-full\" title=\"Casas para los gatos de La Perla\" src=\"https:\/\/www.medellin.gov.co\/es\/wp-content\/uploads\/2022\/08\/Casas-Gatos-La-Perla-2.jpg\" alt=\"Casas para los gatos de La Perla\" width=\"1024\" height=\"683\" srcset=\"https:\/\/www.medellin.gov.co\/es\/wp-content\/uploads\/2022\/08\/Casas-Gatos-La-Perla-2.jpg 1024w, https:\/\/www.medellin.gov.co\/es\/wp-content\/uploads\/2022\/08\/Casas-Gatos-La-Perla-2-300x200.jpg 300w, https:\/\/www.medellin.gov.co\/es\/wp-content\/uploads\/2022\/08\/Casas-Gatos-La-Perla-2-150x100.jpg 150w, https:\/\/www.medellin.gov.co\/es\/wp-content\/uploads\/2022\/08\/Casas-Gatos-La-Perla-2-768x512.jpg 768w\" sizes=\"(max-width: 1024px) 100vw, 1024px\" \/><\/a><p id=\"caption-attachment-82087\" class=\"wp-caption-text\">Casas para los gatos de La Perla &#8211; Foto Alcald\u00eda de Medell\u00edn<\/p><\/div>\n<p>Los gatos ferales son aquellos que, la mayor parte de su vida, han habitado en territorios o espacios abiertos, lejos del contacto con seres humanos u otras especies; se caracterizan por un comportamiento asilvestrado y generalmente son esquivos a la manipulaci\u00f3n o son reactivos.<\/p>\n<p>Los gatos positivos son los que para el virus de la inmunodeficiencia o para la leucemia felina, enfermedades frecuentes en los gatos, han dado positivo. Estos pueden convivir con otros gatos y tener una vida larga y absolutamente normal. Tambi\u00e9n pueden ser adoptados, contrario a lo que muchas personas creen. La inmunodeficiencia o la leucemia es una enfermedad exclusivamente felina y no existe riesgo de transmisi\u00f3n a los humanos ni a otros animales. Una vez contagiados se pueden dar tres escenarios posibles: primero, el gato infectado puede combatir la infecci\u00f3n y conseguir ser totalmente inmune; segundo, puede convertirse en un portador que nunca enferma y, tercero, en el peor de los casos, terminar con un sistema inmune comprometido, pero que no presenta ning\u00fan s\u00edntoma ni provoca ninguna p\u00e9rdida en la calidad de vida del animal.<\/p>\n<p>Este a\u00f1o han sido rescatados por maltrato o abandono 746 gatos en diferentes sectores de la ciudad. Estos felinos entran en los procesos de recuperaci\u00f3n de La Perla y reciben atenci\u00f3n m\u00e9dico-veterinaria, desparasitaci\u00f3n, implantaci\u00f3n de microchip y pasan a hacer parte de los procesos de adopci\u00f3n.<\/p>\n<p>En el Centro de Bienestar Animal La Perla se mantienen las estrategias para que las familias adopten y les den una nueva oportunidad a estos animales de compa\u00f1\u00eda. El proceso se tramita por la l\u00ednea de Whatsapp 3117963457 o directamente en La Perla. En la actualidad hay 110 felinos entre estos 95 positivos disponibles para adopci\u00f3n esperando por familias que les quieran dar una nueva oportunidad y brindar un hogar.<\/p>\n<p>La adopci\u00f3n es la mejor oportunidad para las familias que quieren un animal de compa\u00f1\u00eda y as\u00ed disminuir el n\u00famero de animales sin hogar, y en el caso de los gatos, son ideales porque son muy cari\u00f1osos y tienen un gran car\u00e1cter; adem\u00e1s, son independientes, es decir, necesitan menos cuidados que otros animales de compa\u00f1\u00eda.<\/p>\n","protected":false},"excerpt":{"rendered":"<p>La iniciativa es liderada por un grupo de estudiantes y docentes de la\u00a0 Instituci\u00f3n Universitaria Colegio Mayor de Antioquia. En el Centro de Bienestar Animal La Perla hay m\u00e1s de 500 gatos entre ferales, positivos &#8230;<\/p>\n","protected":false},"author":21,"featured_media":82086,"comment_status":"open","ping_status":"open","sticky":false,"template":"","format":"standard","meta":[],"categories":[13],"tags":[446,436],"formato_nota":[],"programas_tax":[],"acf":[],"_links":{"self":[{"href":"https:\/\/www.medellin.gov.co\/es\/wp-json\/wp\/v2\/posts\/82070"}],"collection":[{"href":"https:\/\/www.medellin.gov.co\/es\/wp-json\/wp\/v2\/posts"}],"about":[{"href":"https:\/\/www.medellin.gov.co\/es\/wp-json\/wp\/v2\/types\/post"}],"author":[{"embeddable":true,"href":"https:\/\/www.medellin.gov.co\/es\/wp-json\/wp\/v2\/users\/21"}],"replies":[{"embeddable":true,"href":"https:\/\/www.medellin.gov.co\/es\/wp-json\/wp\/v2\/comments?post=82070"}],"version-history":[{"count":1,"href":"https:\/\/www.medellin.gov.co\/es\/wp-json\/wp\/v2\/posts\/82070\/revisions"}],"predecessor-version":[{"id":82100,"href":"https:\/\/www.medellin.gov.co\/es\/wp-json\/wp\/v2\/posts\/82070\/revisions\/82100"}],"wp:featuredmedia":[{"embeddable":true,"href":"https:\/\/www.medellin.gov.co\/es\/wp-json\/wp\/v2\/media\/82086"}],"wp:attachment":[{"href":"https:\/\/www.medellin.gov.co\/es\/wp-json\/wp\/v2\/media?parent=82070"}],"wp:term":[{"taxonomy":"category","embeddable":true,"href":"https:\/\/www.medellin.gov.co\/es\/wp-json\/wp\/v2\/categories?post=82070"},{"taxonomy":"post_tag","embeddable":true,"href":"https:\/\/www.medellin.gov.co\/es\/wp-json\/wp\/v2\/tags?post=82070"},{"taxonomy":"formato_nota","embeddable":true,"href":"https:\/\/www.medellin.gov.co\/es\/wp-json\/wp\/v2\/formato_nota?post=82070"},{"taxonomy":"programas_tax","embeddable":true,"href":"https:\/\/www.medellin.gov.co\/es\/wp-json\/wp\/v2\/programas_tax?post=82070"}],"curies":[{"name":"wp","href":"https:\/\/api.w.org\/{rel}","templated":true}]}}