{"id":82103,"date":"2022-08-08T14:30:45","date_gmt":"2022-08-08T19:30:45","guid":{"rendered":"https:\/\/www.medellin.gov.co\/es\/?p=82103"},"modified":"2022-08-08T14:30:45","modified_gmt":"2022-08-08T19:30:45","slug":"la-plazuela-san-ignacio-tendra-actividades-para-disfrutar-dia-tras-noche-en-el-centro","status":"publish","type":"post","link":"https:\/\/www.medellin.gov.co\/es\/sala-de-prensa\/noticias\/la-plazuela-san-ignacio-tendra-actividades-para-disfrutar-dia-tras-noche-en-el-centro\/","title":{"rendered":"La Plazuela San Ignacio tendr\u00e1 actividades para disfrutar \u201cD\u00eda tras noche\u201d en el Centro"},"content":{"rendered":"<ul>\n<li>Durante este mes, los visitantes de este lugar contar\u00e1n con talleres, m\u00fasica, arte, cine, ajedrez y juegos de mesa.<\/li>\n<li>La programaci\u00f3n ser\u00e1 las 24 horas, los 7 d\u00edas de la semana, totalmente gratis.<\/li>\n<\/ul>\n<!--[if lt IE 9]><script>document.createElement('audio');<\/script><![endif]-->\n\t<div class=\"wp-playlist wp-audio-playlist wp-playlist-light\">\n\t\t\t<div class=\"wp-playlist-current-item\"><\/div>\n\t\t<audio controls=\"controls\" preload=\"none\" width=\"640\"\n\t\t\t><\/audio>\n\t<div class=\"wp-playlist-next\"><\/div>\n\t<div class=\"wp-playlist-prev\"><\/div>\n\t<noscript>\n\t<ol>\n\t\t<li><a href='https:\/\/www.medellin.gov.co\/es\/wp-content\/uploads\/2022\/08\/Plazuela-San-Ignacio-01.mp3'>Palabras de M\u00f3nica Pab\u00f3n, gerente del Centro<\/a><\/li><li><a href='https:\/\/www.medellin.gov.co\/es\/wp-content\/uploads\/2022\/08\/Plazuela-San-Ignacio-02.mp3'>Palabras de Sergio Restrepo, encargado del Claustro Comfama<\/a><\/li><li><a href='https:\/\/www.medellin.gov.co\/es\/wp-content\/uploads\/2022\/08\/Plazuela-San-Ignacio-03.mp3'>Palabras de Andr\u00e9s Felipe Truco, instructor de la Liga Antioque\u00f1a de Ajedrez<\/a><\/li>\t<\/ol>\n\t<\/noscript>\n\t<script type=\"application\/json\" class=\"wp-playlist-script\">{\"type\":\"audio\",\"tracklist\":true,\"tracknumbers\":true,\"images\":true,\"artists\":true,\"tracks\":[{\"src\":\"https:\\\/\\\/www.medellin.gov.co\\\/es\\\/wp-content\\\/uploads\\\/2022\\\/08\\\/Plazuela-San-Ignacio-01.mp3\",\"type\":\"audio\\\/mpeg\",\"title\":\"Palabras de M\\u00f3nica Pab\\u00f3n, gerente del Centro\",\"caption\":\"\",\"description\":\"\\u00abPalabras de M\\u00f3nica Pab\\u00f3n, gerente del Centro\\u00bb.\",\"meta\":{\"length_formatted\":\"0:50\"},\"image\":{\"src\":\"https:\\\/\\\/www.medellin.gov.co\\\/es\\\/wp-includes\\\/images\\\/media\\\/audio.png\",\"width\":48,\"height\":64},\"thumb\":{\"src\":\"https:\\\/\\\/www.medellin.gov.co\\\/es\\\/wp-includes\\\/images\\\/media\\\/audio.png\",\"width\":48,\"height\":64}},{\"src\":\"https:\\\/\\\/www.medellin.gov.co\\\/es\\\/wp-content\\\/uploads\\\/2022\\\/08\\\/Plazuela-San-Ignacio-02.mp3\",\"type\":\"audio\\\/mpeg\",\"title\":\"Palabras de Sergio Restrepo, encargado del Claustro Comfama\",\"caption\":\"\",\"description\":\"\\u00abPalabras de Sergio Restrepo, encargado del Claustro Comfama\\u00bb.\",\"meta\":{\"length_formatted\":\"0:48\"},\"image\":{\"src\":\"https:\\\/\\\/www.medellin.gov.co\\\/es\\\/wp-includes\\\/images\\\/media\\\/audio.png\",\"width\":48,\"height\":64},\"thumb\":{\"src\":\"https:\\\/\\\/www.medellin.gov.co\\\/es\\\/wp-includes\\\/images\\\/media\\\/audio.png\",\"width\":48,\"height\":64}},{\"src\":\"https:\\\/\\\/www.medellin.gov.co\\\/es\\\/wp-content\\\/uploads\\\/2022\\\/08\\\/Plazuela-San-Ignacio-03.mp3\",\"type\":\"audio\\\/mpeg\",\"title\":\"Palabras de Andr\\u00e9s Felipe Truco, instructor de la Liga Antioque\\u00f1a de Ajedrez\",\"caption\":\"\",\"description\":\"\\u00abPalabras de Andr\\u00e9s Felipe Truco, instructor de la Liga Antioque\\u00f1a de Ajedrez\\u00bb.\",\"meta\":{\"length_formatted\":\"0:32\"},\"image\":{\"src\":\"https:\\\/\\\/www.medellin.gov.co\\\/es\\\/wp-includes\\\/images\\\/media\\\/audio.png\",\"width\":48,\"height\":64},\"thumb\":{\"src\":\"https:\\\/\\\/www.medellin.gov.co\\\/es\\\/wp-includes\\\/images\\\/media\\\/audio.png\",\"width\":48,\"height\":64}}]}<\/script>\n<\/div>\n\t\n<p>Durante agosto, se podr\u00e1 presenciar una obra de teatro a las 2:00 a. m. o participar en un conversatorio sobre patrimonio a las 9:00 p. m., o jugar una partida de ajedrez a las 7:00 a. m., porque en la Plazuela San Ignacio, del Territorio Educativo y Cultural del Centro de Medell\u00edn, se desarrollan las jornadas \u201cD\u00eda tras noche\u201d, en las que las personas que lleguen hasta este hist\u00f3rico y emblem\u00e1tico sector de la comuna 10-La Candelaria, encontrar\u00e1n programaci\u00f3n las 24 horas los 7 d\u00edas de la semana, que incluye talleres, conciertos, juegos de calle, biblioteca, caf\u00e9, yoga, tenis de mesa, entre otros.<\/p>\n<p>\u201c<em>Queremos demostrar que los espacios que son habitados y vividos por su comunidad son seguros, tranquilos, y que el Centro tambi\u00e9n tiene posibilidades para ser disfrutado en las horas de la noche. Tenemos diferentes actividades como ping pong, ajedrez, conversatorios, cine al aire libre; tenemos toda la oferta de la Alcald\u00eda de Medell\u00edn y la presencia institucional que queremos generar en cada uno de los territorios de nuestro Centro. Esta es una apuesta que el Distrito de San Ignacio, Comfama y la Alcald\u00eda hacen para que todos los habitantes y transe\u00fantes del Centro puedan disfrutar de este espacio patrimonial<\/em>\u201d, indic\u00f3 la gerente del Centro, M\u00f3nica Pab\u00f3n.<\/p>\n<div id=\"attachment_82084\" style=\"width: 1034px\" class=\"wp-caption alignnone\"><a href=\"https:\/\/www.medellin.gov.co\/es\/wp-content\/uploads\/2022\/08\/Plazuela-San-Ignacio-2.jpg\" target=\"_blank\" rel=\"noopener\"><img aria-describedby=\"caption-attachment-82084\" loading=\"lazy\" class=\"wp-image-82084 size-full\" title=\"La Plazuela San Ignacio tendr\u00e1 actividades para disfrutar\" src=\"https:\/\/www.medellin.gov.co\/es\/wp-content\/uploads\/2022\/08\/Plazuela-San-Ignacio-2.jpg\" alt=\"La Plazuela San Ignacio tendr\u00e1 actividades para disfrutar\" width=\"1024\" height=\"768\" srcset=\"https:\/\/www.medellin.gov.co\/es\/wp-content\/uploads\/2022\/08\/Plazuela-San-Ignacio-2.jpg 1024w, https:\/\/www.medellin.gov.co\/es\/wp-content\/uploads\/2022\/08\/Plazuela-San-Ignacio-2-300x225.jpg 300w, https:\/\/www.medellin.gov.co\/es\/wp-content\/uploads\/2022\/08\/Plazuela-San-Ignacio-2-150x113.jpg 150w, https:\/\/www.medellin.gov.co\/es\/wp-content\/uploads\/2022\/08\/Plazuela-San-Ignacio-2-768x576.jpg 768w\" sizes=\"(max-width: 1024px) 100vw, 1024px\" \/><\/a><p id=\"caption-attachment-82084\" class=\"wp-caption-text\">La Plazuela San Ignacio tendr\u00e1 actividades para disfrutar &#8211; Foto Alcald\u00eda de Medell\u00edn<\/p><\/div>\n<p>Desde marzo, en la Plazuela San Ignacio, se generan alternativas de apropiaci\u00f3n para los visitantes y residentes, con programaci\u00f3n cultural hasta la medianoche. Ahora, con la jornada \u201c<em>D\u00eda tras noche<\/em>\u201d, las personas podr\u00e1n participar de otras actividades, durante las 24 horas del d\u00eda, como la biblioteca en la plazuela, el caf\u00e9 \u2018Bohemio de Clausura\u2019 y juegos como el ping pong. Adem\u00e1s, se habilitar\u00e1 \u201c<em>El Empispadero<\/em>\u201d, un camerino para que quien pase pueda acicalarse; el \u201c<em>Bicicine<\/em>\u201d y cineclubes de medianoche; as\u00ed como \u201c<em>Debate de Soneros<\/em>\u201d, con la emisora Latina Est\u00e9reo; y la exposici\u00f3n art\u00edstica de obras de habitantes de calle que hacen parte de los programas de resocializaci\u00f3n de la Secretar\u00eda de Inclusi\u00f3n Social, Familia y Derechos Humanos.<\/p>\n<p>\u201c<em>Vamos a tener \u2018Escuchaderos\u2019 de la Secretar\u00eda de Salud, conversaciones con la Gerencia del Centro; cursos de ajedrez, \u2018Horas del Cuento\u2019 y conversaciones con el informe de la Comisi\u00f3n de la Verdad y; por supuesto, vamos a tener \u2018Un Feliz Cualquier D\u00eda\u2019; una cantidad de acciones que, seguramente, nos posibilitar\u00e1n la magia de encontrarnos en el Centro, que es el barrio de todos<\/em>\u201d, dijo el encargado del Claustro Comfama, Sergio Restrepo.<\/p>\n<p>La pr\u00e1ctica el ajedrez se ha convertido en uno de los mayores atractivos de la Plazuela San Ignacio y, durante la jornada \u201cD\u00eda tras noche\u201d, los peones, los alfiles, los caballos, las reinas y los reyes ser\u00e1n los anfitriones, pues los asistentes podr\u00e1n participar de clases gratuitas y torneos.<\/p>\n<div id=\"attachment_82085\" style=\"width: 1034px\" class=\"wp-caption alignnone\"><a href=\"https:\/\/www.medellin.gov.co\/es\/wp-content\/uploads\/2022\/08\/Plazuela-San-Ignacio-3.jpg\" target=\"_blank\" rel=\"noopener\"><img aria-describedby=\"caption-attachment-82085\" loading=\"lazy\" class=\"wp-image-82085 size-full\" title=\"La Plazuela San Ignacio tendr\u00e1 actividades para disfrutar\" src=\"https:\/\/www.medellin.gov.co\/es\/wp-content\/uploads\/2022\/08\/Plazuela-San-Ignacio-3.jpg\" alt=\"La Plazuela San Ignacio tendr\u00e1 actividades para disfrutar\" width=\"1024\" height=\"768\" srcset=\"https:\/\/www.medellin.gov.co\/es\/wp-content\/uploads\/2022\/08\/Plazuela-San-Ignacio-3.jpg 1024w, https:\/\/www.medellin.gov.co\/es\/wp-content\/uploads\/2022\/08\/Plazuela-San-Ignacio-3-300x225.jpg 300w, https:\/\/www.medellin.gov.co\/es\/wp-content\/uploads\/2022\/08\/Plazuela-San-Ignacio-3-150x113.jpg 150w, https:\/\/www.medellin.gov.co\/es\/wp-content\/uploads\/2022\/08\/Plazuela-San-Ignacio-3-768x576.jpg 768w\" sizes=\"(max-width: 1024px) 100vw, 1024px\" \/><\/a><p id=\"caption-attachment-82085\" class=\"wp-caption-text\">La Plazuela San Ignacio tendr\u00e1 actividades para disfrutar &#8211; Foto Alcald\u00eda de Medell\u00edn<\/p><\/div>\n<p>Andr\u00e9s Felipe Truco, instructor de la Liga Antioque\u00f1a de Ajedrez, expres\u00f3 que \u201c<em>esta actividad consiste en generar varios espacios para la pr\u00e1ctica del ajedrez como una simult\u00e1nea de torneos de blitz. Realmente, el ajedrez en este parque, es cultura, es diversidad, es amistad, es pasar el tiempo sanamente. Por muchas razones, como el impacto social que genera el ajedrez, esta pr\u00e1ctica es muy importante para la gente y para el Centro tambi\u00e9n<\/em>\u201d.<\/p>\n<p>La programaci\u00f3n de los eventos y actividades se pueden encontrar en el siguiente enlace: <a href=\"https:\/\/n9.cl\/w8qoo\">https:\/\/n9.cl\/w8qoo<\/a>.<\/p>\n","protected":false},"excerpt":{"rendered":"<p>Durante este mes, los visitantes de este lugar contar\u00e1n con talleres, m\u00fasica, arte, cine, ajedrez y juegos de mesa. La programaci\u00f3n ser\u00e1 las 24 horas, los 7 d\u00edas de la semana, totalmente gratis. Durante agosto, &#8230;<\/p>\n","protected":false},"author":21,"featured_media":82082,"comment_status":"open","ping_status":"open","sticky":false,"template":"","format":"standard","meta":[],"categories":[23],"tags":[455],"formato_nota":[],"programas_tax":[],"acf":[],"_links":{"self":[{"href":"https:\/\/www.medellin.gov.co\/es\/wp-json\/wp\/v2\/posts\/82103"}],"collection":[{"href":"https:\/\/www.medellin.gov.co\/es\/wp-json\/wp\/v2\/posts"}],"about":[{"href":"https:\/\/www.medellin.gov.co\/es\/wp-json\/wp\/v2\/types\/post"}],"author":[{"embeddable":true,"href":"https:\/\/www.medellin.gov.co\/es\/wp-json\/wp\/v2\/users\/21"}],"replies":[{"embeddable":true,"href":"https:\/\/www.medellin.gov.co\/es\/wp-json\/wp\/v2\/comments?post=82103"}],"version-history":[{"count":1,"href":"https:\/\/www.medellin.gov.co\/es\/wp-json\/wp\/v2\/posts\/82103\/revisions"}],"predecessor-version":[{"id":82115,"href":"https:\/\/www.medellin.gov.co\/es\/wp-json\/wp\/v2\/posts\/82103\/revisions\/82115"}],"wp:featuredmedia":[{"embeddable":true,"href":"https:\/\/www.medellin.gov.co\/es\/wp-json\/wp\/v2\/media\/82082"}],"wp:attachment":[{"href":"https:\/\/www.medellin.gov.co\/es\/wp-json\/wp\/v2\/media?parent=82103"}],"wp:term":[{"taxonomy":"category","embeddable":true,"href":"https:\/\/www.medellin.gov.co\/es\/wp-json\/wp\/v2\/categories?post=82103"},{"taxonomy":"post_tag","embeddable":true,"href":"https:\/\/www.medellin.gov.co\/es\/wp-json\/wp\/v2\/tags?post=82103"},{"taxonomy":"formato_nota","embeddable":true,"href":"https:\/\/www.medellin.gov.co\/es\/wp-json\/wp\/v2\/formato_nota?post=82103"},{"taxonomy":"programas_tax","embeddable":true,"href":"https:\/\/www.medellin.gov.co\/es\/wp-json\/wp\/v2\/programas_tax?post=82103"}],"curies":[{"name":"wp","href":"https:\/\/api.w.org\/{rel}","templated":true}]}}