{"id":82117,"date":"2022-08-08T14:33:24","date_gmt":"2022-08-08T19:33:24","guid":{"rendered":"https:\/\/www.medellin.gov.co\/es\/?p=82117"},"modified":"2022-08-08T14:33:24","modified_gmt":"2022-08-08T19:33:24","slug":"autoridades-garantizan-seguridad-durante-la-feria-de-flores-con-ofensiva-contra-el-hurto-decomiso-de-drogas-y-controles-reforzados","status":"publish","type":"post","link":"https:\/\/www.medellin.gov.co\/es\/sala-de-prensa\/noticias\/autoridades-garantizan-seguridad-durante-la-feria-de-flores-con-ofensiva-contra-el-hurto-decomiso-de-drogas-y-controles-reforzados\/","title":{"rendered":"Autoridades garantizan seguridad durante la Feria de Flores con ofensiva contra el hurto, decomiso de drogas y controles reforzados"},"content":{"rendered":"<ul>\n<li>En operativos articulados, se registraron 26 capturas en el marco del dispositivo de seguridad de la Feria de las Flores<\/li>\n<li>No se han presentado alteraciones del orden p\u00fablico en los eventos programados. La reducci\u00f3n de los delitos es del 60 % en los d\u00edas de celebraci\u00f3n.<\/li>\n<li>Se han realizado controles para dar cumplimiento al toque de queda para menores. Hasta el momento van 72 casos de restablecimiento de derechos.<\/li>\n<\/ul>\n<!--[if lt IE 9]><script>document.createElement('audio');<\/script><![endif]-->\n\t<div class=\"wp-playlist wp-audio-playlist wp-playlist-light\">\n\t\t\t<div class=\"wp-playlist-current-item\"><\/div>\n\t\t<audio controls=\"controls\" preload=\"none\" width=\"640\"\n\t\t\t><\/audio>\n\t<div class=\"wp-playlist-next\"><\/div>\n\t<div class=\"wp-playlist-prev\"><\/div>\n\t<noscript>\n\t<ol>\n\t\t<li><a href='https:\/\/www.medellin.gov.co\/es\/wp-content\/uploads\/2022\/08\/Ofensivas-Seguridad-01.mp3'>Palabras de Jos\u00e9 Gerardo Acevedo Ossa, secretario de Seguridad y Convivencia<\/a><\/li>\t<\/ol>\n\t<\/noscript>\n\t<script type=\"application\/json\" class=\"wp-playlist-script\">{\"type\":\"audio\",\"tracklist\":true,\"tracknumbers\":true,\"images\":true,\"artists\":true,\"tracks\":[{\"src\":\"https:\\\/\\\/www.medellin.gov.co\\\/es\\\/wp-content\\\/uploads\\\/2022\\\/08\\\/Ofensivas-Seguridad-01.mp3\",\"type\":\"audio\\\/mpeg\",\"title\":\"Palabras de Jos\\u00e9 Gerardo Acevedo Ossa, secretario de Seguridad y Convivencia\",\"caption\":\"\",\"description\":\"\\u00abPalabras de Jos\\u00e9 Gerardo Acevedo Ossa, secretario de Seguridad y Convivencia\\u00bb.\",\"meta\":{\"length_formatted\":\"1:52\"},\"image\":{\"src\":\"https:\\\/\\\/www.medellin.gov.co\\\/es\\\/wp-includes\\\/images\\\/media\\\/audio.png\",\"width\":48,\"height\":64},\"thumb\":{\"src\":\"https:\\\/\\\/www.medellin.gov.co\\\/es\\\/wp-includes\\\/images\\\/media\\\/audio.png\",\"width\":48,\"height\":64}}]}<\/script>\n<\/div>\n\t\n<p>La Alcald\u00eda de Medell\u00edn destac\u00f3 los resultados de la Estrategia Articulada contra el Delito, en el marco de la celebraci\u00f3n de la Feria de las Flores. Gracias al uso combinado de la tecnolog\u00eda y el refuerzo de 1.300 uniformados, se efectuaron 26 capturas por hurto y se decomisaron 1.3 toneladas de marihuana, que ser\u00edan distribuidas durante la celebraci\u00f3n.<\/p>\n<p>La Polic\u00eda Metropolitana intervino durante el atraco a un carro repartidor en la comuna 13. En el suceso, los delincuentes emprendieron la huida en un taxi. Con la ayuda de las c\u00e1maras LPR y de vigilancia se obtuvo informaci\u00f3n del veh\u00edculo y del recorrido de los sujetos.<\/p>\n<p>\u201c<em>Estamos entregando buenos resultados. Tenemos 26 capturas por hurto. Un caso en San Javier en atraco a un cami\u00f3n repartidor, la captura de una banda que se dedicaba a hurtar relojes de gran valor a turistas y un golpe a delincuentes en el Centro de Medell\u00edn. Esto en respuesta a este fen\u00f3meno en la ciudad<\/em>\u201d, dijo el secretario de Seguridad y Convivencia, BG. Jos\u00e9 Gerardo Acevedo Ossa.<\/p>\n<p>En el Centro (calle 26 con carrera 38, barrio San Diego), una persona trat\u00f3 de refugiarse en un hotel cuando dos sujetos, a bordo de una motocicleta, intentaron robarle. En el lugar, un polic\u00eda frustr\u00f3 el hecho al utilizar su arma de dotaci\u00f3n para lesionar al presunto delincuente.<\/p>\n<p>En un tercer momento, tras un proceso de investigaci\u00f3n, dos extranjeros fueron capturados en los barrios Laureles y Santo Domingo, requeridos por hurto calificado y agravado. Se dedicaban a sustraer relojes de alta gama, especialmente en El Poblado y Laureles, luego de \u201cmarcar\u201d a las v\u00edctimas en el aeropuerto de Rionegro para interceptarlos en Medell\u00edn y hurtar el reloj y joyas. Los intimidaban con armas de fuego.<\/p>\n<div id=\"attachment_82080\" style=\"width: 1034px\" class=\"wp-caption alignnone\"><a href=\"https:\/\/www.medellin.gov.co\/es\/wp-content\/uploads\/2022\/08\/Ofensivas-Seguridad-2.jpg\" target=\"_blank\" rel=\"noopener\"><img aria-describedby=\"caption-attachment-82080\" loading=\"lazy\" class=\"wp-image-82080 size-full\" title=\"Seguridad durante la Feria de Flores\" src=\"https:\/\/www.medellin.gov.co\/es\/wp-content\/uploads\/2022\/08\/Ofensivas-Seguridad-2.jpg\" alt=\"Seguridad durante la Feria de Flores\" width=\"1024\" height=\"766\" srcset=\"https:\/\/www.medellin.gov.co\/es\/wp-content\/uploads\/2022\/08\/Ofensivas-Seguridad-2.jpg 1024w, https:\/\/www.medellin.gov.co\/es\/wp-content\/uploads\/2022\/08\/Ofensivas-Seguridad-2-300x224.jpg 300w, https:\/\/www.medellin.gov.co\/es\/wp-content\/uploads\/2022\/08\/Ofensivas-Seguridad-2-150x112.jpg 150w, https:\/\/www.medellin.gov.co\/es\/wp-content\/uploads\/2022\/08\/Ofensivas-Seguridad-2-768x575.jpg 768w\" sizes=\"(max-width: 1024px) 100vw, 1024px\" \/><\/a><p id=\"caption-attachment-82080\" class=\"wp-caption-text\">Seguridad durante la Feria de Flores &#8211; Foto Alcald\u00eda de Medell\u00edn<\/p><\/div>\n<p><strong>Balance positivo en primeros d\u00edas de la Feria de las Flores<\/strong><\/p>\n<p>Adicionalmente, el Secretario de Seguridad y Convivencia destac\u00f3 la disminuci\u00f3n en todas las conductas delictivas y en las llamadas a la L\u00ednea \u00danica de Emergencias 123. Ninguno de los homicidios ocurridos en la ciudad se ha presentado en el marco de los eventos tradicionales y los controles se han reforzado en todos los puntos priorizados desde el Puesto de Mando Unificado.<\/p>\n<p>En la feria de 2019 se recibieron 2.032 llamadas por diferentes motivos y hoy se refleja una reducci\u00f3n del 43 %. Actualmente se registra una disminuci\u00f3n del 20 % en ri\u00f1as y de 41 % de casos de perturbaci\u00f3n de la tranquilidad.<\/p>\n<p>\u201c<em>Llevamos una disminuci\u00f3n muy importante en todos los delitos de hasta el 60 %. En los eventos no hemos tenido problemas de orden p\u00fablico e invitamos a la ciudadan\u00eda a mantener su buen comportamiento en estas fechas<\/em>\u201d, explic\u00f3 el Secretario.<\/p>\n<p>La reducci\u00f3n de hurto a personas, entre 2019 y 2022, fue del 86 % y por lesiones personales la baja fue de 66 %.<\/p>\n<p>En un operativo de control en Itag\u00fc\u00ed, a la entrada de la ciudad, se identific\u00f3 un tractocami\u00f3n con 1.3 toneladas de marihuana, proveniente de Cauca. Seg\u00fan las autoridades, esta droga iba a ser distribuida en plazas de vicio y comercializada durante la Feria de las Flores. En total, eran 1.300 dosis, por un valor de $6.000 millones.<\/p>\n<p>Finalmente, se han identificado 72 menores en los sectores donde rige el toque de queda (Decreto 0497), entre las 7:00 p. m. y las 5:00 a. m. Con ellos se ha adelantado un proceso de restablecimiento de derechos y se han reforzado los controles con el acompa\u00f1amiento de Migraci\u00f3n Colombia.<\/p>\n<p>&nbsp;<\/p>\n<p>Informaci\u00f3n para periodistas<\/p>\n<p>Secretar\u00eda de Seguridad y Convivencia<\/p>\n<p>&nbsp;<\/p>\n","protected":false},"excerpt":{"rendered":"<p>En operativos articulados, se registraron 26 capturas en el marco del dispositivo de seguridad de la Feria de las Flores No se han presentado alteraciones del orden p\u00fablico en los eventos programados. La reducci\u00f3n de &#8230;<\/p>\n","protected":false},"author":21,"featured_media":82089,"comment_status":"open","ping_status":"open","sticky":false,"template":"","format":"standard","meta":[],"categories":[31,21],"tags":[444,428,429,619,430],"formato_nota":[],"programas_tax":[],"acf":[],"_links":{"self":[{"href":"https:\/\/www.medellin.gov.co\/es\/wp-json\/wp\/v2\/posts\/82117"}],"collection":[{"href":"https:\/\/www.medellin.gov.co\/es\/wp-json\/wp\/v2\/posts"}],"about":[{"href":"https:\/\/www.medellin.gov.co\/es\/wp-json\/wp\/v2\/types\/post"}],"author":[{"embeddable":true,"href":"https:\/\/www.medellin.gov.co\/es\/wp-json\/wp\/v2\/users\/21"}],"replies":[{"embeddable":true,"href":"https:\/\/www.medellin.gov.co\/es\/wp-json\/wp\/v2\/comments?post=82117"}],"version-history":[{"count":1,"href":"https:\/\/www.medellin.gov.co\/es\/wp-json\/wp\/v2\/posts\/82117\/revisions"}],"predecessor-version":[{"id":82118,"href":"https:\/\/www.medellin.gov.co\/es\/wp-json\/wp\/v2\/posts\/82117\/revisions\/82118"}],"wp:featuredmedia":[{"embeddable":true,"href":"https:\/\/www.medellin.gov.co\/es\/wp-json\/wp\/v2\/media\/82089"}],"wp:attachment":[{"href":"https:\/\/www.medellin.gov.co\/es\/wp-json\/wp\/v2\/media?parent=82117"}],"wp:term":[{"taxonomy":"category","embeddable":true,"href":"https:\/\/www.medellin.gov.co\/es\/wp-json\/wp\/v2\/categories?post=82117"},{"taxonomy":"post_tag","embeddable":true,"href":"https:\/\/www.medellin.gov.co\/es\/wp-json\/wp\/v2\/tags?post=82117"},{"taxonomy":"formato_nota","embeddable":true,"href":"https:\/\/www.medellin.gov.co\/es\/wp-json\/wp\/v2\/formato_nota?post=82117"},{"taxonomy":"programas_tax","embeddable":true,"href":"https:\/\/www.medellin.gov.co\/es\/wp-json\/wp\/v2\/programas_tax?post=82117"}],"curies":[{"name":"wp","href":"https:\/\/api.w.org\/{rel}","templated":true}]}}